{"id":550516,"date":"2025-11-22T04:00:20","date_gmt":"2025-11-22T04:00:20","guid":{"rendered":"https:\/\/www.europesays.com\/fr\/550516\/"},"modified":"2025-11-22T04:00:20","modified_gmt":"2025-11-22T04:00:20","slug":"jai-limpression-que-ca-a-siffle-sans-arret-contre-nous-bordeaux-la-terrible-desillusion","status":"publish","type":"post","link":"https:\/\/www.europesays.com\/fr\/550516\/","title":{"rendered":"\u00ab\u00a0J&rsquo;ai l&rsquo;impression que \u00e7a a siffl\u00e9 sans arr\u00eat contre nous\u00a0\u00bb : Bordeaux, la terrible d\u00e9sillusion"},"content":{"rendered":"<p>                    Par<br \/>\n        <strong><br \/>\n            <a href=\"https:\/\/actu.fr\/auteur\/clement-mazella\" title=\"Consulter tous les articles de Cl\u00e9ment Mazella\" target=\"_blank\" rel=\"noopener\">Cl\u00e9ment Mazella<\/a><br \/>\n                    <\/strong><\/p>\n<p>        Publi\u00e9 le<\/p>\n<p>            21 nov. 2025 \u00e0 23h21        <\/p>\n<p><a href=\"https:\/\/actu.fr\/tag\/usb-union-bordeaux-begles\" target=\"_blank\" rel=\"noopener\">Bordeaux-B\u00e8gles<\/a> n\u2019est plus invaincu \u00e0 domicile : en ouverture de la <a href=\"https:\/\/actu.fr\/rugby\/classements-resultats\" target=\"_blank\" rel=\"noopener\">10e journ\u00e9e de Top 14<\/a>, les Girondins ont c\u00e9d\u00e9 sur le plus petit des \u00e9carts (33-34) face \u00e0 une \u00e9quipe de <a href=\"https:\/\/actu.fr\/tag\/section-paloise\" target=\"_blank\" rel=\"noopener\">Pau<\/a> qui a cr\u00e2nement jou\u00e9 sa chance. <strong>La Section est provisoirement leader du Top 14<\/strong>.<\/p>\n<p>L\u2019indiscipline de Bordeaux<\/p>\n<p class=\" wall-content\">Une certaine amertume r\u00e9gnait dans les rangs bordelais. Le pilier et capitaine Jefferson Poirot a pest\u00e9 \u00e0 chaud, aupr\u00e8s de Canal+, sur <strong>l\u2019indiscipline de son \u00e9quipe<\/strong>. \u00ab\u00a0On n\u2019a pas \u00e9t\u00e9 du tout disciplin\u00e9s. J\u2019ai l\u2019impression que \u00e7a a siffl\u00e9 sans arr\u00eat contre nous. Quand on fait autant de fautes, c\u2019est compliqu\u00e9 de mettre notre jeu en place\u00a0\u00bb.\u00a0<\/p>\n<p class=\" wall-content\">Pourtant, l\u2019indiscipline n\u2019a pas \u00e9t\u00e9 si dramatique, avec <strong>9 p\u00e9nalit\u00e9s conc\u00e9d\u00e9es<\/strong>. \u00ab\u00a0Je croyais que c\u2019\u00e9tait beaucoup plus\u00a0\u00bb, soufflait Poirot. \u00ab\u00a0Mais bon, c\u2019\u00e9tait soit sur des moments de domination, soit en bonne position pour eux\u00a0\u00bb. En effet, l\u2019ouvreur Axel Desperes ne s\u2019est pas fait prier, en convertissant 5 de ses 7 tentatives de p\u00e9nalit\u00e9.<\/p>\n<p class=\" wall-content\">Mais surtout, les B\u00e9arnais, eux, ont \u00e9t\u00e9 \u00e9normes de ma\u00eetrise. Imaginez : <strong>aucune p\u00e9nalit\u00e9 conc\u00e9d\u00e9e en seconde p\u00e9riode<\/strong> (6 dans le premier acte). \u00ab\u00a0Si on a perdu, c\u2019est qu\u2019on n\u2019a probablement pas \u00e9t\u00e9 assez bons. On va repartir au boulot et rechercher les points perdus un peu partout\u00a0\u00bb, r\u00e9agissait Poirot.<\/p>\n<p>Battu dans le domaine a\u00e9rien<\/p>\n<p class=\" wall-content\">Men\u00e9 par son maestro Matthieu Jalibert, l\u2019UBB a montr\u00e9 de tr\u00e8s bonnes choses en attaque, marquant notamment 5 essais. Mais outre l\u2019indiscipline, la formation girondine a \u00e9t\u00e9 archi-domin\u00e9e dans le domaine a\u00e9rien, Arfeuil et Grandidier Nkanang r\u00e9cup\u00e9rant un nombre incalculable de ballons sous chandelle.<\/p>\n<p class=\" wall-content\">\u00ab\u00a0\u00c0 ce niveau, c\u2019est compliqu\u00e9. Et puis, on a perdu contre une belle \u00e9quipe de Pau. C\u2019est un coup dur, il faut bien analyser ce qui n\u2019a pas \u00e9t\u00e9, et on va repartir, comme toujours\u00a0\u00bb, concluait Poirot. Voici quoi qu\u2019il en soit un doublon qui co\u00fbte cher \u00e0 Bordeaux-B\u00e8gles.<\/p>\n<p class=\" wall-content\">Personnalisez votre actualit\u00e9 en ajoutant vos villes et m\u00e9dias en favori avec <a href=\"https:\/\/moncompte.actu.fr\" title=\"D\u00e9couvez Mon Actu\" rel=\"nofollow noopener\" data-trk=\"{&quot;cta&quot;:{&quot;action&quot;:&quot;https:\\\/\\\/moncompte.actu.fr&quot;,&quot;category&quot;:&quot;mon compte&quot;,&quot;from&quot;:&quot;article footer&quot;,&quot;name&quot;:&quot;Mon actu&quot;,&quot;type&quot;:&quot;cta&quot;}}\" target=\"_blank\">Mon Actu<\/a>.<\/p>\n","protected":false},"excerpt":{"rendered":"Par Cl\u00e9ment Mazella Publi\u00e9 le 21 nov. 2025 \u00e0 23h21 Bordeaux-B\u00e8gles n\u2019est plus invaincu \u00e0 domicile : en&hellip;\n","protected":false},"author":2,"featured_media":550517,"comment_status":"","ping_status":"","sticky":false,"template":"","format":"standard","meta":{"footnotes":""},"categories":[2817],"tags":[1111,11,1997,1777,674,1011,27,12,2219,25,479,60,478,4435],"class_list":{"0":"post-550516","1":"post","2":"type-post","3":"status-publish","4":"format-standard","5":"has-post-thumbnail","7":"category-bordeaux","8":"tag-actu","9":"tag-actualites","10":"tag-bordeaux","11":"tag-eu","12":"tag-europe","13":"tag-fr","14":"tag-france","15":"tag-news","16":"tag-nouvelle-aquitaine","17":"tag-republique-francaise","18":"tag-rugby","19":"tag-sports","20":"tag-top-14","21":"tag-ubb-union-bordeaux-begles"},"share_on_mastodon":{"url":"https:\/\/pubeurope.com\/@fr\/115591356320983702","error":""},"_links":{"self":[{"href":"https:\/\/www.europesays.com\/fr\/wp-json\/wp\/v2\/posts\/550516","targetHints":{"allow":["GET"]}}],"collection":[{"href":"https:\/\/www.europesays.com\/fr\/wp-json\/wp\/v2\/posts"}],"about":[{"href":"https:\/\/www.europesays.com\/fr\/wp-json\/wp\/v2\/types\/post"}],"author":[{"embeddable":true,"href":"https:\/\/www.europesays.com\/fr\/wp-json\/wp\/v2\/users\/2"}],"replies":[{"embeddable":true,"href":"https:\/\/www.europesays.com\/fr\/wp-json\/wp\/v2\/comments?post=550516"}],"version-history":[{"count":0,"href":"https:\/\/www.europesays.com\/fr\/wp-json\/wp\/v2\/posts\/550516\/revisions"}],"wp:featuredmedia":[{"embeddable":true,"href":"https:\/\/www.europesays.com\/fr\/wp-json\/wp\/v2\/media\/550517"}],"wp:attachment":[{"href":"https:\/\/www.europesays.com\/fr\/wp-json\/wp\/v2\/media?parent=550516"}],"wp:term":[{"taxonomy":"category","embeddable":true,"href":"https:\/\/www.europesays.com\/fr\/wp-json\/wp\/v2\/categories?post=550516"},{"taxonomy":"post_tag","embeddable":true,"href":"https:\/\/www.europesays.com\/fr\/wp-json\/wp\/v2\/tags?post=550516"}],"curies":[{"name":"wp","href":"https:\/\/api.w.org\/{rel}","templated":true}]}}