{"id":550518,"date":"2025-11-22T04:02:14","date_gmt":"2025-11-22T04:02:14","guid":{"rendered":"https:\/\/www.europesays.com\/fr\/550518\/"},"modified":"2025-11-22T04:02:14","modified_gmt":"2025-11-22T04:02:14","slug":"toulouse-il-se-fait-voler-son-portefeuille-au-bar-une-course-poursuite-incongrue-demarre","status":"publish","type":"post","link":"https:\/\/www.europesays.com\/fr\/550518\/","title":{"rendered":"Toulouse. Il se fait voler son portefeuille au bar : une course-poursuite incongrue d\u00e9marre"},"content":{"rendered":"<p>                    Par<br \/>\n        <strong><br \/>\n            <a href=\"https:\/\/actu.fr\/auteur\/mareva-laville-actu-fr\" title=\"Consulter tous les articles de Mar\u00e9va Laville\" rel=\"nofollow noopener\" target=\"_blank\">Mar\u00e9va Laville<\/a><br \/>\n                    <\/strong><\/p>\n<p>        Publi\u00e9 le<\/p>\n<p>            21 nov. 2025 \u00e0 18h16        <\/p>\n<p>Le butin n\u2019est parfois pas si loin de sa victime. Jeudi 20\u00a0novembre 2025 soir, un homme sort dans un<strong> bar de la<a href=\"https:\/\/actu.fr\/occitanie\/toulouse_31555\/toulouse-du-filochard-au-shanghai-voici-10-lieux-emblematiques-qu-on-ne-reverra-plus_61857555.html\" rel=\"nofollow noopener\" target=\"_blank\"> rue de la Colombette<\/a><\/strong> \u00e0 <a href=\"http:\/\/www.actu.fr\/toulouse\" rel=\"nofollow noopener\" target=\"_blank\">Toulouse<\/a>, quartier Saint-Aubin. Minuit passe et voil\u00e0 qu\u2019un autre gong que celui de Cendrillon sonne. \u00ab\u2009L\u2019homme se rend compte que son portefeuille a disparu\u2009\u00bb, raconte une source polici\u00e8re d\u2019Actu Toulouse.<\/p>\n<p class=\" wall-content\">Opposition sur sa carte bleue. R\u00e9flexe. Mais au m\u00eame moment, \u00ab\u2009il re\u00e7oit un SMS lui indiquant une tentative de paiement frauduleux dans un bar situ\u00e9 dans la m\u00eame rue\u2009\u00bb, explique notre source polici\u00e8re. La carte bancaire n\u2019est pas loin. Et courageux, son propri\u00e9taire s\u2019en va \u00e0 sa qu\u00eate.<\/p>\n<p>Les deux voleurs tentent leur chance dans le bar d\u2019\u00e0 c\u00f4t\u00e9<\/p>\n<p class=\" wall-content\">Le barman de l\u2019\u00e9tablissement voisin confirme. \u00ab\u2009Il y a bien deux gars qui ont voulu payer avec une carte bleue qui n\u2019a pas march\u00e9\u2009\u00bb, lui dit-il. \u00c0 quoi ressemblaient les voleurs\u2009? Deux <strong>jeunes hommes, \u00e2g\u00e9s de 30 et 33\u00a0ans<\/strong>. La victime retourne dans son QG et contacte la police qui se rend sur place.<\/p>\n<p class=\" wall-content\">Et si les bandits \u00e9taient tout pr\u00e8s\u2009? Le flair n\u2019a pas manqu\u00e9. Les deux voleurs sont, eux aussi, retourn\u00e9s \u00e0 l\u2019origine du d\u00e9lit, dans le premier bar. Culott\u00e9.<\/p>\n<p>Ils sont interpell\u00e9s dans le premier bar<\/p>\n<p class=\" wall-content\">\u00ab\u2009Ils sont interpell\u00e9s dans le bar, mais ils n\u2019avaient rien sur eux\u2009\u00bb, explique notre source polici\u00e8re. Tout ce que contenait<strong> le portefeuille a \u00e9t\u00e9 retrouv\u00e9 dans une poubelle<\/strong> localis\u00e9e entre les deux bars, \u00ab\u2009ce qui conforte les suspicions\u2009\u00bb, d\u00e9clare la police.<\/p>\n<p class=\" wall-content\">La tourn\u00e9e n\u2019a pas pu \u00eatre pay\u00e9e dans le second bar, \u00ab\u2009ils sont revenus au point de d\u00e9part en jetant le porte-monnaie au passage\u2009\u00bb.<\/p>\n<p>Vid\u00e9os : en ce moment sur ActuGard\u00e9s \u00e0 vue, ils sont renvoy\u00e9s devant le tribunal<\/p>\n<p class=\" wall-content\">Les deux trentenaires ont \u00e9t\u00e9 plac\u00e9s<strong> en garde \u00e0 vue<\/strong> dans la foul\u00e9e. D\u2019apr\u00e8s nos informations, ils sont tous les deux<strong> connus des services de police<\/strong> avec des ant\u00e9c\u00e9dents similaires, de vol.<\/p>\n<p class=\" wall-content\">Ils sont ressortis de leur audition avec une convocation par officier de police judiciaire pour \u00eatre pr\u00e9sent\u00e9s <strong>en audience devant le tribunal<\/strong> correctionnel de Toulouse.<\/p>\n<p>Votre r\u00e9gion, votre actu !<\/p>\n<p>Recevez chaque jour les infos qui comptent pour vous.<\/p>\n<p>\t<a href=\"https:\/\/actu.fr\/newsletter\" class=\"ac-btn ac-btn--corner ac-btn--medium ac-btn--blue800\" rel=\"nofollow noopener\" target=\"_blank\">S&rsquo;incrire<\/a><\/p>\n<p class=\" wall-content\">Personnalisez votre actualit\u00e9 en ajoutant vos villes et m\u00e9dias en favori avec <a href=\"https:\/\/moncompte.actu.fr\" title=\"D\u00e9couvez Mon Actu\" rel=\"nofollow noopener\" data-trk=\"{&quot;cta&quot;:{&quot;action&quot;:&quot;https:\\\/\\\/moncompte.actu.fr&quot;,&quot;category&quot;:&quot;mon compte&quot;,&quot;from&quot;:&quot;article footer&quot;,&quot;name&quot;:&quot;Mon actu&quot;,&quot;type&quot;:&quot;cta&quot;}}\" target=\"_blank\">Mon Actu<\/a>.<\/p>\n","protected":false},"excerpt":{"rendered":"Par Mar\u00e9va Laville Publi\u00e9 le 21 nov. 2025 \u00e0 18h16 Le butin n\u2019est parfois pas si loin de&hellip;\n","protected":false},"author":2,"featured_media":550519,"comment_status":"","ping_status":"","sticky":false,"template":"","format":"standard","meta":{"footnotes":""},"categories":[2816],"tags":[1111,11,1777,674,118,1011,27,12,2680,1072,25,2312],"class_list":{"0":"post-550518","1":"post","2":"type-post","3":"status-publish","4":"format-standard","5":"has-post-thumbnail","7":"category-toulouse","8":"tag-actu","9":"tag-actualites","10":"tag-eu","11":"tag-europe","12":"tag-faits-divers","13":"tag-fr","14":"tag-france","15":"tag-news","16":"tag-occitanie","17":"tag-police","18":"tag-republique-francaise","19":"tag-toulouse"},"share_on_mastodon":{"url":"https:\/\/pubeurope.com\/@fr\/115591364888332258","error":""},"_links":{"self":[{"href":"https:\/\/www.europesays.com\/fr\/wp-json\/wp\/v2\/posts\/550518","targetHints":{"allow":["GET"]}}],"collection":[{"href":"https:\/\/www.europesays.com\/fr\/wp-json\/wp\/v2\/posts"}],"about":[{"href":"https:\/\/www.europesays.com\/fr\/wp-json\/wp\/v2\/types\/post"}],"author":[{"embeddable":true,"href":"https:\/\/www.europesays.com\/fr\/wp-json\/wp\/v2\/users\/2"}],"replies":[{"embeddable":true,"href":"https:\/\/www.europesays.com\/fr\/wp-json\/wp\/v2\/comments?post=550518"}],"version-history":[{"count":0,"href":"https:\/\/www.europesays.com\/fr\/wp-json\/wp\/v2\/posts\/550518\/revisions"}],"wp:featuredmedia":[{"embeddable":true,"href":"https:\/\/www.europesays.com\/fr\/wp-json\/wp\/v2\/media\/550519"}],"wp:attachment":[{"href":"https:\/\/www.europesays.com\/fr\/wp-json\/wp\/v2\/media?parent=550518"}],"wp:term":[{"taxonomy":"category","embeddable":true,"href":"https:\/\/www.europesays.com\/fr\/wp-json\/wp\/v2\/categories?post=550518"},{"taxonomy":"post_tag","embeddable":true,"href":"https:\/\/www.europesays.com\/fr\/wp-json\/wp\/v2\/tags?post=550518"}],"curies":[{"name":"wp","href":"https:\/\/api.w.org\/{rel}","templated":true}]}}