{"id":550524,"date":"2025-11-22T04:05:29","date_gmt":"2025-11-22T04:05:29","guid":{"rendered":"https:\/\/www.europesays.com\/fr\/550524\/"},"modified":"2025-11-22T04:05:29","modified_gmt":"2025-11-22T04:05:29","slug":"debut-dincendie-dans-un-appartement-a-lille-un-etudiant-sauve-in-extremis-par-trois-policiers","status":"publish","type":"post","link":"https:\/\/www.europesays.com\/fr\/550524\/","title":{"rendered":"D\u00e9but d\u2019incendie dans un appartement \u00e0 Lille, un \u00e9tudiant sauv\u00e9 in extremis par trois policiers"},"content":{"rendered":"<p>\u00c0 Lille (<a target=\"_self\" href=\"https:\/\/www.lanouvellerepublique.fr\/nord\" rel=\"noopener\">Nord<\/a>), trois policiers de la BAC ont sauv\u00e9 la vie d\u2019un jeune homme de 19\u00a0ans. Peu avant 7\u00a0h du matin, jeudi 20\u00a0novembre 2025, les agents patrouillaient dans le centre-ville quand ils ont \u00e9t\u00e9 alert\u00e9s par une alarme incendie, rapporte <a target=\"_blank\" href=\"https:\/\/www.francebleu.fr\/infos\/faits-divers-justice\/a-lille-un-etudiant-sauve-de-justesse-par-des-policiers-1173048\" rel=\"noopener\">ici Nord<\/a>, relayant un post Facebook de la police.<\/p>\n<p>En se rapprochant, deux personnes leur ont signal\u00e9 une forte odeur de br\u00fbl\u00e9. \u00ab\u00a0Les policiers inspectent les lieux et, en \u00e9clairant de leurs lampes torches les fen\u00eatres des appartements, rep\u00e8rent au 1er \u00e9tage d\u2019un immeuble une lumi\u00e8re anormale et de la fum\u00e9e.\u00a0\u00bb Sans h\u00e9siter, ils sont entr\u00e9s dans l\u2019immeuble se sont dirig\u00e9s vers le logement.<\/p>\n<p>La victime inconsciente dans son lit<\/p>\n<p>Ne parvenant pas \u00e0 se faire ouvrir, ils ont d\u00e9fonc\u00e9 la porte. Malgr\u00e9 l\u2019\u00e9paisse fum\u00e9e et \u00ab\u00a0l\u2019air irrespirable\u00a0\u00bb, les policiers ont progress\u00e9 dans l\u2019appartement et ont constat\u00e9 qu\u2019une po\u00eale avait \u00e9t\u00e9 oubli\u00e9e sur une plaque \u00e9lectrique, ce qui a provoqu\u00e9 ce d\u00e9but d\u2019incendie.<\/p>\n<p>Les agents ont alors remarqu\u00e9 une personne inconsciente dans son lit. Ils l\u2019ont alors sorti de l\u2019immeuble et confi\u00e9 aux pompiers, arriv\u00e9s sur place. L\u2019\u00e9tudiant a finalement repris ses esprits, et son \u00e9tat n\u2019a pas n\u00e9cessit\u00e9 d\u2019hospitalisation, indique <a target=\"_blank\" href=\"https:\/\/actu.fr\/hauts-de-france\/lille_59350\/lille-le-sauvetage-heroique-dun-etudiant-rue-du-gand-par-trois-policiers-de-la-bac_63463356.html\" rel=\"noopener\">Lille actu<\/a>. Les trois policiers sont \u00e9galement sains et saufs.<\/p>\n","protected":false},"excerpt":{"rendered":"\u00c0 Lille (Nord), trois policiers de la BAC ont sauv\u00e9 la vie d\u2019un jeune homme de 19\u00a0ans. Peu&hellip;\n","protected":false},"author":2,"featured_media":550525,"comment_status":"","ping_status":"","sticky":false,"template":"","format":"standard","meta":{"footnotes":""},"categories":[2815],"tags":[1111,11,1674,1777,674,274,1011,27,811,1307,12,1308,25],"class_list":{"0":"post-550524","1":"post","2":"type-post","3":"status-publish","4":"format-standard","5":"has-post-thumbnail","7":"category-lille","8":"tag-actu","9":"tag-actualites","10":"tag-communes","11":"tag-eu","12":"tag-europe","13":"tag-faits-divers-justice","14":"tag-fr","15":"tag-france","16":"tag-hauts-de-france","17":"tag-lille","18":"tag-news","19":"tag-nord","20":"tag-republique-francaise"},"share_on_mastodon":{"url":"https:\/\/pubeurope.com\/@fr\/115591376074786387","error":""},"_links":{"self":[{"href":"https:\/\/www.europesays.com\/fr\/wp-json\/wp\/v2\/posts\/550524","targetHints":{"allow":["GET"]}}],"collection":[{"href":"https:\/\/www.europesays.com\/fr\/wp-json\/wp\/v2\/posts"}],"about":[{"href":"https:\/\/www.europesays.com\/fr\/wp-json\/wp\/v2\/types\/post"}],"author":[{"embeddable":true,"href":"https:\/\/www.europesays.com\/fr\/wp-json\/wp\/v2\/users\/2"}],"replies":[{"embeddable":true,"href":"https:\/\/www.europesays.com\/fr\/wp-json\/wp\/v2\/comments?post=550524"}],"version-history":[{"count":0,"href":"https:\/\/www.europesays.com\/fr\/wp-json\/wp\/v2\/posts\/550524\/revisions"}],"wp:featuredmedia":[{"embeddable":true,"href":"https:\/\/www.europesays.com\/fr\/wp-json\/wp\/v2\/media\/550525"}],"wp:attachment":[{"href":"https:\/\/www.europesays.com\/fr\/wp-json\/wp\/v2\/media?parent=550524"}],"wp:term":[{"taxonomy":"category","embeddable":true,"href":"https:\/\/www.europesays.com\/fr\/wp-json\/wp\/v2\/categories?post=550524"},{"taxonomy":"post_tag","embeddable":true,"href":"https:\/\/www.europesays.com\/fr\/wp-json\/wp\/v2\/tags?post=550524"}],"curies":[{"name":"wp","href":"https:\/\/api.w.org\/{rel}","templated":true}]}}