{"id":550529,"date":"2025-11-22T04:08:16","date_gmt":"2025-11-22T04:08:16","guid":{"rendered":"https:\/\/www.europesays.com\/fr\/550529\/"},"modified":"2025-11-22T04:08:16","modified_gmt":"2025-11-22T04:08:16","slug":"incendie-a-lyon-une-creche-evacuee-sous-la-menace-du-feu","status":"publish","type":"post","link":"https:\/\/www.europesays.com\/fr\/550529\/","title":{"rendered":"Incendie \u00e0 Lyon : une cr\u00e8che \u00e9vacu\u00e9e sous la menace du feu"},"content":{"rendered":"<p>En raison d&rsquo;un incendie dans les caves d&rsquo;un immeuble du 8e arrondissement de Lyon ce vendredi, une cr\u00e8che et dix enfants ont \u00e9t\u00e9 \u00e9vacu\u00e9s par pr\u00e9caution. Le feu a \u00e9t\u00e9 rapidement ma\u00eetris\u00e9 par les pompiers.<\/p>\n<p>Plus de peur que de mal dans <b>le 8e arrondissement de Lyon<\/b>. Ce vendredi 21 novembre, <b>un incendie<\/b> s&rsquo;est d\u00e9clar\u00e9 dans le sous-sol d&rsquo;un immeuble situ\u00e9 <b>rue Saint-Maurice<\/b>.<\/p>\n<p>Une cr\u00e8che \u00e9vacu\u00e9e, pas de bless\u00e9s<\/p>\n<p>Les flammes ont d\u00e9gag\u00e9 <b>beaucoup de fum\u00e9es<\/b>. Par mesure de s\u00e9curit\u00e9, <b>une cr\u00e8che<\/b> au rez-de-chauss\u00e9e du b\u00e2timent a \u00e9t\u00e9 \u00e9vacu\u00e9e.<\/p>\n<p>Les dix enfants pr\u00e9sents dans la cr\u00e8che n&rsquo;ont pas \u00e9t\u00e9 bless\u00e9s.<\/p>\n<p>L&rsquo;incendie a \u00e9t\u00e9 rapidement ma\u00eetris\u00e9 par les pompiers. Les autres habitants de l&rsquo;immeuble ont pu rester \u00e0 leur domicile.<\/p>\n<p>L&rsquo;origine du feu reste encore \u00e0 d\u00e9terminer.<\/p>\n<p><img loading=\"lazy\" decoding=\"async\" src=\"https:\/\/www.europesays.com\/fr\/wp-content\/uploads\/2025\/11\/1763784496_476_img\" width=\"350\" height=\"200\" border=\"0\" title=\"Le trafic sera perturb\u00c3\u00a9 sur le tramway T1 \u00c3\u00a0 Lyon\"\/><\/p>\n<p>\u25baTransport<\/p>\n<p style=\"font-size: 22px;\"><b>Travaux du futur T10 \u00e0 Lyon : une autre ligne de tramway perturb\u00e9e en soir\u00e9e<\/b><\/p>\n<p>Les travaux de la future ligne T10 vont perturber&#8230;<\/p>\n<p><\/p>\n","protected":false},"excerpt":{"rendered":"En raison d&rsquo;un incendie dans les caves d&rsquo;un immeuble du 8e arrondissement de Lyon ce vendredi, une cr\u00e8che&hellip;\n","protected":false},"author":2,"featured_media":550530,"comment_status":"","ping_status":"","sticky":false,"template":"","format":"standard","meta":{"footnotes":""},"categories":[1889],"tags":[11129,1111,11,2430,20696,1777,674,1312,14635,1011,27,1310,2428,12,25],"class_list":{"0":"post-550529","1":"post","2":"type-post","3":"status-publish","4":"format-standard","5":"has-post-thumbnail","7":"category-lyon","8":"tag-vacuation","9":"tag-actu","10":"tag-actualites","11":"tag-auvergne-rhone-alpes","12":"tag-crche","13":"tag-eu","14":"tag-europe","15":"tag-feu","16":"tag-flammes","17":"tag-fr","18":"tag-france","19":"tag-incendie","20":"tag-lyon","21":"tag-news","22":"tag-republique-francaise"},"share_on_mastodon":{"url":"https:\/\/pubeurope.com\/@fr\/115591388823147440","error":""},"_links":{"self":[{"href":"https:\/\/www.europesays.com\/fr\/wp-json\/wp\/v2\/posts\/550529","targetHints":{"allow":["GET"]}}],"collection":[{"href":"https:\/\/www.europesays.com\/fr\/wp-json\/wp\/v2\/posts"}],"about":[{"href":"https:\/\/www.europesays.com\/fr\/wp-json\/wp\/v2\/types\/post"}],"author":[{"embeddable":true,"href":"https:\/\/www.europesays.com\/fr\/wp-json\/wp\/v2\/users\/2"}],"replies":[{"embeddable":true,"href":"https:\/\/www.europesays.com\/fr\/wp-json\/wp\/v2\/comments?post=550529"}],"version-history":[{"count":0,"href":"https:\/\/www.europesays.com\/fr\/wp-json\/wp\/v2\/posts\/550529\/revisions"}],"wp:featuredmedia":[{"embeddable":true,"href":"https:\/\/www.europesays.com\/fr\/wp-json\/wp\/v2\/media\/550530"}],"wp:attachment":[{"href":"https:\/\/www.europesays.com\/fr\/wp-json\/wp\/v2\/media?parent=550529"}],"wp:term":[{"taxonomy":"category","embeddable":true,"href":"https:\/\/www.europesays.com\/fr\/wp-json\/wp\/v2\/categories?post=550529"},{"taxonomy":"post_tag","embeddable":true,"href":"https:\/\/www.europesays.com\/fr\/wp-json\/wp\/v2\/tags?post=550529"}],"curies":[{"name":"wp","href":"https:\/\/api.w.org\/{rel}","templated":true}]}}