{"id":550531,"date":"2025-11-22T04:09:15","date_gmt":"2025-11-22T04:09:15","guid":{"rendered":"https:\/\/www.europesays.com\/fr\/550531\/"},"modified":"2025-11-22T04:09:15","modified_gmt":"2025-11-22T04:09:15","slug":"un-rassemblement-organise-samedi-contre-la-dz-mafia-apres-le-meurtre-de-mehdi-kessaci","status":"publish","type":"post","link":"https:\/\/www.europesays.com\/fr\/550531\/","title":{"rendered":"un rassemblement organis\u00e9 samedi contre la DZ Mafia apr\u00e8s le meurtre de Mehdi Kessaci"},"content":{"rendered":"<p itemprop=\"description\"><strong>L\u2019\u00e9motion n\u00e9e \u00e0 Marseille apr\u00e8s l\u2019assassinat de Mehdi Kessaci, 20 ans, d\u00e9passe largement les fronti\u00e8res de la cit\u00e9 phoc\u00e9enne.<\/strong><\/p>\n<p>\u00c0 Lyon, un rassemblement citoyen est annonc\u00e9 ce samedi \u00e0 13h place de la Com\u00e9die, pour d\u00e9noncer la violence mafieuse et soutenir sa famille.<\/p>\n<p>Selon les organisateurs, Mehdi n\u2019a pas \u00e9t\u00e9 tu\u00e9 au hasard : il aurait \u00e9t\u00e9 vis\u00e9 en repr\u00e9sailles de l\u2019engagement public de son fr\u00e8re, Amine Kessaci, militant connu pour son combat contre le narcotrafic \u00e0 Marseille. Un message gla\u00e7ant qui, pour les initiateurs de la mobilisation lyonnaise, rappelle \u00ab\u00a0l\u2019emprise grandissante des r\u00e9seaux criminels dans plusieurs villes du pays\u00a0\u00bb.<\/p>\n<p>Le communiqu\u00e9 appelle \u00e0 un \u00ab\u00a0sursaut citoyen\u00a0\u00bb, estimant que la DZ Mafia prosp\u00e8re \u00ab\u00a0l\u00e0 o\u00f9 l\u2019\u00c9tat recule\u00a0\u00bb, et que des quartiers entiers, de Marseille \u00e0 Lyon, subissent la peur et la pression de groupes pr\u00eats \u00e0 \u00ab\u00a0tuer des innocents pour maintenir leur domination\u00a0\u00bb.<\/p>\n<p>Les organisateurs, qui souhaitent une initiative \u00ab\u00a0unitaire, pacifique et non partisane\u00a0\u00bb, invitent les participants \u00e0 venir v\u00eatus de blanc, en hommage \u00e0 Mehdi. Une minute de silence sera observ\u00e9e.<\/p>\n<p>Cette mobilisation se veut un signal adress\u00e9 aux pouvoirs publics, accus\u00e9s de ne pas prot\u00e9ger suffisamment les populations des quartiers les plus expos\u00e9s. \u00ab\u00a0La France ne peut plus accepter que des familles soient abandonn\u00e9es et que des jeunes meurent pour avoir refus\u00e9 la loi du silence\u00a0\u00bb, peut-on lire dans l\u2019appel.<\/p>\n<p>Lyon rejoindra ainsi les nombreuses voix qui, \u00e0 travers le pays, r\u00e9clament une r\u00e9ponse \u00e0 la hauteur de la violence mafieuse.<\/p>\n","protected":false},"excerpt":{"rendered":"L\u2019\u00e9motion n\u00e9e \u00e0 Marseille apr\u00e8s l\u2019assassinat de Mehdi Kessaci, 20 ans, d\u00e9passe largement les fronti\u00e8res de la cit\u00e9&hellip;\n","protected":false},"author":2,"featured_media":550532,"comment_status":"","ping_status":"","sticky":false,"template":"","format":"standard","meta":{"footnotes":""},"categories":[1889],"tags":[1111,11,2813,2190,2430,1109,251,1112,2811,1777,674,118,1011,27,1922,1110,1114,2428,2810,12,241,316,25,2812,517,800],"class_list":{"0":"post-550531","1":"post","2":"type-post","3":"status-publish","4":"format-standard","5":"has-post-thumbnail","7":"category-lyon","8":"tag-actu","9":"tag-actualites","10":"tag-article","11":"tag-asvel","12":"tag-auvergne-rhone-alpes","13":"tag-breves","14":"tag-culture","15":"tag-depeches","16":"tag-economique","17":"tag-eu","18":"tag-europe","19":"tag-faits-divers","20":"tag-fr","21":"tag-france","22":"tag-info","23":"tag-informations","24":"tag-infos","25":"tag-lyon","26":"tag-lyonmag","27":"tag-news","28":"tag-ol","29":"tag-politique","30":"tag-republique-francaise","31":"tag-sociale","32":"tag-sport","33":"tag-transports"},"share_on_mastodon":{"url":"https:\/\/pubeurope.com\/@fr\/115591391681421006","error":""},"_links":{"self":[{"href":"https:\/\/www.europesays.com\/fr\/wp-json\/wp\/v2\/posts\/550531","targetHints":{"allow":["GET"]}}],"collection":[{"href":"https:\/\/www.europesays.com\/fr\/wp-json\/wp\/v2\/posts"}],"about":[{"href":"https:\/\/www.europesays.com\/fr\/wp-json\/wp\/v2\/types\/post"}],"author":[{"embeddable":true,"href":"https:\/\/www.europesays.com\/fr\/wp-json\/wp\/v2\/users\/2"}],"replies":[{"embeddable":true,"href":"https:\/\/www.europesays.com\/fr\/wp-json\/wp\/v2\/comments?post=550531"}],"version-history":[{"count":0,"href":"https:\/\/www.europesays.com\/fr\/wp-json\/wp\/v2\/posts\/550531\/revisions"}],"wp:featuredmedia":[{"embeddable":true,"href":"https:\/\/www.europesays.com\/fr\/wp-json\/wp\/v2\/media\/550532"}],"wp:attachment":[{"href":"https:\/\/www.europesays.com\/fr\/wp-json\/wp\/v2\/media?parent=550531"}],"wp:term":[{"taxonomy":"category","embeddable":true,"href":"https:\/\/www.europesays.com\/fr\/wp-json\/wp\/v2\/categories?post=550531"},{"taxonomy":"post_tag","embeddable":true,"href":"https:\/\/www.europesays.com\/fr\/wp-json\/wp\/v2\/tags?post=550531"}],"curies":[{"name":"wp","href":"https:\/\/api.w.org\/{rel}","templated":true}]}}