{"id":550539,"date":"2025-11-22T04:14:16","date_gmt":"2025-11-22T04:14:16","guid":{"rendered":"https:\/\/www.europesays.com\/fr\/550539\/"},"modified":"2025-11-22T04:14:16","modified_gmt":"2025-11-22T04:14:16","slug":"dix-ans-apres-le-bataclan-le-salon-papiers-dactu-continue-de-defendre-lart-de-reflechir-dans-lindre","status":"publish","type":"post","link":"https:\/\/www.europesays.com\/fr\/550539\/","title":{"rendered":"Dix ans apr\u00e8s le Bataclan, le salon Papiers d\u2019actu continue de \u00ab\u00a0d\u00e9fendre l\u2019art de r\u00e9fl\u00e9chir\u00a0\u00bb dans l\u2019Indre"},"content":{"rendered":"<p>\u00ab\u00a0Il y a dix ans, j\u2019\u00e9tais dans cette salle, nous \u00e9changions sur les massacres qui venaient d\u2019avoir lieu \u00e0 Paris. Et, \u00e0 l\u2019unanimit\u00e9, nous avions pris la d\u00e9cision de poursuivre et le pr\u00e9fet nous a suivis, alors qu\u2019il n\u2019y \u00e9tait pas favorable au d\u00e9but.\u00a0\u00bb Nous \u00e9tions le 14\u00a0novembre 2015, c\u2019\u00e9tait la troisi\u00e8me \u00e9dition du Salon du dessin de presse et de la caricature Papiers d\u2019actu. Danielle Dupr\u00e9-S\u00e9got n\u2019\u00e9tait pas encore maire du Poin\u00e7onnet, mais d\u00e9j\u00e0 \u00e9lue. Et elle se souvient de ce jour comme si c\u2019\u00e9tait hier, ce vendredi 21\u00a0novembre 2025, \u00e0 l\u2019occasion de l\u2019ouverture du <a target=\"_self\" href=\"https:\/\/www.l... &#10;  &lt;span style=\" font-weight:=\"\" bold=\"\" font-style:=\"\" italic=\"\" margin:=\"\" padding:=\"\" font-size:=\"\" line-height:=\"\"><br \/>\n    Cet article a \u00e9t\u00e9 tronqu\u00e9. Abonnez-vous pour lire l&rsquo;article complet sur notre site.<\/p>\n<p>  <\/a><\/p>\n","protected":false},"excerpt":{"rendered":"\u00ab\u00a0Il y a dix ans, j\u2019\u00e9tais dans cette salle, nous \u00e9changions sur les massacres qui venaient d\u2019avoir lieu&hellip;\n","protected":false},"author":2,"featured_media":550540,"comment_status":"","ping_status":"","sticky":false,"template":"","format":"standard","meta":{"footnotes":""},"categories":[1888],"tags":[1392,11,13153,1777,674,1011,27,5052,63423,1393,500,12,626,25],"class_list":{"0":"post-550539","1":"post","2":"type-post","3":"status-publish","4":"format-standard","5":"has-post-thumbnail","7":"category-paris","8":"tag-a-la-une-local","9":"tag-actualites","10":"tag-bande-dessinee","11":"tag-eu","12":"tag-europe","13":"tag-fr","14":"tag-france","15":"tag-indre","16":"tag-le-poinconnet","17":"tag-loisirs","18":"tag-medias","19":"tag-news","20":"tag-paris","21":"tag-republique-francaise"},"share_on_mastodon":{"url":"https:\/\/pubeurope.com\/@fr\/115591411362109992","error":""},"_links":{"self":[{"href":"https:\/\/www.europesays.com\/fr\/wp-json\/wp\/v2\/posts\/550539","targetHints":{"allow":["GET"]}}],"collection":[{"href":"https:\/\/www.europesays.com\/fr\/wp-json\/wp\/v2\/posts"}],"about":[{"href":"https:\/\/www.europesays.com\/fr\/wp-json\/wp\/v2\/types\/post"}],"author":[{"embeddable":true,"href":"https:\/\/www.europesays.com\/fr\/wp-json\/wp\/v2\/users\/2"}],"replies":[{"embeddable":true,"href":"https:\/\/www.europesays.com\/fr\/wp-json\/wp\/v2\/comments?post=550539"}],"version-history":[{"count":0,"href":"https:\/\/www.europesays.com\/fr\/wp-json\/wp\/v2\/posts\/550539\/revisions"}],"wp:featuredmedia":[{"embeddable":true,"href":"https:\/\/www.europesays.com\/fr\/wp-json\/wp\/v2\/media\/550540"}],"wp:attachment":[{"href":"https:\/\/www.europesays.com\/fr\/wp-json\/wp\/v2\/media?parent=550539"}],"wp:term":[{"taxonomy":"category","embeddable":true,"href":"https:\/\/www.europesays.com\/fr\/wp-json\/wp\/v2\/categories?post=550539"},{"taxonomy":"post_tag","embeddable":true,"href":"https:\/\/www.europesays.com\/fr\/wp-json\/wp\/v2\/tags?post=550539"}],"curies":[{"name":"wp","href":"https:\/\/api.w.org\/{rel}","templated":true}]}}