{"id":550547,"date":"2025-11-22T04:18:14","date_gmt":"2025-11-22T04:18:14","guid":{"rendered":"https:\/\/www.europesays.com\/fr\/550547\/"},"modified":"2025-11-22T04:18:14","modified_gmt":"2025-11-22T04:18:14","slug":"les-dirigeants-du-g20-se-reunissent-en-afrique-du-sud-en-depit-de-labsence-des-usa","status":"publish","type":"post","link":"https:\/\/www.europesays.com\/fr\/550547\/","title":{"rendered":"Les dirigeants du G20 se r\u00e9unissent en Afrique du Sud en d\u00e9pit de l&rsquo;absence des USA"},"content":{"rendered":"<p>JOHANNESBURG (Reuters) -Les chefs d&rsquo;Etat et de gouvernement du G20 se r\u00e9unissent \u00e0 partir de samedi en Afrique du Sud pour un sommet auquel ne participeront pas les Etats-Unis.<\/p>\n<p>\n              Les dirigeants chercheront \u00e9galement \u00e0 parvenir \u00e0 un accord sur une d\u00e9claration conjointe pr\u00e9par\u00e9e sans les Etats-Unis, une d\u00e9cision inattendue jug\u00e9e \u00ab\u00a0honteuse\u00a0\u00bb par un haut responsable am\u00e9ricain.<\/p>\n<p>\n              Les repr\u00e9sentants du G20 sont convenus d&rsquo;un projet de d\u00e9claration en amont du sommet, organis\u00e9 les 22 et 23 novembre \u00e0 Johannesburg. <\/p>\n<p>\n              CLe projet a \u00e9t\u00e9 r\u00e9dig\u00e9 sans chercher \u00e0 obtenir le consensus des Etats-Unis, ont d\u00e9clar\u00e9 vendredi quatre sources proches du dossier.<\/p>\n<p>\n              L&rsquo;une de ces sources a confirm\u00e9 vendredi soir que le projet faisait r\u00e9f\u00e9rence au changement climatique, malgr\u00e9 les objections de l&rsquo;administration am\u00e9ricaine.<\/p>\n<p>\n              Le pr\u00e9sident am\u00e9ricain Donald Trump a justifi\u00e9 son absence par des accusations infond\u00e9es selon lesquelles l&rsquo;Afrique du Sud, dirig\u00e9e par la minorit\u00e9 blanche sous le r\u00e9gime raciste de l&rsquo;apartheid jusqu&rsquo;en 1994, maltraiterait aujourd&rsquo;hui ses citoyens blancs.<\/p>\n<p>\n              Il a \u00e9galement rejet\u00e9 le programme du pays h\u00f4te visant \u00e0 promouvoir la solidarit\u00e9 et \u00e0 aider les pays en d\u00e9veloppement \u00e0 s&rsquo;adapter aux catastrophes climatiques, \u00e0 op\u00e9rer une transition vers les \u00e9nergies propres et \u00e0 r\u00e9duire le co\u00fbt excessif de leur dette.<\/p>\n<p>\n              Le sommet du G20, le premier organis\u00e9 sur le continent africain, aura pour ordre du jour la pr\u00e9paration aux catastrophes li\u00e9es au climat, la dette durable pour les pays \u00e0 faible revenu, le financement des transitions \u00e9nerg\u00e9tiques et la question d&rsquo;une course aux min\u00e9raux critiques profitant aux pays producteurs.<\/p>\n<p>\n              Le pr\u00e9sident sud-africain Cyril Ramaphosa doit c\u00e9der la pr\u00e9sidence du G20 aux Etats-Unis \u00e0 la fin du sommet. Il a d\u00e9clar\u00e9 qu&rsquo;il la c\u00e9derait \u00ab\u00a0symboliquement \u00e0 cette chaise vide, puis (s&rsquo;adresserait) au pr\u00e9sident Trump\u00a0\u00ab\u00a0.<\/p>\n<p>\n               (version fran\u00e7aise Camille Raynaud)<\/p>\n<p>\n            par Tim Cocks<\/p>\n","protected":false},"excerpt":{"rendered":"JOHANNESBURG (Reuters) -Les chefs d&rsquo;Etat et de gouvernement du G20 se r\u00e9unissent \u00e0 partir de samedi en Afrique&hellip;\n","protected":false},"author":2,"featured_media":550548,"comment_status":"","ping_status":"","sticky":false,"template":"","format":"standard","meta":{"footnotes":""},"categories":[1589],"tags":[11,340,73,1866,12,1864,1865,1863,308],"class_list":{"0":"post-550547","1":"post","2":"type-post","3":"status-publish","4":"format-standard","5":"has-post-thumbnail","7":"category-etats-unis","8":"tag-actualites","9":"tag-bourse","10":"tag-etats-unis","11":"tag-etats-unis-damerique","12":"tag-news","13":"tag-united-states","14":"tag-united-states-of-america","15":"tag-us","16":"tag-usa"},"share_on_mastodon":{"url":"https:\/\/pubeurope.com\/@fr\/115591427179373657","error":""},"_links":{"self":[{"href":"https:\/\/www.europesays.com\/fr\/wp-json\/wp\/v2\/posts\/550547","targetHints":{"allow":["GET"]}}],"collection":[{"href":"https:\/\/www.europesays.com\/fr\/wp-json\/wp\/v2\/posts"}],"about":[{"href":"https:\/\/www.europesays.com\/fr\/wp-json\/wp\/v2\/types\/post"}],"author":[{"embeddable":true,"href":"https:\/\/www.europesays.com\/fr\/wp-json\/wp\/v2\/users\/2"}],"replies":[{"embeddable":true,"href":"https:\/\/www.europesays.com\/fr\/wp-json\/wp\/v2\/comments?post=550547"}],"version-history":[{"count":0,"href":"https:\/\/www.europesays.com\/fr\/wp-json\/wp\/v2\/posts\/550547\/revisions"}],"wp:featuredmedia":[{"embeddable":true,"href":"https:\/\/www.europesays.com\/fr\/wp-json\/wp\/v2\/media\/550548"}],"wp:attachment":[{"href":"https:\/\/www.europesays.com\/fr\/wp-json\/wp\/v2\/media?parent=550547"}],"wp:term":[{"taxonomy":"category","embeddable":true,"href":"https:\/\/www.europesays.com\/fr\/wp-json\/wp\/v2\/categories?post=550547"},{"taxonomy":"post_tag","embeddable":true,"href":"https:\/\/www.europesays.com\/fr\/wp-json\/wp\/v2\/tags?post=550547"}],"curies":[{"name":"wp","href":"https:\/\/api.w.org\/{rel}","templated":true}]}}