{"id":550549,"date":"2025-11-22T04:19:13","date_gmt":"2025-11-22T04:19:13","guid":{"rendered":"https:\/\/www.europesays.com\/fr\/550549\/"},"modified":"2025-11-22T04:19:13","modified_gmt":"2025-11-22T04:19:13","slug":"londres-rallonge-drastiquement-les-delais-dinstallation-pour-les-migrants-arrives-pendant-la-boriswave","status":"publish","type":"post","link":"https:\/\/www.europesays.com\/fr\/550549\/","title":{"rendered":"Londres rallonge drastiquement les d\u00e9lais d\u2019installation pour les migrants arriv\u00e9s pendant la \u201cBoriswave\u201d"},"content":{"rendered":"<p>Le gouvernement britannique a d\u00e9voil\u00e9 un bouleversement majeur de sa politique migratoire. Derri\u00e8re la technicit\u00e9 des annonces, un objectif clair : reprendre la main apr\u00e8s la gigantesque vague migratoire enregistr\u00e9e durant les ann\u00e9es Boris Johnson, un ph\u00e9nom\u00e8ne d\u00e9sormais d\u00e9sign\u00e9 sous le terme de\u00a0<strong>\u201cBoriswave\u201d<\/strong>.<\/p>\n<p><a href=\"https:\/\/www.breizh-info.com\/2025\/11\/18\/253774\/si-nous-ne-retablissons-pas-le-controle-des-frontieres-des-forces-plus-sombres-emergeront-au-royaume-uni-le-labour-fracture-par-la-reforme-mahmood-sur-lasile\/\" target=\"_blank\" rel=\"noopener\">La ministre de l\u2019Int\u00e9rieur,\u00a0<strong>Shabana Mahmood<\/strong><\/a>, a confirm\u00e9 que les nouvelles r\u00e8gles \u2014 baptis\u00e9es\u00a0<strong>Earned Settlement Rules<\/strong>\u00a0\u2014 s\u2019appliqueront aux nouveaux arrivants\u2026 mais aussi\u00a0<strong>r\u00e9troactivement<\/strong>\u00a0aux migrants entr\u00e9s au Royaume-Uni depuis 2021, au plus fort de l\u2019explosion migratoire.<\/p>\n<p><strong>Jusqu\u2019\u00e0 30 ans d\u2019attente pour le \u201csettled status\u201d<\/strong><\/p>\n<p>La refonte introduit des d\u00e9lais totalement in\u00e9dits pour obtenir le\u00a0<strong>settled status<\/strong>, premi\u00e8re marche vers la citoyennet\u00e9 britannique.<\/p>\n<p>Selon le nouveau bar\u00e8me :<\/p>\n<ul>\n<li>certains migrants devront patienter\u00a0<strong>jusqu\u2019\u00e0 30 ans<\/strong>,<\/li>\n<li>d\u2019autres pourraient l\u2019obtenir\u00a0<strong>en trois ans seulement<\/strong>, s\u2019ils r\u00e9pondent aux crit\u00e8res de \u201ccontribution\u201d d\u00e9finis par le gouvernement.<\/li>\n<\/ul>\n<p>Cette architecture \u00e0 deux vitesses s\u2019appuie sur un principe :\u00a0<strong>r\u00e9compenser ce que Londres consid\u00e8re comme des profils \u201cd\u00e9sirables\u201d<\/strong>, et rallonger le parcours pour les autres.<\/p>\n<p>Parmi les crit\u00e8res permettant d\u2019acc\u00e9l\u00e9rer la proc\u00e9dure :<\/p>\n<p>\u2013 un revenu annuel sup\u00e9rieur \u00e0\u00a0<strong>125 000 \u00a3<\/strong>\u00a0pendant trois ans (r\u00e9duction de sept ans),<br \/>\u2013 \u00eatre conjoint d\u2019un citoyen britannique (-5 ans),<br \/>\u2013 parler un anglais excellent,<br \/>\u2013 disposer d\u2019un casier judiciaire vierge,<br \/>\u2013 n\u2019avoir aucune dette envers l\u2019\u00c9tat.<\/p>\n<p>\u00c0 l\u2019inverse, plusieurs facteurs p\u00e9nalisent fortement :<\/p>\n<ul>\n<li>avoir touch\u00e9 des aides sociales (+5 ans),<\/li>\n<li>en d\u00e9pendre plus de douze mois (+10 ans),<\/li>\n<li>\u00eatre entr\u00e9 par une voie ill\u00e9gale (+10 ans).<\/li>\n<\/ul>\n<p>Un migrant arriv\u00e9 ill\u00e9galement et ayant b\u00e9n\u00e9fici\u00e9 de prestations sociales pourrait donc \u00eatre\u00a0<strong>bloqu\u00e9 30 ans<\/strong>\u00a0avant d\u2019obtenir un statut permanent.<\/p>\n<p>Le gouvernement annonce par ailleurs que\u00a0<strong>seuls les citoyens britanniques<\/strong>, et non plus les d\u00e9tenteurs du settled status, auront acc\u00e8s \u00e0 la totalit\u00e9 des prestations sociales.<\/p>\n<p>Ces mesures r\u00e9pondent clairement \u00e0 la mont\u00e9e en puissance de\u00a0<strong>Reform UK<\/strong>, le parti de Nigel Farage, qui promettait de d\u00e9porter une partie des migrants arriv\u00e9s l\u00e9galement sous les gouvernements pr\u00e9c\u00e9dents.<br \/>La prolongation des d\u00e9lais d\u2019installation offre d\u00e9sormais un\u00a0<strong>temps politique suppl\u00e9mentaire<\/strong>\u00a0aux futurs gouvernements pour examiner \u2014 voire remettre en question \u2014 le maintien sur le sol britannique de centaines de milliers de personnes.<\/p>\n<p>Selon la ministre Mahmood, la r\u00e9forme vise explicitement les\u00a0<strong>travailleurs peu qualifi\u00e9s<\/strong>\u00a0arriv\u00e9s avec leurs familles via les visas des secteurs de la sant\u00e9 et du care, dont une partie ne serait \u201cjamais amen\u00e9e \u00e0 contribuer positivement\u201d \u00e0 l\u2019\u00e9conomie britannique.<\/p>\n<p><strong>Le r\u00f4le de Boris Johnson dans la crise migratoire remis en cause<\/strong><\/p>\n<p>La question de la \u201cBoriswave\u201d occupe le centre du d\u00e9bat public depuis que l\u2019on sait que\u00a0<strong>4,3 millions de migrants<\/strong>\u00a0sont arriv\u00e9s entre janvier 2021 et juin 2024, avec des pics atteignant\u00a0<strong>un million d\u2019entr\u00e9es tous les dix mois<\/strong>.<\/p>\n<p>Interrog\u00e9 r\u00e9cemment, Boris Johnson a assur\u00e9 \u00eatre \u201cinjustement accus\u00e9\u201d, affirmant que la d\u00e9ferlante migratoire n\u2019\u00e9tait pas une erreur politique\u2026 mais une forme de\u00a0<strong>\u201cquantitative easing humain\u201d<\/strong>.<br \/>Selon lui, le Tr\u00e9sor l\u2019aurait encourag\u00e9 \u00e0 ouvrir les vannes migratoires pour\u00a0<strong>faire baisser l\u2019inflation<\/strong>\u00a0en injectant massivement de la main-d\u2019\u0153uvre dans l\u2019\u00e9conomie.<\/p>\n<p>Plus troublant encore, l\u2019ancien Premier ministre admet que son gouvernement ne connaissait m\u00eame pas, en temps r\u00e9el, le nombre exact d\u2019arriv\u00e9es : \u201cNous ne voyions pas les chiffres. Nous volions \u00e0 l\u2019aveugle.\u201d<\/p>\n<p>Ces d\u00e9clarations s\u00e8ment le trouble : l\u2019id\u00e9e que le contr\u00f4le des fronti\u00e8res britanniques aurait \u00e9t\u00e9 sacrifi\u00e9 au profit d\u2019un objectif macro-\u00e9conomique, sans mandat d\u00e9mocratique, alimente aujourd\u2019hui la col\u00e8re d\u2019une partie de l\u2019opinion publique.<\/p>\n<p>Le Centre for Migration Control parle m\u00eame d\u2019un acte de\u00a0<strong>\u201cvandalisme \u00e9conomique et social\u201d<\/strong>, estimant que les \u00e9lecteurs conservateurs de 2019 ont \u00e9t\u00e9 trahis.<\/p>\n<p><strong>Nigel Farage : \u201cLa plus grande trahison du vote Brexit\u201d<\/strong><\/p>\n<p>Pour Nigel Farage, la Boriswave repr\u00e9sente la plus vaste rupture de confiance entre dirigeants et citoyens depuis plusieurs g\u00e9n\u00e9rations.<\/p>\n<p>Il rappelle que, depuis 2010, les gouvernements successifs avaient promis de r\u00e9duire l\u2019immigration nette \u00e0 \u201cquelques dizaines de milliers\u201d.<\/p>\n<p>Dans les faits, le Royaume-Uni a enregistr\u00e9\u00a0<strong>les pires chiffres de son histoire<\/strong>.<\/p>\n<p>Farage avertit : \u201cAu moins la moiti\u00e9 de ceux qui viennent ne travailleront jamais et vivront aux frais de l\u2019\u00c9tat britannique. Cela appauvrit le pays.\u201d<\/p>\n<p>Les nouvelles r\u00e8gles de Shabana Mahmood comportent des zones d\u2019ombre, notamment en raison des nombreuses exceptions pr\u00e9vues.<\/p>\n<p>Mais elles marquent un tournant :<\/p>\n<p>\u2013 la fin du mod\u00e8le migratoire impuls\u00e9 par les conservateurs,<br \/>\u2013 un retour au principe de\u00a0<strong>m\u00e9rite<\/strong>\u00a0et de\u00a0<strong>s\u00e9lection \u00e9conomique<\/strong>,<br \/>\u2013 et surtout la possibilit\u00e9 de rouvrir le dossier explosif de la Boriswave dans les ann\u00e9es \u00e0 venir.<\/p>\n<p>Pour la premi\u00e8re fois depuis longtemps, Londres reconna\u00eet publiquement que l\u2019immigration massive des ann\u00e9es 2020 a \u00e9t\u00e9\u00a0<strong>une erreur syst\u00e9mique<\/strong>, et qu\u2019elle doit \u00eatre corrig\u00e9e. Les responsables de ce fiasco eux, ne sont pas pr\u00eats d\u2019\u00eatre inqui\u00e9t\u00e9s judiciairement pour atteinte \u00e0 leur propre peuple\u2026<\/p>\n<p>Illustration : DR<br \/>[cc] Article relu et corrig\u00e9 (orthographe, syntaxe) par ChatGPT.<\/p>\n<p>Breizh-info.com, 2025, d\u00e9p\u00eaches libres de copie et de diffusion sous r\u00e9serve de mention et de lien vers la source d\u2019origine<\/p>\n","protected":false},"excerpt":{"rendered":"Le gouvernement britannique a d\u00e9voil\u00e9 un bouleversement majeur de sa politique migratoire. Derri\u00e8re la technicit\u00e9 des annonces, un&hellip;\n","protected":false},"author":2,"featured_media":550550,"comment_status":"","ping_status":"","sticky":false,"template":"","format":"standard","meta":{"footnotes":""},"categories":[1588],"tags":[11,5356,66805,1777,674,1061,66806,6059,12,10669,66807,18053,473,1853,66808,24523,1851,1850,1852],"class_list":{"0":"post-550549","1":"post","2":"type-post","3":"status-publish","4":"format-standard","5":"has-post-thumbnail","7":"category-royaume-uni","8":"tag-actualites","9":"tag-boris-johnson","10":"tag-boriswave","11":"tag-eu","12":"tag-europe","13":"tag-immigration","14":"tag-immigration-massive","15":"tag-migration","16":"tag-news","17":"tag-nigel-farage","18":"tag-politique-migratoire-britannique","19":"tag-reform-uk","20":"tag-royaume-uni","21":"tag-royaume-uni-de-grande-bretagne-et-dirlande-du-nord","22":"tag-settled-status","23":"tag-shabana-mahmood","24":"tag-uk","25":"tag-united-kingdom","26":"tag-united-kingdom-of-great-britain-and-northern-ireland"},"share_on_mastodon":{"url":"https:\/\/pubeurope.com\/@fr\/115591431039556811","error":""},"_links":{"self":[{"href":"https:\/\/www.europesays.com\/fr\/wp-json\/wp\/v2\/posts\/550549","targetHints":{"allow":["GET"]}}],"collection":[{"href":"https:\/\/www.europesays.com\/fr\/wp-json\/wp\/v2\/posts"}],"about":[{"href":"https:\/\/www.europesays.com\/fr\/wp-json\/wp\/v2\/types\/post"}],"author":[{"embeddable":true,"href":"https:\/\/www.europesays.com\/fr\/wp-json\/wp\/v2\/users\/2"}],"replies":[{"embeddable":true,"href":"https:\/\/www.europesays.com\/fr\/wp-json\/wp\/v2\/comments?post=550549"}],"version-history":[{"count":0,"href":"https:\/\/www.europesays.com\/fr\/wp-json\/wp\/v2\/posts\/550549\/revisions"}],"wp:featuredmedia":[{"embeddable":true,"href":"https:\/\/www.europesays.com\/fr\/wp-json\/wp\/v2\/media\/550550"}],"wp:attachment":[{"href":"https:\/\/www.europesays.com\/fr\/wp-json\/wp\/v2\/media?parent=550549"}],"wp:term":[{"taxonomy":"category","embeddable":true,"href":"https:\/\/www.europesays.com\/fr\/wp-json\/wp\/v2\/categories?post=550549"},{"taxonomy":"post_tag","embeddable":true,"href":"https:\/\/www.europesays.com\/fr\/wp-json\/wp\/v2\/tags?post=550549"}],"curies":[{"name":"wp","href":"https:\/\/api.w.org\/{rel}","templated":true}]}}