{"id":550551,"date":"2025-11-22T04:20:21","date_gmt":"2025-11-22T04:20:21","guid":{"rendered":"https:\/\/www.europesays.com\/fr\/550551\/"},"modified":"2025-11-22T04:20:21","modified_gmt":"2025-11-22T04:20:21","slug":"une-enfant-meurt-apres-avoir-ete-renversee-par-un-bus","status":"publish","type":"post","link":"https:\/\/www.europesays.com\/fr\/550551\/","title":{"rendered":"une enfant meurt apr\u00e8s avoir \u00e9t\u00e9 renvers\u00e9e par un bus"},"content":{"rendered":"<p>                    Par<br \/>\n        <strong><br \/>\n            <a href=\"https:\/\/actu.fr\/auteur\/thomas-blanc\" title=\"Consulter tous les articles de Thomas Blanc\" rel=\"nofollow noopener\" target=\"_blank\">Thomas Blanc<\/a><br \/>\n                    <\/strong><\/p>\n<p>        Publi\u00e9 le<\/p>\n<p>            21 nov. 2025 \u00e0 16h39        <\/p>\n<p>Ce vendredi 21\u00a0novembre, en d\u00e9but d\u2019apr\u00e8s-midi, un tragique <a href=\"https:\/\/actu.fr\/tag\/accident\" rel=\"nofollow noopener\" target=\"_blank\">accident<\/a> <strong>co\u00fbtant la vie<\/strong> \u00e0 une jeune fille est survenu \u00e0 Ottersweier, en <a href=\"https:\/\/actu.fr\/tag\/allemagne\" rel=\"nofollow noopener\" target=\"_blank\">Allemagne<\/a>, a fait savoir la <a href=\"https:\/\/actu.fr\/tag\/police\" rel=\"nofollow noopener\" target=\"_blank\">police<\/a> d\u2019Offenbourg.<\/p>\n<p>    <a href=\"https:\/\/www.google.com\/maps\/embed?pb=!1m18!1m12!1m3!1d168513.34635375574!2d7.96659432455105!3d48.70512029889567!2m3!1f0!2f0!3f0!3m2!1i1024!2i768!4f13.1!3m3!1m2!1s0x4796d8b44522cbfd%3A0x2d879b5e7a58d4eb!2sOttersweier%2C%20Allemagne!5e0!3m2!1sfr!2sfr!4v1763736115784!5m2!1sfr!2sfr\" title=\"Ouvrie le lien\" rel=\"nofollow noopener\" target=\"_blank\">Cliquez ici pour visualiser le contenu<\/a><\/p>\n<p>Une fillette \u00e9cras\u00e9e par un bus alors qu\u2019elle se rendait \u00e0 l\u2019\u00e9cole<\/p>\n<p class=\" wall-content\">Selon les premi\u00e8res constatations, la fillette a \u00e9t\u00e9 <strong>percut\u00e9e et \u00e9cras\u00e9e<\/strong> par un bus \u00e0 un rond-point vers 13h15 alors qu\u2019elle rentrait de l\u2019\u00e9cole \u00e0 pied. \u00ab<strong>\u2009Les secours sont arriv\u00e9s trop tard<\/strong>\u2009\u00bb, constatent les policiers dans leur communiqu\u00e9 publi\u00e9 \u00e0 15h20.<\/p>\n<p class=\" wall-content\">\n<p class=\" wall-content\">Le p\u00e9rim\u00e8tre autour du lieu de l\u2019accident est toujours boucl\u00e9, font savoir les forces de l\u2019ordre allemandes. Un expert sera d\u00e9p\u00each\u00e9 sur les lieux afin d\u2019\u00e9tablir un rapport sur <strong>le d\u00e9roulement des faits<\/strong>, en concertation avec le parquet de Baden-Baden.<\/p>\n<p class=\" wall-content\">Personnalisez votre actualit\u00e9 en ajoutant vos villes et m\u00e9dias en favori avec <a href=\"https:\/\/moncompte.actu.fr\" title=\"D\u00e9couvez Mon Actu\" rel=\"nofollow noopener\" data-trk=\"{&quot;cta&quot;:{&quot;action&quot;:&quot;https:\\\/\\\/moncompte.actu.fr&quot;,&quot;category&quot;:&quot;mon compte&quot;,&quot;from&quot;:&quot;article footer&quot;,&quot;name&quot;:&quot;Mon actu&quot;,&quot;type&quot;:&quot;cta&quot;}}\" target=\"_blank\">Mon Actu<\/a>.<\/p>\n","protected":false},"excerpt":{"rendered":"Par Thomas Blanc Publi\u00e9 le 21 nov. 2025 \u00e0 16h39 Ce vendredi 21\u00a0novembre, en d\u00e9but d\u2019apr\u00e8s-midi, un tragique&hellip;\n","protected":false},"author":2,"featured_media":550552,"comment_status":"","ping_status":"","sticky":false,"template":"","format":"standard","meta":{"footnotes":""},"categories":[1587],"tags":[119,11,672,1804,1805,1803,1777,674,118,1801,12,1072,1802],"class_list":{"0":"post-550551","1":"post","2":"type-post","3":"status-publish","4":"format-standard","5":"has-post-thumbnail","7":"category-allemagne","8":"tag-accident","9":"tag-actualites","10":"tag-allemagne","11":"tag-bundesrepublik-deutschland","12":"tag-de","13":"tag-deutschland","14":"tag-eu","15":"tag-europe","16":"tag-faits-divers","17":"tag-germany","18":"tag-news","19":"tag-police","20":"tag-republique-federale-dallemagne"},"share_on_mastodon":{"url":"https:\/\/pubeurope.com\/@fr\/115591435091706289","error":""},"_links":{"self":[{"href":"https:\/\/www.europesays.com\/fr\/wp-json\/wp\/v2\/posts\/550551","targetHints":{"allow":["GET"]}}],"collection":[{"href":"https:\/\/www.europesays.com\/fr\/wp-json\/wp\/v2\/posts"}],"about":[{"href":"https:\/\/www.europesays.com\/fr\/wp-json\/wp\/v2\/types\/post"}],"author":[{"embeddable":true,"href":"https:\/\/www.europesays.com\/fr\/wp-json\/wp\/v2\/users\/2"}],"replies":[{"embeddable":true,"href":"https:\/\/www.europesays.com\/fr\/wp-json\/wp\/v2\/comments?post=550551"}],"version-history":[{"count":0,"href":"https:\/\/www.europesays.com\/fr\/wp-json\/wp\/v2\/posts\/550551\/revisions"}],"wp:featuredmedia":[{"embeddable":true,"href":"https:\/\/www.europesays.com\/fr\/wp-json\/wp\/v2\/media\/550552"}],"wp:attachment":[{"href":"https:\/\/www.europesays.com\/fr\/wp-json\/wp\/v2\/media?parent=550551"}],"wp:term":[{"taxonomy":"category","embeddable":true,"href":"https:\/\/www.europesays.com\/fr\/wp-json\/wp\/v2\/categories?post=550551"},{"taxonomy":"post_tag","embeddable":true,"href":"https:\/\/www.europesays.com\/fr\/wp-json\/wp\/v2\/tags?post=550551"}],"curies":[{"name":"wp","href":"https:\/\/api.w.org\/{rel}","templated":true}]}}