{"id":550553,"date":"2025-11-22T04:21:24","date_gmt":"2025-11-22T04:21:24","guid":{"rendered":"https:\/\/www.europesays.com\/fr\/550553\/"},"modified":"2025-11-22T04:21:24","modified_gmt":"2025-11-22T04:21:24","slug":"lukraine-et-leurope-sceptiques-devant-le-plan-americain-repousse-par-zelensky","status":"publish","type":"post","link":"https:\/\/www.europesays.com\/fr\/550553\/","title":{"rendered":"l\u2019Ukraine et l\u2019Europe sceptiques devant le plan am\u00e9ricain, repouss\u00e9 par Zelensky"},"content":{"rendered":"<p>      <img fetchpriority=\"high\" decoding=\"async\" class=\"mx-auto\" src=\"data:image\/svg+xml,%3Csvg%20xmlns%3D%27http%3A%2F%2Fwww.w3.org%2F2000%2Fsvg%27%20fill%3D%22%23e4e4e4%22%20viewBox%3D%270%200%20510%20340%27%20width%3D%22510%22%20height%3D%22340%22%3E%3Cpath%20d%3D%27M0%200h510v340H0z%27%2F%3E%3C%2Fsvg%3E\"  loading=\"eager\" width=\"510\" height=\"340\" data-oncrawl-image-size=\"510x340\" alt=\"Volodymyr Zelensky \u00e0 Paris, le 17\u00a0novembre 2025.\"\/>      <\/p>\n<p class=\"latino-100m text-grey-600\">\n            Volodymyr Zelensky \u00e0 Paris, le 17\u00a0novembre 2025.\u00a0UKRAINE PRESIDENCY\/UKRAINIAN PRE\/ZUMA\/SIPA         <\/p>\n<p>        Lire\u00a0plus\u00a0tard      <\/p>\n<p><a aria-label=\"Nous suivre sur Google News\" href=\"https:\/\/news.google.com\/publications\/CAAqBwgKMJe4nQkw3dFs?hl=fr&amp;gl=FR&amp;ceid=FR%3Afr\" target=\"_blank\" data-piano=\"Page_Article,Sous_date_publi,Nous_suivre_sur_google_news,1er_clic,action\" class=\"btn btn--small btn--tertiary btn--icon-only\" rel=\"noopener\"><\/p>\n<p>      Google Actualit\u00e9s<br \/>\n  <\/a><\/p>\n<p>  Partager<\/p>\n<p>        Facebook<\/p>\n<p>        Bluesky<\/p>\n<p>        E-mail<\/p>\n<p>        Copier le lien<\/p>\n<p>      Envoyer<\/p>\n<p>      S\u2019abonner    <\/p>\n<p class=\"node__paragraphe antonia-750r text-grey-800 pb-24 pb-md-32\">\nL\u2019Ukraine et l\u2019Europe sont face \u00e0 un \u00e9pineux dilemme, depuis l\u2019annonce <a href=\"https:\/\/www.nouvelobs.com\/monde\/20251121.OBS109972\/guerre-en-ukraine-un-plan-de-paix-de-trump-qui-prevoit-de-nombreuses-concessions-a-la-russie.html\" target=\"_blank\" rel=\"noopener\">d\u2019une proposition am\u00e9ricaine<\/a> pour mettre fin \u00e0 la guerre d\u00e9clench\u00e9e par la Russie en\u00a02022. Si Washington juge ce plan \u00ab\u00a0bon\u00a0\u00bb pour les deux parties, il semble tr\u00e8s favorable \u00e0 Moscou\u00a0: parmi les 28 points soutenus par Donald Trump et r\u00e9v\u00e9l\u00e9s par plusieurs m\u00e9dias, il est notamment demand\u00e9 que Kiev c\u00e8de des territoires occup\u00e9s \u00e0 la Russie, renonce \u00e0 int\u00e9grer l\u2019Otan, r\u00e9duise ses forces arm\u00e9es et organise des \u00e9lections dans la foul\u00e9e. Faisant part d\u2019inqui\u00e9tudes partag\u00e9es par d\u2019autres leaders europ\u00e9ens, le pr\u00e9sident ukrainien Volodymyr Zelensky l\u2019a repouss\u00e9, promettant de proposer des \u00ab\u00a0alternatives\u00a0\u00bb. \u00ab\u00a0Le Nouvel Obs\u00a0\u00bb fait le point.<\/p>\n<p>\u2022 Zelensky repousse le plan, malgr\u00e9 la crainte de perte du soutien am\u00e9ricain<\/p>\n<p class=\"node__paragraphe antonia-750r text-grey-800 pb-24 pb-md-32\">\nVolodymyr Zelensky a repouss\u00e9 ce vendredi le plan am\u00e9ricain, expliquant dans une vid\u00e9o \u00e0 la nation que ces propositions augurent \u00ab\u00a0une vie sans libert\u00e9, sans dignit\u00e9, sans justice.\u00a0\u00bb<\/p>\n<p class=\"node__paragraphe antonia-750r text-grey-800 pb-24 pb-md-32\">\n\u00ab\u00a0Nous traversons l\u2019un des moments les plus difficiles de notre histoire\u00a0\u00bb, a-t-il reconnu, ne cachant pas son inqui\u00e9tude face aux cons\u00e9quences d\u2019un refus de ce plan. \u00ab\u00a0L\u2019Ukraine pourrait \u00eatre confront\u00e9e \u00e0 un choix tr\u00e8s difficile\u00a0: la perte de dignit\u00e9 ou le risque de perdre un partenaire cl\u00e9\u00a0\u00bb, les Etats-Unis.<\/p>\n<p class=\"latino-500b text-grey-600 pb-16\">A lire aussi<\/p>\n<p><a href=\"https:\/\/www.nouvelobs.com\/monde\/20251114.OBS109767\/la-guerre-en-2026-vue-de-russie-essaims-de-drones-robotisation-fin-des-chars-quatre-lecons-de-deux-strateges-du-kremlin.html\" data-article-key=\"20251114.OBS109767\" class=\"link--box flex-grow-1\" data-piano=\"Page_Article,Lire_aussi,,Lien1,navigation\" target=\"_blank\" rel=\"noopener\"><\/p>\n<p>                <img decoding=\"async\" src=\"data:image\/svg+xml,%3Csvg%20xmlns%3D%27http%3A%2F%2Fwww.w3.org%2F2000%2Fsvg%27%20fill%3D%22%23e4e4e4%22%20viewBox%3D%270%200%20120%2080%27%20width%3D%22120%22%20height%3D%2280%22%3E%3Cpath%20d%3D%27M0%200h120v80H0z%27%2F%3E%3C%2Fsvg%3E\"  width=\"120\" height=\"80\" loading=\"lazy\" alt=\"Des soldats ukrainiens lors d\u2019un exercice de simulation d\u2019une attaque de drone, dans l\u2019est de l\u2019Ukraine, le 11\u00a0octobre 2025.\"\/><\/p>\n<p class=\"latino-300r latino-lg-600m text-grey-800\">\n                      <strong class=\"latino-300b latino-lg-600m text-grey-500\">D\u00e9cryptage\u00a0<\/strong><br \/>\n                    La guerre en 2026\u00a0vue de Russie\u00a0: essaims de drones, robotisation, fin des chars\u2026 Quatre\u00a0le\u00e7ons de deux strat\u00e8ges du Kremlin        <\/p>\n<p><\/a><\/p>\n<p class=\"node__paragraphe antonia-750r text-grey-800 pb-24 pb-md-32\">\nPlus t\u00f4t, le n\u00e9gociateur ukrainien Roustem Oumerov, secr\u00e9taire du Conseil de la s\u00e9curit\u00e9 nationale ukrainien, avait martel\u00e9 qu\u2019il ne peut y avoir de \u00ab\u00a0d\u00e9cisions en dehors du cadre de notre souverainet\u00e9, de la s\u00e9curit\u00e9 de notre peuple ou de nos lignes rouges\u00a0\u00bb.<\/p>\n<p>\u2022 Les Europ\u00e9ens inquiets pour la souverainet\u00e9 territoriale de l\u2019Ukraine<\/p>\n<p class=\"node__paragraphe antonia-750r text-grey-800 pb-24 pb-md-32\">\nApr\u00e8s avoir re\u00e7u ce plan, Volodymyr Zelensky s\u2019est concert\u00e9 d\u2019urgence vendredi avec les dirigeants fran\u00e7ais, allemand et britannique. Friedrich Merz, Emmanuel Macron et Keir Starmer ont salu\u00e9 les \u00ab\u00a0efforts am\u00e9ricains\u00a0\u00bb, selon un communiqu\u00e9 de la chancellerie allemande, et ont, avec le pr\u00e9sident ukrainien, \u00ab\u00a0accueilli favorablement l\u2019engagement pour la souverainet\u00e9 de l\u2019Ukraine et la volont\u00e9 de lui accorder des garanties de s\u00e9curit\u00e9 solides\u00a0\u00bb.<\/p>\n<p class=\"node__paragraphe antonia-750r text-grey-800 pb-24 pb-md-32\">\nMais les trois dirigeants ont appel\u00e9 \u00e0 trouver une solution au conflit en Ukraine impliquant \u00ab\u00a0pleinement\u00a0\u00bb Kiev, et assur\u00e9 que toute d\u00e9cision n\u00e9cessitait le \u00ab\u00a0soutien conjoint et le consensus\u00a0\u00bb des Europ\u00e9ens et de l\u2019Otan, a indiqu\u00e9 l\u2019Elys\u00e9e dans un communiqu\u00e9. Les Europ\u00e9ens souhaitent que \u00ab\u00a0les forces arm\u00e9es ukrainiennes soient capables de d\u00e9fendre efficacement la souverainet\u00e9 de l\u2019Ukraine\u00a0\u00bb, l\u00e0 o\u00f9 le plan am\u00e9ricain pr\u00e9voit de brider l\u2019arm\u00e9e ukrainienne, a pr\u00e9cis\u00e9 la chancellerie allemande. Ils se sont aussi engag\u00e9s \u00e0 \u00ab\u00a0poursuivre l\u2019objectif de pr\u00e9server \u00e0 long terme les int\u00e9r\u00eats vitaux europ\u00e9ens et ukrainiens\u00a0\u00bb.<\/p>\n<p class=\"node__paragraphe antonia-750r text-grey-800 pb-24 pb-md-32\">\n\u00ab\u00a0Rien ne doit \u00eatre d\u00e9cid\u00e9 sur l\u2019Ukraine sans l\u2019Ukraine\u00a0\u00bb, a martel\u00e9 de son c\u00f4t\u00e9 la pr\u00e9sidente de la Commission europ\u00e9enne Ursula von der Leyen apr\u00e8s un appel avec Volodymyr Zelensky.<\/p>\n<p class=\"latino-500b text-grey-600 pb-16\">A lire aussi<\/p>\n<p><a href=\"https:\/\/www.nouvelobs.com\/monde\/20251108.OBS109568\/ukraine-le-train-de-l-amour-ne-roulera-plus-jusqu-a-kramatorsk.html\" data-article-key=\"20251108.OBS109568\" class=\"link--box flex-grow-1\" data-piano=\"Page_Article,Lire_aussi,,Lien2,navigation\" target=\"_blank\" rel=\"noopener\"><\/p>\n<p>                <img decoding=\"async\" src=\"data:image\/svg+xml,%3Csvg%20xmlns%3D%27http%3A%2F%2Fwww.w3.org%2F2000%2Fsvg%27%20fill%3D%22%23e4e4e4%22%20viewBox%3D%270%200%20120%2080%27%20width%3D%22120%22%20height%3D%2280%22%3E%3Cpath%20d%3D%27M0%200h120v80H0z%27%2F%3E%3C%2Fsvg%3E\"  width=\"120\" height=\"79\" loading=\"lazy\" alt=\"A la gare de Kramatorks, Platon retrouve sa fianc\u00e9e, le 1\u1d49\u02b3 f\u00e9vrier 2025.\"\/><\/p>\n<p class=\"latino-300r latino-lg-600m text-grey-800\">\n                    Ukraine\u00a0: le \u00ab\u00a0train de l\u2019amour\u00a0\u00bb ne roulera plus jusqu\u2019\u00e0 Kramatorsk        <\/p>\n<p><\/a><\/p>\n<p class=\"node__paragraphe antonia-750r text-grey-800 pb-24 pb-md-32\">\nLe secr\u00e9taire g\u00e9n\u00e9ral de l\u2019ONU, Antonio Guterres, a \u00e9galement pr\u00e9venu que toute \u00ab\u00a0solution de paix\u00a0\u00bb pour l\u2019Ukraine devrait respecter son \u00ab\u00a0int\u00e9grit\u00e9 territoriale\u00a0\u00bb, comme le dicte la charte de l\u2019ONU et la loi internationale.<\/p>\n<p class=\"node__paragraphe antonia-750r text-grey-800 pb-24 pb-md-32\">\nUn responsable am\u00e9ricain a r\u00e9pondu \u00e0 certaines inqui\u00e9tudes en assurant que le plan pour l\u2019Ukraine comprenait des garanties de s\u00e9curit\u00e9 de la part de Washington et de ses alli\u00e9s europ\u00e9ens \u00e9quivalentes \u00e0 celles de l\u2019Otan en cas de future attaque, confirmant des informations de presse.<\/p>\n<p>\u2022 Kallas accuse la Russie de tenter d\u2019\u00e9chapper aux sanctions<\/p>\n<p class=\"node__paragraphe antonia-750r text-grey-800 pb-24 pb-md-32\">\nL\u2019Union europ\u00e9enne a de son c\u00f4t\u00e9 soulign\u00e9 que le plan am\u00e9ricain ne lui avait pas \u00e9t\u00e9 officiellement communiqu\u00e9 &#8211; nouveau signe de la tentative de mise \u00e0 l\u2019\u00e9cart des Europ\u00e9ens dans les n\u00e9gociations.<\/p>\n<p class=\"node__paragraphe antonia-750r text-grey-800 pb-24 pb-md-32\">\nMais la cheffe de la diplomatie de l\u2019Union europ\u00e9enne, Kaja Kallas, a estim\u00e9 que la Russie cherchait, avec l\u2019annonce de ce plan, \u00e0 emp\u00eacher l\u2019entr\u00e9e en vigueur des sanctions am\u00e9ricaines contre ses exportations de p\u00e9trole et la discussion en cours \u00e0 Bruxelles sur l\u2019utilisation des avoirs de sa banque centrale gel\u00e9s en Europe. \u00ab\u00a0Nous devons \u00eatre tr\u00e8s fermes en disant avec nos partenaires d\u2019Asie et d\u2019Oc\u00e9anie, que nous ne tomberons pas dans ces deux pi\u00e8ges\u00a0\u00bb, a-t-elle ajout\u00e9.<\/p>\n<p class=\"latino-500b text-grey-600 pb-16\">A lire aussi<\/p>\n<p><a href=\"https:\/\/www.nouvelobs.com\/monde\/20251024.OBS109093\/l-ue-cassera-t-elle-la-tirelire-des-210-milliards-de-poutine-pour-aider-l-ukraine-pourquoi-le-premier-ministre-belge-freine-le-deblocage-des-avoirs-russes.html\" data-article-key=\"20251024.OBS109093\" class=\"link--box flex-grow-1\" data-piano=\"Page_Article,Lire_aussi,,Lien3,navigation\" target=\"_blank\" rel=\"noopener\"><\/p>\n<p>                <img decoding=\"async\" src=\"data:image\/svg+xml,%3Csvg%20xmlns%3D%27http%3A%2F%2Fwww.w3.org%2F2000%2Fsvg%27%20fill%3D%22%23e4e4e4%22%20viewBox%3D%270%200%20120%2080%27%20width%3D%22120%22%20height%3D%2280%22%3E%3Cpath%20d%3D%27M0%200h120v80H0z%27%2F%3E%3C%2Fsvg%3E\"  width=\"120\" height=\"80\" loading=\"lazy\" alt=\"Le Premier ministre belge Bart De Wever \u00e0 son arriv\u00e9e au Conseil europ\u00e9en, \u00e0 Bruxelles, le 23\u00a0octobre 2025.\"\/><\/p>\n<p class=\"latino-300r latino-lg-600m text-grey-800\">\n                      <strong class=\"latino-300b latino-lg-600m text-grey-500\">Analyse\u00a0<\/strong><br \/>\n                    L\u2019UE cassera-t-elle la tirelire des 210\u00a0milliards de Poutine pour aider l\u2019Ukraine\u00a0? Pourquoi le Premier ministre belge freine le d\u00e9blocage des avoirs russes        <\/p>\n<p><\/a><\/p>\n<p class=\"node__paragraphe antonia-750r text-grey-800 pb-24 pb-md-32\">\n\u00ab\u00a0Nous voulons tous que cette guerre se termine. Mais la mani\u00e8re dont elle se termine est importante\u00a0: r\u00e9compenser l\u2019agression de la Russie ne rendra pas l\u2019Ukraine, l\u2019Europe ou la r\u00e9gion indo-pacifique plus s\u00fbrs\u00a0\u00bb, a encore affirm\u00e9 la cheffe de la diplomatie de l\u2019UE.<\/p>\n<p>\u2022 Zelensky promet de proposer des \u00ab\u00a0alternatives\u00a0\u00bb<\/p>\n<p class=\"node__paragraphe antonia-750r text-grey-800 pb-24 pb-md-32\">\nFace au dilemme que lui pose ce plan am\u00e9ricain, Volodymyr Zelensky a indiqu\u00e9 qu\u2019il proposerait des \u00ab\u00a0alternatives\u00a0\u00bb au plan des Etats-Unis. \u00ab\u00a0Je pr\u00e9senterai des arguments, je persuaderai, je proposerai des alternatives\u00a0\u00bb, a-t-il assur\u00e9, promettant qu\u2019il ne \u00ab\u00a0trahira\u00a0\u00bb pas l\u2019Ukraine. Il s\u2019est entretenu avec le vice-pr\u00e9sident am\u00e9ricain J.D. Vance dans l\u2019apr\u00e8s-midi.<\/p>\n<p class=\"node__paragraphe antonia-750r text-grey-800 pb-24 pb-md-32\">\nSans s\u2019exprimer sur les inqui\u00e9tudes du parti ukrainien, Donald Trump a lui donn\u00e9 une date limite pour que Kiev accepte son plan\u00a0: il l\u2019a fix\u00e9e au 27\u00a0novembre. D\u2019ici l\u00e0, les dirigeants europ\u00e9ens se retrouveront au G20, qui doit d\u00e9buter demain en Afrique du Sud.<\/p>\n<p class=\"authors latino-600m text-grey-800\">\n<p>  Par\u00a0<br \/>\nService Actu\u00a0(avec AFP)<\/p>\n","protected":false},"excerpt":{"rendered":"Volodymyr Zelensky \u00e0 Paris, le 17\u00a0novembre 2025.\u00a0UKRAINE PRESIDENCY\/UKRAINIAN PRE\/ZUMA\/SIPA Lire\u00a0plus\u00a0tard Google Actualit\u00e9s Partager Facebook Bluesky E-mail Copier le&hellip;\n","protected":false},"author":2,"featured_media":550554,"comment_status":"","ping_status":"","sticky":false,"template":"","format":"standard","meta":{"footnotes":""},"categories":[1586],"tags":[17,11,7204,1777,674,1011,27,131,27870,74,12,5355,25,66809,220,4717],"class_list":{"0":"post-550553","1":"post","2":"type-post","3":"status-publish","4":"format-standard","5":"has-post-thumbnail","7":"category-europe","8":"tag-17","9":"tag-actualites","10":"tag-americain","11":"tag-eu","12":"tag-europe","13":"tag-fr","14":"tag-france","15":"tag-guerre-en-ukraine","16":"tag-liberte","17":"tag-monde","18":"tag-news","19":"tag-plan","20":"tag-republique-francaise","21":"tag-sceptiques","22":"tag-ukraine","23":"tag-vie"},"share_on_mastodon":{"url":"https:\/\/pubeurope.com\/@fr\/115591438985244026","error":""},"_links":{"self":[{"href":"https:\/\/www.europesays.com\/fr\/wp-json\/wp\/v2\/posts\/550553","targetHints":{"allow":["GET"]}}],"collection":[{"href":"https:\/\/www.europesays.com\/fr\/wp-json\/wp\/v2\/posts"}],"about":[{"href":"https:\/\/www.europesays.com\/fr\/wp-json\/wp\/v2\/types\/post"}],"author":[{"embeddable":true,"href":"https:\/\/www.europesays.com\/fr\/wp-json\/wp\/v2\/users\/2"}],"replies":[{"embeddable":true,"href":"https:\/\/www.europesays.com\/fr\/wp-json\/wp\/v2\/comments?post=550553"}],"version-history":[{"count":0,"href":"https:\/\/www.europesays.com\/fr\/wp-json\/wp\/v2\/posts\/550553\/revisions"}],"wp:featuredmedia":[{"embeddable":true,"href":"https:\/\/www.europesays.com\/fr\/wp-json\/wp\/v2\/media\/550554"}],"wp:attachment":[{"href":"https:\/\/www.europesays.com\/fr\/wp-json\/wp\/v2\/media?parent=550553"}],"wp:term":[{"taxonomy":"category","embeddable":true,"href":"https:\/\/www.europesays.com\/fr\/wp-json\/wp\/v2\/categories?post=550553"},{"taxonomy":"post_tag","embeddable":true,"href":"https:\/\/www.europesays.com\/fr\/wp-json\/wp\/v2\/tags?post=550553"}],"curies":[{"name":"wp","href":"https:\/\/api.w.org\/{rel}","templated":true}]}}