{"id":550555,"date":"2025-11-22T04:22:28","date_gmt":"2025-11-22T04:22:28","guid":{"rendered":"https:\/\/www.europesays.com\/fr\/550555\/"},"modified":"2025-11-22T04:22:28","modified_gmt":"2025-11-22T04:22:28","slug":"le-sahara-occidental-nest-pas-le-maroc","status":"publish","type":"post","link":"https:\/\/www.europesays.com\/fr\/550555\/","title":{"rendered":"le Sahara occidental n&rsquo;est pas le Maroc"},"content":{"rendered":"<p><img loading=\"lazy\" decoding=\"async\" width=\"696\" height=\"392\" class=\"entry-thumb\" src=\"https:\/\/www.europesays.com\/fr\/wp-content\/uploads\/2025\/10\/ue-maroc-et-sahara-696x392.jpg\"   alt=\"UE Maroc et Sahara\" title=\"UE Maroc et Sahara\"\/>UE Maroc et Sahara<\/p>\n<p>Le Parlement europ\u00e9en vient de rejeter fermement la proposition de la Commission sur l\u2019\u00e9tiquetage des produits du Sahara occidental, rappelant que ce territoire doit \u00eatre clairement distingu\u00e9 du Maroc. Une d\u00e9cision salu\u00e9e par les agriculteurs europ\u00e9ens, qui d\u00e9fendent une concurrence \u00e9quitable.<\/p>\n<p>Les eurod\u00e9put\u00e9s ont massivement rejet\u00e9 cette semaine un projet d\u2019\u00e9tiquetage qui aurait pr\u00e9sent\u00e9 le Sahara occidental comme une simple r\u00e9gion marocaine. Pour la majorit\u00e9 parlementaire, sociaux-d\u00e9mocrates, Verts, gauche et une partie du PPE, impossible d\u2019accepter une mention \u00ab\u00a0La\u00e2youne-Sakia El Hamra o\u00f9 Dakhla-Oued Eddahab\u00a0\u00bb qui violerait le droit international et induirait les consommateurs en erreur.<\/p>\n<p>La justice europ\u00e9enne a tranch\u00e9<\/p>\n<p>Depuis 2016, la Cour de justice de l\u2019UE a rendu plusieurs arr\u00eats sans \u00e9quivoque : le Sahara occidental ne fait pas partie du Maroc. Aucun accord commercial ne peut s\u2019y appliquer sans le consentement du peuple sahraoui, repr\u00e9sent\u00e9 par le Front Polisario selon l\u2019ONU. <a href=\"https:\/\/www.afrik.com\/sahara-occidental-la-cjue-confirme-le-droit-exclusif-du-peuple-sahraoui-a-decider-de-son-avenir\" target=\"_blank\" rel=\"noopener\">En octobre 2024, la CJUE a encore annul\u00e9 des accords UE-Maroc<\/a> incluant ill\u00e9galement ce territoire.<\/p>\n<p>Cette d\u00e9cision trouve un \u00e9cho favorable chez les producteurs europ\u00e9ens, qui d\u00e9noncent depuis longtemps une concurrence d\u00e9loyale. <a href=\"https:\/\/www.afrik.com\/tomates-et-melons-du-maroc-le-conseil-d-etat-francais-impose-un-etiquetage-sahara-occidental\" target=\"_blank\" rel=\"noopener\">Les tomates et melons estampill\u00e9s \u00ab\u00a0Maroc\u00a0\u00bb mais cultiv\u00e9s au Sahara occidental<\/a> b\u00e9n\u00e9ficient d\u2019avantages tarifaires contest\u00e9s, cr\u00e9ant une distorsion de march\u00e9. Les syndicats agricoles europ\u00e9ens r\u00e9clament une transparence totale sur l\u2019origine r\u00e9elle des produits import\u00e9s.<\/p>\n<p>Les eurod\u00e9put\u00e9s exigent un \u00e9tiquetage clair :<\/p>\n<ul>\n<li>Mention explicite \u00ab\u00a0Sahara occidental\u00a0\u00bb sans r\u00e9f\u00e9rence au Maroc<\/li>\n<li>Indication du statut de territoire non autonome<\/li>\n<li>Information transparente pour les consommateurs europ\u00e9ens<\/li>\n<\/ul>\n<p>Un message politique fort<\/p>\n<p>Pour Rabat, c\u2019est un revers dans sa strat\u00e9gie de normalisation malgr\u00e9 le soutien am\u00e9ricain \u00e0 l\u2019ONU lors du vote de la derni\u00e8re r\u00e9solution sur le Sahara occidentale. Pour Bruxelles, c\u2019est un rappel : les imp\u00e9ratifs commerciaux ne peuvent primer sur le droit, les accords commerciaux avec le Maroc ne peut permettre de passer outre le droit des peuples \u00e0 disposer d\u2019eux m\u00eame.<\/p>\n<p>La Commission doit maintenant revoir sa copie pour la semaine prochaine, sous l\u2019\u0153il vigilant d\u2019un Parlement qui s\u2019affirme comme gardien du droit international et d\u00e9fenseur du droit des Sahraouis.<\/p>\n<p>Cette bataille juridique est loin d\u2019\u00eatre termin\u00e9e, mais le message est clair : les <a href=\"https:\/\/www.afrik.com\/accord-ue-maroc-29-deputes-s-insurgent-contre-la-derive-autoritaire-de-la-commission-europeenne\" target=\"_blank\" rel=\"noopener\">d\u00e9put\u00e9s europ\u00e9ens<\/a> ne peuvent fermer les yeux sur le statut r\u00e9el du Sahara occidental.<\/p>\n","protected":false},"excerpt":{"rendered":"UE Maroc et Sahara Le Parlement europ\u00e9en vient de rejeter fermement la proposition de la Commission sur l\u2019\u00e9tiquetage&hellip;\n","protected":false},"author":2,"featured_media":445130,"comment_status":"","ping_status":"","sticky":false,"template":"","format":"standard","meta":{"footnotes":""},"categories":[1586],"tags":[11,215,1777,674,1779,1011,27,2223,12,25,3184,1778,364],"class_list":{"0":"post-550555","1":"post","2":"type-post","3":"status-publish","4":"format-standard","5":"has-post-thumbnail","7":"category-europe","8":"tag-actualites","9":"tag-commerce","10":"tag-eu","11":"tag-europe","12":"tag-european-union","13":"tag-fr","14":"tag-france","15":"tag-maroc","16":"tag-news","17":"tag-republique-francaise","18":"tag-sahara-occidental","19":"tag-ue","20":"tag-union-europeenne"},"share_on_mastodon":{"url":"https:\/\/pubeurope.com\/@fr\/115591443964409635","error":""},"_links":{"self":[{"href":"https:\/\/www.europesays.com\/fr\/wp-json\/wp\/v2\/posts\/550555","targetHints":{"allow":["GET"]}}],"collection":[{"href":"https:\/\/www.europesays.com\/fr\/wp-json\/wp\/v2\/posts"}],"about":[{"href":"https:\/\/www.europesays.com\/fr\/wp-json\/wp\/v2\/types\/post"}],"author":[{"embeddable":true,"href":"https:\/\/www.europesays.com\/fr\/wp-json\/wp\/v2\/users\/2"}],"replies":[{"embeddable":true,"href":"https:\/\/www.europesays.com\/fr\/wp-json\/wp\/v2\/comments?post=550555"}],"version-history":[{"count":0,"href":"https:\/\/www.europesays.com\/fr\/wp-json\/wp\/v2\/posts\/550555\/revisions"}],"wp:featuredmedia":[{"embeddable":true,"href":"https:\/\/www.europesays.com\/fr\/wp-json\/wp\/v2\/media\/445130"}],"wp:attachment":[{"href":"https:\/\/www.europesays.com\/fr\/wp-json\/wp\/v2\/media?parent=550555"}],"wp:term":[{"taxonomy":"category","embeddable":true,"href":"https:\/\/www.europesays.com\/fr\/wp-json\/wp\/v2\/categories?post=550555"},{"taxonomy":"post_tag","embeddable":true,"href":"https:\/\/www.europesays.com\/fr\/wp-json\/wp\/v2\/tags?post=550555"}],"curies":[{"name":"wp","href":"https:\/\/api.w.org\/{rel}","templated":true}]}}