{"id":550560,"date":"2025-11-22T04:25:22","date_gmt":"2025-11-22T04:25:22","guid":{"rendered":"https:\/\/www.europesays.com\/fr\/550560\/"},"modified":"2025-11-22T04:25:22","modified_gmt":"2025-11-22T04:25:22","slug":"france-australie-a-quelle-heure-et-sur-quelle-chaine-tv-suivre-le-test-match-des-bleus","status":"publish","type":"post","link":"https:\/\/www.europesays.com\/fr\/550560\/","title":{"rendered":"France &#8211; Australie\u00a0: \u00e0 quelle heure et sur quelle cha\u00eene TV suivre le Test-match des Bleus\u00a0?"},"content":{"rendered":"<p class=\"paragraph text_align_left lp-f-body-02\">Une <a href=\"https:\/\/www.leparisien.fr\/sports\/rugby\/xv-de-france\/france-afrique-du-sud-17-32-une-deception-collective-reconnait-galthie-apres-la-defaite-face-aux-springboks-09-11-2025-X2YNLM2BJZDZFLZP6IT6JLAM5E.php\" target=\"_self\" rel=\"nofollow noopener\">d\u00e9faite logique contre l\u2019Afrique du Sud<\/a> (17-32) et une <a href=\"https:\/\/www.leparisien.fr\/sports\/rugby\/xv-de-france\/france-fidji-34-21-les-bleus-se-sont-fait-une-peur-bleue-mais-lemportent-en-fin-de-match-15-11-2025-KADBRFN2AZBCBLZQ6F3ZHGSB74.php\" target=\"_blank\" rel=\"nofollow noopener\">victoire sans \u00e9clat<\/a> contre les Fidji (34-21), voil\u00e0 le maigre bilan du <a href=\"https:\/\/www.leparisien.fr\/sports\/rugby\/xv-de-france\/\" target=\"_blank\" rel=\"nofollow noopener\">XV de France<\/a> dans cette <a href=\"https:\/\/www.leparisien.fr\/sports\/rugby\/\" target=\"_blank\" rel=\"nofollow noopener\">Tourn\u00e9e d\u2019automne<\/a>. Le dernier match ce samedi soir contre l\u2019Australie pourrait permettre aux Bleus de finir l\u2019ann\u00e9e avec le sourire.<\/p>\n<p class=\"paragraph text_align_left lp-f-body-02\">Il y a bien des sources de satisfaction dans cette \u00e9quipe. Le retour de Charles Ollivon, une ligne d\u2019arri\u00e8re emmen\u00e9e par le recordman <a href=\"https:\/\/www.leparisien.fr\/sports\/rugby\/xv-de-france\/france-afrique-du-sud-17-32-damian-penaud-un-double-pour-un-record-mais-un-double-pour-rien-08-11-2025-HHNBLK7FSNBFJCQZ2T4TRY7AYI.php\" target=\"_blank\" rel=\"nofollow noopener\">Damian Penaud<\/a>, le supersonic Louis Bielle-Biarrey et le serial marqueur Thomas Ramos\u2026 Mais sur le terrain, cela ne se caract\u00e9rise pas forc\u00e9ment par des envol\u00e9es magnifiques et des victoires \u00e9clatantes. Apr\u00e8s s\u2019\u00eatre \u00e9croul\u00e9s contre les Fidji, pourtant men\u00e9s 21-0, les Bleus de Fabien Galthi\u00e9 auront fort \u00e0 faire contre l\u2019Australie.<\/p>\n<p class=\"paragraph text_align_left lp-f-body-02\">Cette Australie ne fait pas forc\u00e9ment peur. \u00c0 l\u2019instar des Fidji, il va falloir se m\u00e9fier n\u00e9anmoins des sautes de concentrations. Surtout, ce genre de rencontres sont les premiers pr\u00e9paratifs de la Coupe du monde 2027 qui se d\u00e9roulera\u2026 en Australie. Gagner ce samedi soir est important, mais gagner sans la mani\u00e8re enfoncerait encore le clou sur une \u00e9quipe en proie aux doutes.<\/p>\n<p class=\"paragraph text_align_left lp-f-body-02\"><b>Le coup d\u2019envoi de ce France &#8211; Australie sera donn\u00e9 \u00e0 21 heures et sera \u00e0 suivre en direct sur TF 1.<\/b><\/p>\n","protected":false},"excerpt":{"rendered":"Une d\u00e9faite logique contre l\u2019Afrique du Sud (17-32) et une victoire sans \u00e9clat contre les Fidji (34-21), voil\u00e0&hellip;\n","protected":false},"author":2,"featured_media":550561,"comment_status":"","ping_status":"","sticky":false,"template":"","format":"standard","meta":{"footnotes":""},"categories":[4],"tags":[11,1011,27,12,25,479,60,30845],"class_list":{"0":"post-550560","1":"post","2":"type-post","3":"status-publish","4":"format-standard","5":"has-post-thumbnail","7":"category-france","8":"tag-actualites","9":"tag-fr","10":"tag-france","11":"tag-news","12":"tag-republique-francaise","13":"tag-rugby","14":"tag-sports","15":"tag-xv-france"},"share_on_mastodon":{"url":"https:\/\/pubeurope.com\/@fr\/115591454594116495","error":""},"_links":{"self":[{"href":"https:\/\/www.europesays.com\/fr\/wp-json\/wp\/v2\/posts\/550560","targetHints":{"allow":["GET"]}}],"collection":[{"href":"https:\/\/www.europesays.com\/fr\/wp-json\/wp\/v2\/posts"}],"about":[{"href":"https:\/\/www.europesays.com\/fr\/wp-json\/wp\/v2\/types\/post"}],"author":[{"embeddable":true,"href":"https:\/\/www.europesays.com\/fr\/wp-json\/wp\/v2\/users\/2"}],"replies":[{"embeddable":true,"href":"https:\/\/www.europesays.com\/fr\/wp-json\/wp\/v2\/comments?post=550560"}],"version-history":[{"count":0,"href":"https:\/\/www.europesays.com\/fr\/wp-json\/wp\/v2\/posts\/550560\/revisions"}],"wp:featuredmedia":[{"embeddable":true,"href":"https:\/\/www.europesays.com\/fr\/wp-json\/wp\/v2\/media\/550561"}],"wp:attachment":[{"href":"https:\/\/www.europesays.com\/fr\/wp-json\/wp\/v2\/media?parent=550560"}],"wp:term":[{"taxonomy":"category","embeddable":true,"href":"https:\/\/www.europesays.com\/fr\/wp-json\/wp\/v2\/categories?post=550560"},{"taxonomy":"post_tag","embeddable":true,"href":"https:\/\/www.europesays.com\/fr\/wp-json\/wp\/v2\/tags?post=550560"}],"curies":[{"name":"wp","href":"https:\/\/api.w.org\/{rel}","templated":true}]}}