{"id":550562,"date":"2025-11-22T04:28:17","date_gmt":"2025-11-22T04:28:17","guid":{"rendered":"https:\/\/www.europesays.com\/fr\/550562\/"},"modified":"2025-11-22T04:28:17","modified_gmt":"2025-11-22T04:28:17","slug":"lascension-fulgurante-de-joanna-grisez-symbole-du-rugby-feminin-francais","status":"publish","type":"post","link":"https:\/\/www.europesays.com\/fr\/550562\/","title":{"rendered":"l\u2019ascension fulgurante de Joanna Grisez, symbole du rugby f\u00e9minin fran\u00e7ais"},"content":{"rendered":"<p>                    Par<br \/>\n        <strong><br \/>\n            <a href=\"https:\/\/actu.fr\/auteur\/emilie-dudonfournier\" title=\"Consulter tous les articles de Emilie Dudon-Fournier\" rel=\"nofollow noopener\" target=\"_blank\">Emilie Dudon-Fournier<\/a><br \/>\n                    <\/strong><\/p>\n<p>        Publi\u00e9 le<\/p>\n<p>            21 nov. 2025 \u00e0 18h48        <\/p>\n<p>Si \u00e7a n\u2019avait pas \u00e9t\u00e9 le rugby, \u00e7a aurait probablement \u00e9t\u00e9 le MMA. <strong>Il y a 10 ans, sur le bancs de la fac de STAPS, Joanna Grisez joue avec un ballon ovale pour la premi\u00e8re fois.<\/strong> Native de Colombes, elle \u00ab\u00a0en a marre du tennis\u00a0\u00bb, sa passion depuis gamine. Alors elle d\u00e9couvre le rugby et son prof lui conseille d\u2019essayer en club. Elle signe \u00e0 Bobigny. Parall\u00e8lement, son kin\u00e9 lui fait d\u00e9couvrir le MMA. \u00ab\u00a0Je faisais les deux en m\u00eame temps mais c\u2019\u00e9tait intenable en terme d\u2019emploi du temps\u00a0\u00bb, raconte la joueuse du<a href=\"https:\/\/actu.fr\/rugby\/feminines\" rel=\"nofollow noopener\" target=\"_blank\"> XV de France f\u00e9minin<\/a> et du Stade bordelais.<\/p>\n<p class=\" wall-content\">\u00ab\u00a0Je me suis rendue compte que j\u2019avais <strong>des facilit\u00e9s avec le rugby<\/strong> alors je me suis : \u2018ok,\u00a0 je m\u2019y mets et si \u00e7a ne marche pas pour moi, j\u2019essaierai de percer dans le MMA\u2019. Dans ma t\u00eate, j\u2019allais vraiment me diriger vers le premier qui allait fonctionner pour moi\u00a0\u00bb.<\/p>\n<p>Le rugby, pas une passion<\/p>\n<p class=\" wall-content\">Vous connaissez la suite\u2026 S\u00e9lectionn\u00e9e en \u00e9quipe de France universitaire d\u00e8s sa 1ere ann\u00e9e de pratique, elle dispute la Coupe du monde universitaire \u00e0 7, int\u00e8gre le p\u00f4le France avec l\u2019\u00e9quipe de France \u00e0 VII d\u00e9veloppement puis, en 2018, d\u00e9croche son premier contrat avec la FFR. Elle a 22 ans. Depuis, l\u2019aili\u00e8re des Bleues (13 s\u00e9lections) a disput\u00e9 2 Coupes du monde \u00e0 XV, 1 Coupe du monde \u00e0 VII et particip\u00e9 aux JO de Paris. Elle a aussi \u00e9t\u00e9 \u00e9lue comme <strong>meilleure aili\u00e8re dans le XV mondial de World Rugby<\/strong> \u00e0 l\u2019issue du Mondial 2025, et re\u00e7u l\u2019oscar Midi Olympique de la meilleure joueuse f\u00e9minine il y a quelques semaines.\u00a0<\/p>\n<p class=\" wall-content\">De retour du Mondial, elle a repris sa saison au Stade bordelais, o\u00f9 elle s\u2019entra\u00eene chaque jour pour aller chercher un 4e titre de championne de France cons\u00e9cutif \u00e0 un nouveau poste : celui de trois-quarts centre. Tout \u00e7a sans que le rugby soit une passion. Elle ne s\u2019en cache pas : \u00ab\u00a0<strong>J\u2019ai toujours dit que le rugby, de base n\u2019\u00e9tait absolument pas une passion<\/strong>. Je ne viens pas du sud ouest o\u00f9 on va voir des matchs tous les week-ends. Je suis juste une comp\u00e9titrice et je voulais exceller dans ce que je faisais. C\u2019est tout et \u00e7a aurait pu \u00eatre n\u2019importe quel sport. Maintenant, on peut dire que c\u2019est un peu devenu une passion mais c\u2019est surtout l\u2019envie de performer et de gagner qui me motivait\u00a0\u00bb.<\/p>\n<p>    <img   decoding=\"async\" loading=\"lazy\" src=\"https:\/\/www.europesays.com\/fr\/wp-content\/uploads\/2025\/11\/joanna-grisez-france-rugby-2025-960x640.jpg\" alt=\"Joanna Grisez, ici contre l'Afrique du Sud, compte 13 s\u00e9lections avec les Bleues.\" width=\"960\" height=\"640\"\/><br \/>\n    Joanna Grisez, ici contre l\u2019Afrique du Sud, compte 13 s\u00e9lections avec les Bleues. (\u00a9Icon Sport)<\/p>\n<p class=\" wall-content\">C\u2019est donc seulement sa \u00ab\u00a0d\u00e9termination\u00a0\u00bb qui l\u2019a men\u00e9e au plus haut niveau. Aujourd\u2019hui devenu son quotidien, le rugby a chang\u00e9 toute la vie de Joanna Grisez : \u00ab\u00a0C\u2019est gr\u00e2ce \u00e0 \u00e7a que j\u2019ai trouv\u00e9 mon \u00e9quilibre, dans ma vie professionnelle mais aussi en tant que femme. <strong>Je me suis r\u00e9alis\u00e9e en tant qu\u2019humaine dans ce sport.<\/strong> J\u2019ai beaucoup grandi humainement. J\u2019ai rencontr\u00e9 des gens fantastiques, vu des parcours de femmes hyper inspirantes\u00a0\u00bb.<\/p>\n<blockquote class=\"ac-article-quote wall-content\">\n<p>\u00ab\u00a0Quand on d\u00e9couvre le rugby, notamment \u00e0 Bobigny, il y a une dimension plus grande que le sport. Il y a un aspect humain, presque politique, qui est hyper int\u00e9ressant\u00a0\u00bb.<\/p>\n<p>    <strong>Joanna Grisez<\/strong><br \/>\n        Aili\u00e8re du XV de France    <\/p><\/blockquote>\n<p>Votre r\u00e9gion, votre actu !<\/p>\n<p>Recevez chaque jour les infos qui comptent pour vous.<\/p>\n<p>\t<a href=\"https:\/\/actu.fr\/newsletter\" class=\"ac-btn ac-btn--corner ac-btn--medium ac-btn--blue800\" rel=\"nofollow noopener\" target=\"_blank\">S&rsquo;incrire<\/a><\/p>\n<p class=\" wall-content\">Ce rugby cr\u00e9ateur de lien social, d\u2019int\u00e9gration, de valeurs, la fa\u00e7onne : \u00ab\u00a0On a besoin du sport dans notre soci\u00e9t\u00e9, au-del\u00e0 de l\u2019aspect sant\u00e9. <strong>C\u2019est vraiment un vecteur d\u2019int\u00e9gration de fa\u00e7on g\u00e9n\u00e9rale et \u00e7a r\u00e9unit r\u00e9unit des gens qui n\u2019ont rien \u00e0 voir.<\/strong> On apprend r\u00e9ellement ce qui signifient la solidarit\u00e9 et le vivre ensemble avec des personnes qui n\u2019ont rien \u00e0 voir avec nous. On apprend \u00e0 \u00e9voluer avec les autres, \u00e0 les comprendre plus facilement\u00a0\u00bb.<\/p>\n<p class=\" wall-content\">Un immense cadeau sur le plan humain, mais personnel \u00e9galement : \u00ab\u00a0C\u2019est super beau de se dire que tu repr\u00e9sentes ton pays. J\u2019ai eu la chance de faire beaucoup de choses, des Olympiades, des Coupes du monde\u2026\u00a0 J\u2019ai quand m\u00eame une vie qui sort un peu de la normalit\u00e9 et c\u2019est gr\u00e2ce \u00e0 ce sport. <strong>Je dois au rugby beaucoup de choses\u00a0\u00bb<\/strong>.<\/p>\n<p>Elle a envisag\u00e9 d\u2019arr\u00eater<\/p>\n<p class=\" wall-content\">L\u2019ascension a \u00e9t\u00e9 fulgurante, mais l\u2019histoire pas toujours facile.\u00a0 \u00a0\u00bb J\u2019ai connu beaucoup de remises en question, surtout quand je faisais VII. L\u2019engagement physique y est tellement grand ! Le VII excessivement exigeant. Je m\u2019entra\u00eenais du lundi au vendredi, j\u2019avais 3 entra\u00eenements par jour\u2026 Et puis c\u2019\u00e9tait un peu g\u00e9r\u00e9 \u2018\u00e0 l\u2019ancienne\u2019. Tant que tu avais 2 jambes et 2 bras pour te porter, il fallait aller sur le terrain. J\u2019ai connu des grosses phases tr\u00e8s, tr\u00e8s difficiles. <strong>Un matin sur deux, je me levais en me demandant comment j\u2019allais tenir la journ\u00e9e\u2026<\/strong> Le VII m\u2019a un peu bousill\u00e9e\u00a0\u00bb.<\/p>\n<p class=\" wall-content\">Au point d\u2019envisager d\u2019arr\u00eater, durant les moments les plus durs : \u00ab\u00a0. Je sais pas si j\u2019aurais \u00e9t\u00e9 pr\u00eate \u00e0 le faire parce que pour moi, \u00e7a aurait \u00e9t\u00e9 abandonner. Donc je ne me l\u2019autorisais pas. Mais j\u2019y pensais parce que je n\u2019\u00e9tais pas heureuse et <strong>je subissais le rugby<\/strong> plus qu\u2019autre chose\u00a0\u00bb.<\/p>\n<blockquote class=\"ac-article-quote wall-content\">\n<p>\u00ab\u00a0Je ne prenais plus de plaisir. Je me levais le matin et tout ce qui me<br \/>\nmotivait, c&rsquo;\u00e9tait \u00ab\u00a0r\u00e9sultat, m\u00e9daille, m\u00e9daille\u00a0\u00bb. Mais c&rsquo;est devenu m\u00e9canique\u00a0\u00bb.<\/p>\n<p>    <strong>Joanna Grisez<\/strong><br \/>\n        Aili\u00e8re du XV de France    <\/p><\/blockquote>\n<p class=\" wall-content\"><strong>La r\u00e9conciliation est venue du XV,<\/strong> d\u00e9sormais sous les couleurs du Stade bordelais avec qui elle a remport\u00e9 son 1er titre de championne de France en juin dernier, pour sa 1ere ann\u00e9e \u00e0 XV : \u00ab\u00a0J\u2019ai r\u00e9appris \u00e0 aimer mon quotidien, \u00e0 aimer m\u2019entra\u00eener, \u00e0 prendre du plaisir sur le terrain. Et \u00e7a, c\u2019est totalement gr\u00e2ce au XV.\u00a0 Aujourd\u2019hui, je trouve un \u00e9quilibre, je suis bien dans mon corps. J\u2019accepte beaucoup plus les douleurs, c\u2019est g\u00e9rable d\u00e9sormais\u00a0\u00bb.<\/p>\n<p>    <img   decoding=\"async\" loading=\"lazy\" src=\"https:\/\/www.europesays.com\/fr\/wp-content\/uploads\/2025\/11\/iconsport-274426-0146-960x640.jpg\" alt=\"A 29 ans, Joanna Grisez est la nouvelle star du rugby f\u00e9minin fran\u00e7ais.\" width=\"960\" height=\"640\"\/><br \/>\n    A 29 ans, Joanna Grisez est la nouvelle star du rugby f\u00e9minin fran\u00e7ais. (\u00a9Icon Sport)<\/p>\n<p class=\" wall-content\">Des douleurs qui l\u2019ont priv\u00e9e, notamment, de la demi-finale de Coupe du monde contre l\u2019Angleterre en septembre dernier en raison d\u2019une blessure \u00e0 une cuisse : \u00ab\u00a0Je commence \u00e0 accepter que c\u2019est mon corps qui a le dernier mot et que\u00a0 m\u00eame si ma t\u00eate a envie, \u00e7a ne sert \u00e0 rien de forcer\u00a0\u00bb. La pilule, toutefois, a \u00e9t\u00e9 dure \u00e0 passer\u00a0 : \u00ab\u00a0C\u2019est le match que j\u2019attendais le plus de la comp\u00e9tition. <strong>Si j\u2019avais d\u00fb en choisir un seul, \u00e7a aurait \u00e9t\u00e9 celui-l\u00e0\u2026<\/strong> J\u2019ai ressenti beaucoup de col\u00e8re au d\u00e9but puis de la tristesse. Mais l\u2019\u00e9quipe n\u2019avait pas besoin d\u2019avoir une nana qui tire la gueule parce qu\u2019elle ne peut pas jouer et l\u2019\u00e9nergie dans un groupe, c\u2019est hyper important, alors j\u2019ai essay\u00e9 de rester positive\u00a0\u00bb.<\/p>\n<p class=\" wall-content\">Elle reviendra finalement pour disputer une petite finale \u00ab\u00a0frustrante\u00a0\u00bb contre les All Blacks, avec une 4e place finale \u2018\u00a0\u00bbd\u00e9cevante\u00a0\u00bb. Alors, \u00e0 29 ans, elle nourrit encore beaucoup d\u2019ambitions : \u00ab\u00a0En toute objectivit\u00e9,<strong> je ne me suis jamais trouv\u00e9e aussi forte que maintenant,<\/strong> alors je me verrais bien tirer encore un peu. Id\u00e9alement, si c\u2019\u00e9tait moi qui choisissais, j\u2019aimerais bien faire les JO de Los Angeles puis la Coupe du monde \u00e0 XV en Australie. J\u2019aimerais bien avoir gagn\u00e9 un titre important. Je pense que c\u2019est ce qui manque \u00e0 mon app\u00e9tit de comp\u00e9titrice\u00a0\u00bb.\u00a0<\/p>\n<p>Un avenir \u00e0 la t\u00e9l\u00e9 ?<\/p>\n<p class=\" wall-content\">Dipl\u00f4m\u00e9e en entra\u00eenement sportif et management du sport, mais aussi en architecture et en d\u00e9coration int\u00e9rieure, Joanna Grisez ne tire pas de plans sur la com\u00e8te. Quand on lui demande o\u00f9 elle se voit d\u2019ici 10 ans, elle ouvre de grands yeux et un large sourire : \u00ab\u00a0Voyons, j\u2019aurai 39 ans\u2026 D\u2019ici l\u00e0, j\u2019aimerais avoir une famille et surtout m\u2019\u00eatre accomplie professionnellement. \u00c7a serait chouette de pouvoir continuer dans le rugby mais pas comme entra\u00eeneur. Ce ne serait un cadeau pour personne\u00a0\u00bb, se marre-t-elle. \u00ab\u00a0<strong>Je me verrais bien rester dans le milieu mais c\u00f4t\u00e9 t\u00e9l\u00e9,<\/strong> sur les bords de terrain par exemple\u00a0\u00bb.<\/p>\n<p class=\" wall-content\">Avec son m\u00e8tre 73, ses longs cheveux blonds et ses yeux clairs, Joanna Grisez est le nouveau visage du XV de France. Et son profil colle parfaitement pour, peut-\u00eatre, commenter les matchs \u00e0 l\u2019avenir. En attendant,<strong> elle pr\u00eate sa notori\u00e9t\u00e9 grandissante \u00e0 la promotion de ce sport<\/strong> qui \u00ab\u00a0a de tr\u00e8s jolies valeurs. Malheureusement, le rugby f\u00e9minin n\u2019a pas beaucoup de m\u00e9diatisation. Son d\u00e9veloppement passe aussi par les filles qui, comme moi, sont plus mises en avant et peuvent avoir un peu de voix pour essayer de pousser\u00a0\u00bb.<\/p>\n<blockquote class=\"ac-article-quote wall-content\">\n<p>\u00ab\u00a0Au-del\u00e0 de dire ce que je pense en \u00e9tant honn\u00eate avec les instances au plus haut niveau, en affirmant que ce qui est mis en place n&rsquo;est pas encore suffisant et qu&rsquo;on ne peut pas s&rsquo;en contenter car on a besoin de plus, j&rsquo;essaie de montrer une belle image. Pas fausse, juste ce qu&rsquo;elle est. Pour rendre un peu au rugby tout ce qu&rsquo;il m&rsquo;apporte aujourd&rsquo;hui\u00a0\u00bb.<\/p>\n<p>    <strong>Joanna Grisez<\/strong><br \/>\n        Aili\u00e8re du XV de France    <\/p><\/blockquote>\n<p class=\" wall-content\">Et tant pis, alors, pour la carri\u00e8re dans le MMA. \u00ab\u00a0Il y a tr\u00e8s peu de filles et je m\u2019entra\u00eenais uniquement avec des gar\u00e7ons alors je ne sais pas si j\u2019aurais perc\u00e9. Mais<strong> je suis contente d\u2019avoir r\u00e9ussi dans le rugby.<\/strong> \u00c7a me va bien, j\u2019aurais juste gagn\u00e9 beaucoup plus d\u2019argent si \u00e7a avait \u00e9t\u00e9 le cas dans le MMA\u00a0\u00bb, conclut-elle dans un sourire. Pas une passion, peut-\u00eatre, mais une vraie d\u00e9termination. Presque de la d\u00e9votion pour le rugby, ce sport qui a fait de Joanna Grisez ce qu\u2019elle est aujourd\u2019hui.<\/p>\n<p class=\" wall-content\">Personnalisez votre actualit\u00e9 en ajoutant vos villes et m\u00e9dias en favori avec <a href=\"https:\/\/moncompte.actu.fr\" title=\"D\u00e9couvez Mon Actu\" rel=\"nofollow noopener\" data-trk=\"{&quot;cta&quot;:{&quot;action&quot;:&quot;https:\\\/\\\/moncompte.actu.fr&quot;,&quot;category&quot;:&quot;mon compte&quot;,&quot;from&quot;:&quot;article footer&quot;,&quot;name&quot;:&quot;Mon actu&quot;,&quot;type&quot;:&quot;cta&quot;}}\" target=\"_blank\">Mon Actu<\/a>.<\/p>\n","protected":false},"excerpt":{"rendered":"Par Emilie Dudon-Fournier Publi\u00e9 le 21 nov. 2025 \u00e0 18h48 Si \u00e7a n\u2019avait pas \u00e9t\u00e9 le rugby, \u00e7a&hellip;\n","protected":false},"author":2,"featured_media":550563,"comment_status":"","ping_status":"","sticky":false,"template":"","format":"standard","meta":{"footnotes":""},"categories":[1416],"tags":[1011,27,479,1468,60],"class_list":{"0":"post-550562","1":"post","2":"type-post","3":"status-publish","4":"format-standard","5":"has-post-thumbnail","7":"category-rugby","8":"tag-fr","9":"tag-france","10":"tag-rugby","11":"tag-rugby-football","12":"tag-sports"},"share_on_mastodon":{"url":"https:\/\/pubeurope.com\/@fr\/115591468516080084","error":""},"_links":{"self":[{"href":"https:\/\/www.europesays.com\/fr\/wp-json\/wp\/v2\/posts\/550562","targetHints":{"allow":["GET"]}}],"collection":[{"href":"https:\/\/www.europesays.com\/fr\/wp-json\/wp\/v2\/posts"}],"about":[{"href":"https:\/\/www.europesays.com\/fr\/wp-json\/wp\/v2\/types\/post"}],"author":[{"embeddable":true,"href":"https:\/\/www.europesays.com\/fr\/wp-json\/wp\/v2\/users\/2"}],"replies":[{"embeddable":true,"href":"https:\/\/www.europesays.com\/fr\/wp-json\/wp\/v2\/comments?post=550562"}],"version-history":[{"count":0,"href":"https:\/\/www.europesays.com\/fr\/wp-json\/wp\/v2\/posts\/550562\/revisions"}],"wp:featuredmedia":[{"embeddable":true,"href":"https:\/\/www.europesays.com\/fr\/wp-json\/wp\/v2\/media\/550563"}],"wp:attachment":[{"href":"https:\/\/www.europesays.com\/fr\/wp-json\/wp\/v2\/media?parent=550562"}],"wp:term":[{"taxonomy":"category","embeddable":true,"href":"https:\/\/www.europesays.com\/fr\/wp-json\/wp\/v2\/categories?post=550562"},{"taxonomy":"post_tag","embeddable":true,"href":"https:\/\/www.europesays.com\/fr\/wp-json\/wp\/v2\/tags?post=550562"}],"curies":[{"name":"wp","href":"https:\/\/api.w.org\/{rel}","templated":true}]}}