{"id":550564,"date":"2025-11-22T04:29:26","date_gmt":"2025-11-22T04:29:26","guid":{"rendered":"https:\/\/www.europesays.com\/fr\/550564\/"},"modified":"2025-11-22T04:29:26","modified_gmt":"2025-11-22T04:29:26","slug":"tennis-roger-federer-a-lhonneur","status":"publish","type":"post","link":"https:\/\/www.europesays.com\/fr\/550564\/","title":{"rendered":"Tennis : Roger Federer \u00e0 l\u2019honneur"},"content":{"rendered":"<p>\n    Le l\u00e9gendaire Suisse fera son entr\u00e9e au Hall of fame du tennis international.<\/p>\n<p class=\"fig-paragraph\">Roger Federer sera, en ao\u00fbt 2026, intronis\u00e9 au Hall of fame \u00e0 Newport a annonc\u00e9 la f\u00e9d\u00e9ration internationale.<\/p>\n<p class=\"fig-paragraph\">Roger Federer a remport\u00e9 20 tournois du Grand Chelem, devenant ainsi le premier joueur masculin \u00e0 atteindre ce cap, et a d\u00e9croch\u00e9 103 titres au cours de sa carri\u00e8re avant de prendre sa retraite en 2022. Il a occup\u00e9 la premi\u00e8re place du classement mondial pendant 237 semaines cons\u00e9cutives entre 2004 et 2008, un record.<\/p>\n<p>                                    <a class=\"fig-a11y-skip a11y-hidden\" href=\"#fig-a11y-skip-main-inarticle\"><br \/>\n        Passer la publicit\u00e9<br \/>\n    <\/a><\/p>\n<p class=\"fig-paragraph\">\u00ab C\u2019est un immense honneur d\u2019\u00eatre intronis\u00e9 au \u2019\u2019International Tennis Hall of Fame\u2019\u2019 et de c\u00f4toyer tant de grands champions de ce sport&#8230; \u00catre reconnu de cette mani\u00e8re par le monde du tennis et par mes pairs est une grande le\u00e7on d\u2019humilit\u00e9\u00a0\u00bb, a d\u00e9clar\u00e9 Federer dans un communiqu\u00e9 publi\u00e9 par l\u2019ITHF.<\/p>\n<p class=\"fig-paragraph\">Le Suisse a occup\u00e9 la premi\u00e8re place du classement ATP pendant 310 semaines au cours de sa carri\u00e8re et a longtemps rivalis\u00e9 avec Rafael Nadal et Novak Djokovic, les deux autres membres du \u00ab Big three\u00a0\u00bb du tennis masculin de l\u2019\u00e9poque.<\/p>\n<p class=\"fig-paragraph\">\u00ab Tout au long de ma carri\u00e8re, j\u2019ai toujours accord\u00e9 une grande importance \u00e0 l\u2019histoire du tennis et \u00e0 l\u2019exemple donn\u00e9 par ceux qui m\u2019ont pr\u00e9c\u00e9d\u00e9&#8230; Je me r\u00e9jouis de me rendre \u00e0 Newport en ao\u00fbt prochain pour c\u00e9l\u00e9brer ce moment sp\u00e9cial avec la communaut\u00e9 du tennis\u00a0\u00bb, a ajout\u00e9 le joueur de 44 ans.<\/p>\n","protected":false},"excerpt":{"rendered":"Le l\u00e9gendaire Suisse fera son entr\u00e9e au Hall of fame du tennis international. Roger Federer sera, en ao\u00fbt&hellip;\n","protected":false},"author":2,"featured_media":550565,"comment_status":"","ping_status":"","sticky":false,"template":"","format":"standard","meta":{"footnotes":""},"categories":[1415],"tags":[47,4169,525,1981,4178,4179,1011,27,1114,3996,4177,4176,4174,4175,1980,4171,60,1467,4172,4173,4170],"class_list":{"0":"post-550564","1":"post","2":"type-post","3":"status-publish","4":"format-standard","5":"has-post-thumbnail","7":"category-tennis","8":"tag-actualite","9":"tag-atp","10":"tag-calendrier","11":"tag-classement","12":"tag-coupe-davis","13":"tag-fed-cup","14":"tag-fr","15":"tag-france","16":"tag-infos","17":"tag-jeux-olympiques","18":"tag-masters-1000","19":"tag-masters-500","20":"tag-masters-series","21":"tag-open-daustralie","22":"tag-resultats","23":"tag-roland-garros","24":"tag-sports","25":"tag-tennis","26":"tag-us-open","27":"tag-wimbledon","28":"tag-wta"},"share_on_mastodon":{"url":"https:\/\/pubeurope.com\/@fr\/115591470322757996","error":""},"_links":{"self":[{"href":"https:\/\/www.europesays.com\/fr\/wp-json\/wp\/v2\/posts\/550564","targetHints":{"allow":["GET"]}}],"collection":[{"href":"https:\/\/www.europesays.com\/fr\/wp-json\/wp\/v2\/posts"}],"about":[{"href":"https:\/\/www.europesays.com\/fr\/wp-json\/wp\/v2\/types\/post"}],"author":[{"embeddable":true,"href":"https:\/\/www.europesays.com\/fr\/wp-json\/wp\/v2\/users\/2"}],"replies":[{"embeddable":true,"href":"https:\/\/www.europesays.com\/fr\/wp-json\/wp\/v2\/comments?post=550564"}],"version-history":[{"count":0,"href":"https:\/\/www.europesays.com\/fr\/wp-json\/wp\/v2\/posts\/550564\/revisions"}],"wp:featuredmedia":[{"embeddable":true,"href":"https:\/\/www.europesays.com\/fr\/wp-json\/wp\/v2\/media\/550565"}],"wp:attachment":[{"href":"https:\/\/www.europesays.com\/fr\/wp-json\/wp\/v2\/media?parent=550564"}],"wp:term":[{"taxonomy":"category","embeddable":true,"href":"https:\/\/www.europesays.com\/fr\/wp-json\/wp\/v2\/categories?post=550564"},{"taxonomy":"post_tag","embeddable":true,"href":"https:\/\/www.europesays.com\/fr\/wp-json\/wp\/v2\/tags?post=550564"}],"curies":[{"name":"wp","href":"https:\/\/api.w.org\/{rel}","templated":true}]}}