{"id":550585,"date":"2025-11-22T04:45:19","date_gmt":"2025-11-22T04:45:19","guid":{"rendered":"https:\/\/www.europesays.com\/fr\/550585\/"},"modified":"2025-11-22T04:45:19","modified_gmt":"2025-11-22T04:45:19","slug":"nous-ne-nous-sentons-plus-en-securite-en-france-pourquoi-grapheneos-retire-ses-serveurs-de-france-suite-a-un-article-du-parisien-frandroid","status":"publish","type":"post","link":"https:\/\/www.europesays.com\/fr\/550585\/","title":{"rendered":"\u00ab Nous ne nous sentons plus en s\u00e9curit\u00e9 en France \u00bb : pourquoi GrapheneOS retire ses serveurs de France suite \u00e0 un article du Parisien &#8211; Frandroid"},"content":{"rendered":"<ol>\n<li><a href=\"https:\/\/news.google.com\/rss\/articles\/CBMi_wFBVV95cUxNZTZydkYtUFBfTUxpVEo4WmItMC12YmlxTzJ2YUpJUTYxT3Boc3lLMTJNMUc0Uy0xZDc3LVZWSGQ1VjhOM0lpM243aDNaU0llTmlKUHctY2cxS0doWmRqTGVuei1HTmktU3MxbWxYTm9fNXFhTE8tVVNmdWFPM2FpU3pFUmh6S0lEcWFPVkZoZWNsLVh1T1JUNS1qZWhQU3BkZ3dDRXY2SmVpMHdFQjM1ZjlsNDlFcHdyN2tRZnhNRTZVN0ZtbEFBWmNJd3k1amJXNl9DaElxOWFfUkVvelJmcHlSZmFNM1RBWl9oX0xmVW1DU3NGYnptZ0JpeHNPbGM?oc=5\" target=\"_blank\" rel=\"noopener\">\u00ab Nous ne nous sentons plus en s\u00e9curit\u00e9 en France \u00bb : pourquoi GrapheneOS retire ses serveurs de France suite \u00e0 un article du Parisien<\/a>&nbsp;&nbsp;Frandroid<\/li>\n<li><a href=\"https:\/\/news.google.com\/rss\/articles\/CBMiwgFBVV95cUxNdGNwY3JtMmJ2RTZWdkREdHFCbHR6TGRNdVpUYWtTN1JDcW9XOW40YktOalBYdW11cUpoSDBpNkVvLU0yMmdkLXkwQ3ZrckFlMm84S0F2WlRzRzJ0S09rMVk5cTJIak5Dd1dlTk5sSjJzaENMVG9NZGt3dWRuU2t1T0dvY3hOellFNlY3a21YSlpGSXJfYnRycUVISzIwbkgyeUF6MWlsaVFmdFFSX3YwajE0amEyUGdncWJtVmFtMmprUQ?oc=5\" target=\"_blank\" rel=\"noopener\">C\u2019est quoi GrapheneOS, la version d\u2019Android au c\u0153ur d\u2019une pol\u00e9mique en France ?<\/a>&nbsp;&nbsp;Numerama<\/li>\n<li><a href=\"https:\/\/news.google.com\/rss\/articles\/CBMigAJBVV95cUxPb1NHTFVfclVSclRjb3JlNi0yQjFjT2NEWGVsdGZ4U0tNLUM3WXpBSGdMOVlZWDhES0pqSC1HakpTQ3FHdnVLUUtvMnNwR2dSTG9uVjZBUzF2TXZwNTk5dlZNYmtJX01pdFhLVzJsZzB3RFd0aXE5TjI0NWZmV0dyU055TXNiYmxUU0RkeEVWM1pKSmdab0VadnE1ZnNzUHV6aEJXdEdIM1hXV2pSRm5kdjB3bTctekhLYmZCUmVfZHAyd0dXTVdWVThscXhOZlkzRnA0eUdJS21fd25hT254MXJ6cnktcHFWZnRvZWhGZzJLcWdQYUp3SW1laHJPSlF3?oc=5\" target=\"_blank\" rel=\"noopener\">Qu\u2019est-ce que GrapheneOS, ce logiciel d\u00e9tourn\u00e9 par certains trafiquants pour supprimer les informations de leur t\u00e9l\u00e9phone ?<\/a>&nbsp;&nbsp;Le Figaro<\/li>\n<li><a href=\"https:\/\/news.google.com\/rss\/articles\/CBMilAJBVV95cUxNZmI3bzJ2V2laVDlBU2IyQ083XzdvSzVrUGt6bE10Qk5lMGJtMnBsQTFrZGJINVFOUG1MMGlkRkNkMzlvQU9UdENiUkNudGd0NVRxaHhiVFlnZ09xcGVjQ3MySEZFMUxqSEFXRTYwZkQyNW5sZzdGVVREeUl2N3VlMVl1eXJ5NWZpVnFXYjk2TW8yLTBZUWpQWXY2ZlBQS2VaN3lfNFA1UGJzNVhGaXVFeFNXLURuWEFVeFM5ZS1id1V1WWFzcDdObmVSek82d2JSRjFVelNPNjg5NjVBdkZkajdfaVVTSXlqeTBkbGRFWEJRS05rbkJkWHhGNjYxMk9GS2tQYXBMQy1IMFlGREpnVC01MXo?oc=5\" target=\"_blank\" rel=\"noopener\">Google Pixel et GrapheneOS : la botte secr\u00e8te des narcotrafiquants pour prot\u00e9ger leurs donn\u00e9es de la police<\/a>&nbsp;&nbsp;Le Parisien<\/li>\n<li><a href=\"https:\/\/news.google.com\/rss\/articles\/CBMi6AFBVV95cUxPTUtWdlE1TFE5X1pmb2JtMHNXX2dFN2s2NHdFSFlLYThReWppaWV1dUtORllxYURYRU92aXpERHZzanpYT1hnX3lJakJQMjVEYWh4MjgzTFpkdXcxZnRWMzhzYkp6dW5RcUUwaENqOU9fZDZRejM5X2FhTldfdmg0VzU3Sm1QbGJCWXFBc1Q5QnJlVF9xUGlzWUdaSDZBM3JSNDRnSVIwbGVtc2E2V1lEV2VFMGxaV09WMDlXb0VtT2tRbHRfVlFCemdPSHBiRi00WWk0blBUa25HcjkxSFlQYVloT2pBWXoz?oc=5\" target=\"_blank\" rel=\"noopener\">INFO EUROPE 1 &#8211; \u00abGraphene OS\u00bb : la nouvelle arme des narcotrafiquants pour effacer les donn\u00e9es de leurs t\u00e9l\u00e9phones<\/a>&nbsp;&nbsp;europe1.fr<\/li>\n<\/ol>\n","protected":false},"excerpt":{"rendered":"\u00ab Nous ne nous sentons plus en s\u00e9curit\u00e9 en France \u00bb : pourquoi GrapheneOS retire ses serveurs de&hellip;\n","protected":false},"author":2,"featured_media":395849,"comment_status":"","ping_status":"","sticky":false,"template":"","format":"standard","meta":{"footnotes":""},"categories":[7],"tags":[1011,27,43,40,41,39,42,44],"class_list":{"0":"post-550585","1":"post","2":"type-post","3":"status-publish","4":"format-standard","5":"has-post-thumbnail","7":"category-sciences-et-technologies","8":"tag-fr","9":"tag-france","10":"tag-science","11":"tag-science-and-technology","12":"tag-sciences","13":"tag-sciences-et-technologies","14":"tag-technologies","15":"tag-technology"},"share_on_mastodon":{"url":"https:\/\/pubeurope.com\/@fr\/115591533274632807","error":""},"_links":{"self":[{"href":"https:\/\/www.europesays.com\/fr\/wp-json\/wp\/v2\/posts\/550585","targetHints":{"allow":["GET"]}}],"collection":[{"href":"https:\/\/www.europesays.com\/fr\/wp-json\/wp\/v2\/posts"}],"about":[{"href":"https:\/\/www.europesays.com\/fr\/wp-json\/wp\/v2\/types\/post"}],"author":[{"embeddable":true,"href":"https:\/\/www.europesays.com\/fr\/wp-json\/wp\/v2\/users\/2"}],"replies":[{"embeddable":true,"href":"https:\/\/www.europesays.com\/fr\/wp-json\/wp\/v2\/comments?post=550585"}],"version-history":[{"count":0,"href":"https:\/\/www.europesays.com\/fr\/wp-json\/wp\/v2\/posts\/550585\/revisions"}],"wp:featuredmedia":[{"embeddable":true,"href":"https:\/\/www.europesays.com\/fr\/wp-json\/wp\/v2\/media\/395849"}],"wp:attachment":[{"href":"https:\/\/www.europesays.com\/fr\/wp-json\/wp\/v2\/media?parent=550585"}],"wp:term":[{"taxonomy":"category","embeddable":true,"href":"https:\/\/www.europesays.com\/fr\/wp-json\/wp\/v2\/categories?post=550585"},{"taxonomy":"post_tag","embeddable":true,"href":"https:\/\/www.europesays.com\/fr\/wp-json\/wp\/v2\/tags?post=550585"}],"curies":[{"name":"wp","href":"https:\/\/api.w.org\/{rel}","templated":true}]}}