{"id":550588,"date":"2025-11-22T04:47:12","date_gmt":"2025-11-22T04:47:12","guid":{"rendered":"https:\/\/www.europesays.com\/fr\/550588\/"},"modified":"2025-11-22T04:47:12","modified_gmt":"2025-11-22T04:47:12","slug":"la-cop30-senfonce-dans-la-nuit-lambition-sur-la-sortie-des-fossiles-en-peril-actualites","status":"publish","type":"post","link":"https:\/\/www.europesays.com\/fr\/550588\/","title":{"rendered":"La COP30 s&rsquo;enfonce dans la nuit, l&rsquo;ambition sur la sortie des fossiles en p\u00e9ril : Actualit\u00e9s"},"content":{"rendered":"<p class=\"lead \">Les n\u00e9gociations de la COP30 au Br\u00e9sil se sont prolong\u00e9es samedi dans une lutte nocturne acharn\u00e9e pour finaliser un accord a minima, apr\u00e8s deux semaines chaotiques de sommet en Amazonie, proche de se conclure sans engagement majeur pour acc\u00e9l\u00e9rer la sortie des \u00e9nergies fossiles.<\/p>\n<p class=\"lead \">L&rsquo;enjeu est de sceller un accord pour rattraper le retard pris par l&rsquo;humanit\u00e9 dans sa lutte contre la pollution carbone, soutenir l&rsquo;adaptation au changement climatique des pays pauvres et d\u00e9montrer la viabilit\u00e9 du multilat\u00e9ralisme dans un monde fractur\u00e9. <\/p>\n<p class=\"lead \">Mais depuis vendredi \u00e0 l&rsquo;aube, les pays se disputent \u00e0 Belem sur un texte de la pr\u00e9sidence br\u00e9silienne des n\u00e9gociations qui ne contient plus le mot \u00ab\u00a0fossiles\u00a0\u00bb. Et encore moins la cr\u00e9ation d&rsquo;une \u00ab\u00a0feuille de route\u00a0\u00bb sur la sortie du p\u00e9trole, du charbon et du gaz, r\u00e9clam\u00e9e par au moins 80 pays europ\u00e9ens, latino-am\u00e9ricains ou insulaires, et endoss\u00e9e par le pr\u00e9sident br\u00e9silien Lula lui-m\u00eame.<\/p>\n<p class=\"lead \">Au point que l&rsquo;Union europ\u00e9enne a \u00e9voqu\u00e9 la perspective de partir \u00ab\u00a0sans accord\u00a0\u00bb, ce qui serait un \u00e9chec humiliant pour le Br\u00e9sil et cette premi\u00e8re conf\u00e9rence climatique de l&rsquo;ONU en Amazonie, d\u00e9but\u00e9e le 10 novembre.<\/p>\n<p class=\"lead \">Les Europ\u00e9ens se retrouvent \u00ab\u00a0isol\u00e9s\u00a0\u00bb dans leur refus du texte, certains pays souhaitant claquer la porte et d&rsquo;autres ayant \u00ab\u00a0peur (&#8230;) d&rsquo;endosser la responsabilit\u00e9\u00a0\u00bb de l&rsquo;\u00e9chec du sommet, selon une d\u00e9l\u00e9gation d&rsquo;un des 27.<\/p>\n<p class=\"lead \">Qui s&rsquo;oppose \u00e0 des efforts sur les fossiles? L&rsquo;Inde, l&rsquo;Arabie saoudite et la Russie, rejoints par des pays \u00e9mergents, a d\u00e9clar\u00e9 Monique Barbut, ministre fran\u00e7aise de la Transition \u00e9cologique.<\/p>\n<p class=\"lead \">\u00ab\u00a0Je mets en garde les m\u00e9dias contre les narratifs simplistes sur les v\u00e9ritables bloqueurs\u00a0\u00bb, a r\u00e9pondu Romain Ioualalen, de l&rsquo;ONG Oil Change International, soulignant que les n\u00e9gociations portent aussi sur des aides aux pays pauvres \u00ab\u00a0qui sont bloqu\u00e9es par les pays d\u00e9velopp\u00e9s\u00a0\u00bb.<\/p>\n<p class=\"lead \">\u00ab\u00a0Ne nous laissons pas distraire par tout ce bruit. Dans toute n\u00e9gociation climatique, il y aura toujours des accusations. Concentrons-nous sur l\u2019essentiel: l&rsquo;acc\u00e8s \u00e0 l\u2019\u00e9nergie pour les plus pauvres, la s\u00e9curit\u00e9 \u00e9nerg\u00e9tique pour tous et la durabilit\u00e9 \u00e9nerg\u00e9tique pour la plan\u00e8te\u00a0\u00bb, dit \u00e0 l&rsquo;AFP l&rsquo;Indien Arunabha Ghosh, \u00e9missaire de la COP30 pour l&rsquo;Asie du Sud.<\/p>\n<p class=\"lead \">Le projet d&rsquo;accord demande des \u00ab\u00a0efforts\u00a0\u00bb pour tripler les financements pour l&rsquo;adaptation des pays pauvres au changement climatique. Mais les pays riches sont r\u00e9ticents \u00e0 remettre la main au portefeuille apr\u00e8s une COP29 qui les a engag\u00e9s sur dix ans.<\/p>\n<p class=\"lead \">Apr\u00e8s l&rsquo;\u00e9chec d&rsquo;une longue r\u00e9union \u00e0 la mi-journ\u00e9e avec les pr\u00e8s de 190 pays pr\u00e9sents, la pr\u00e9sidence br\u00e9silienne a chang\u00e9 de format. A partir de 17H00 (20H00 GMT), elle a men\u00e9 sans quasi-interruption des discussions \u00e0 huis clos avec un groupe restreint de pays, repr\u00e9sentatifs des diff\u00e9rents blocs.<\/p>\n<p class=\"lead \"> Tr\u00e8s peu a filtr\u00e9 de ce long huis clos qui se poursuivait tard dans la nuit. Selon plusieurs observateurs et d\u00e9l\u00e9gu\u00e9s interrog\u00e9s par l&rsquo;AFP, les d\u00e9bats se concentrent sur des modifications \u00e0 la marge des trois principaux points de frictions : l&rsquo;ambition de r\u00e9duction des \u00e9nergies fossiles, l&rsquo;aide financi\u00e8re due par les pays d\u00e9velopp\u00e9s, et les tensions commerciales sur les taxes carbone aux fronti\u00e8res.<\/p>\n<p class=\"lead \">&#8211; Pression de Lula &#8211;<\/p>\n<p class=\"lead \">\u00ab\u00a0Ceux qui doutent que la coop\u00e9ration soit la meilleure chose \u00e0 faire pour le climat seront absolument ravis de voir qu&rsquo;on n&rsquo;arrive pas \u00e0 nous mettre d&rsquo;accord\u00a0\u00bb, a plaid\u00e9 le pr\u00e9sident de la COP30, le diplomate Andr\u00e9 Correa do Lago.<\/p>\n<p class=\"lead \">Il a la lourde t\u00e2che de mettre d&rsquo;accord 194 pays et l&rsquo;Union europ\u00e9enne, membres de l&rsquo;accord de Paris, pour une adoption par consensus, comme c&rsquo;est la r\u00e8gle aux COP.<\/p>\n<p class=\"lead \">L&rsquo;id\u00e9e d&rsquo;une \u00ab\u00a0feuille de route\u00a0\u00bb pour acc\u00e9l\u00e9rer la sortie du p\u00e9trole, du charbon et du gaz, largement responsables du r\u00e9chauffement climatique, est n\u00e9e de la frustration face au manque de concr\u00e9tisation de l&rsquo;engagement \u00e0 leur abandon progressif pris \u00e0 la COP28 il y a deux ans.<\/p>\n<p class=\"lead \">Dans une ann\u00e9e g\u00e9opolitique mouvement\u00e9e, avec de nombreux pays occidentaux se d\u00e9tournant politiquement du climat, peu comptaient sur le retour de cette question au menu, jusqu&rsquo;\u00e0 ce que le pr\u00e9sident Lula la remette au centre du jeu au d\u00e9but du sommet.<\/p>\n<p class=\"lead \">Pour la ministre colombienne de l&rsquo;Environnement Irene Velez Torres, dont le pays est devenu un chef de file anti-p\u00e9trole, la COP30 \u00ab\u00a0ne peut se terminer sans feuille de route pour abandonner les \u00e9nergies fossiles\u00a0\u00bb.<\/p>\n<p class=\"small font-weight-bold text-gray3 \"> publi\u00e9 le 22 novembre \u00e0 05h29, AFP<\/p>\n<p>                             Partager<\/p>\n","protected":false},"excerpt":{"rendered":"Les n\u00e9gociations de la COP30 au Br\u00e9sil se sont prolong\u00e9es samedi dans une lutte nocturne acharn\u00e9e pour finaliser&hellip;\n","protected":false},"author":2,"featured_media":550589,"comment_status":"","ping_status":"","sticky":false,"template":"","format":"standard","meta":{"footnotes":""},"categories":[5],"tags":[14427,11,17787,1129,53082,312,436,1011,27,14,12,3521,28],"class_list":{"0":"post-550588","1":"post","2":"type-post","3":"status-publish","4":"format-standard","5":"has-post-thumbnail","7":"category-international","8":"tag-nergie","9":"tag-actualites","10":"tag-brsil","11":"tag-climat","12":"tag-cop30","13":"tag-diplomatie","14":"tag-environnement","15":"tag-fr","16":"tag-france","17":"tag-international","18":"tag-news","19":"tag-onu","20":"tag-world"},"share_on_mastodon":{"url":"https:\/\/pubeurope.com\/@fr\/115591541145730567","error":""},"_links":{"self":[{"href":"https:\/\/www.europesays.com\/fr\/wp-json\/wp\/v2\/posts\/550588","targetHints":{"allow":["GET"]}}],"collection":[{"href":"https:\/\/www.europesays.com\/fr\/wp-json\/wp\/v2\/posts"}],"about":[{"href":"https:\/\/www.europesays.com\/fr\/wp-json\/wp\/v2\/types\/post"}],"author":[{"embeddable":true,"href":"https:\/\/www.europesays.com\/fr\/wp-json\/wp\/v2\/users\/2"}],"replies":[{"embeddable":true,"href":"https:\/\/www.europesays.com\/fr\/wp-json\/wp\/v2\/comments?post=550588"}],"version-history":[{"count":0,"href":"https:\/\/www.europesays.com\/fr\/wp-json\/wp\/v2\/posts\/550588\/revisions"}],"wp:featuredmedia":[{"embeddable":true,"href":"https:\/\/www.europesays.com\/fr\/wp-json\/wp\/v2\/media\/550589"}],"wp:attachment":[{"href":"https:\/\/www.europesays.com\/fr\/wp-json\/wp\/v2\/media?parent=550588"}],"wp:term":[{"taxonomy":"category","embeddable":true,"href":"https:\/\/www.europesays.com\/fr\/wp-json\/wp\/v2\/categories?post=550588"},{"taxonomy":"post_tag","embeddable":true,"href":"https:\/\/www.europesays.com\/fr\/wp-json\/wp\/v2\/tags?post=550588"}],"curies":[{"name":"wp","href":"https:\/\/api.w.org\/{rel}","templated":true}]}}