{"id":550590,"date":"2025-11-22T04:48:15","date_gmt":"2025-11-22T04:48:15","guid":{"rendered":"https:\/\/www.europesays.com\/fr\/550590\/"},"modified":"2025-11-22T04:48:15","modified_gmt":"2025-11-22T04:48:15","slug":"magistrat-poignarde-chez-lui-a-quimper-un-homme-de-33-ans-mis-en-examen-pour-meurtre","status":"publish","type":"post","link":"https:\/\/www.europesays.com\/fr\/550590\/","title":{"rendered":"Magistrat poignard\u00e9 chez lui \u00e0 Quimper\u00a0: un homme de 33 ans mis en examen pour meurtre"},"content":{"rendered":"<p>Comme nous l\u2019avons r\u00e9v\u00e9l\u00e9 le jeudi 20 novembre, c\u2019est un Quimp\u00e9rois de 33 ans qui est soup\u00e7onn\u00e9 d\u2019avoir tu\u00e9 \u00c9ric S\u00e9v\u00e8re-Jolivet, 61 ans, ancien avocat g\u00e9n\u00e9ral pr\u00e8s de la cour d\u2019appel de Rennes, et qui vivait depuis \u00e0 Quimper, dans une maison bourgeoise du quartier d\u2019Ergu\u00e9-Armel. Son corps a \u00e9t\u00e9 retrouv\u00e9 le dimanche 16 novembre dans la chambre, pr\u00e8s du lit, gisant dans une importante mare de sang. Son d\u00e9c\u00e8s \u00e9tait cons\u00e9cutif \u00e0 plusieurs plaies par arme blanche.<\/p>\n<p>\u00c0 l\u2019issue de sa garde \u00e0 vue, l\u2019homme a \u00e9t\u00e9 pr\u00e9sent\u00e9 au juge d\u2019instruction du p\u00f4le criminel du tribunal judiciaire de Brest. Il a \u00e9t\u00e9 mis en examen pour homicide volontaire et plac\u00e9 en d\u00e9tention par le juge des libert\u00e9s et de la d\u00e9tention.<\/p>\n<p>\u00ab\u00a0Un diff\u00e9rend a d\u00e9bouch\u00e9 sur une rixe\u00a0\u00bb<\/p>\n<p>Les enqu\u00eateurs de la DCOS (division de la criminalit\u00e9 organis\u00e9e et sp\u00e9cialis\u00e9e, ex-PJ) ont tr\u00e8s vite port\u00e9 leurs soup\u00e7ons sur cet homme d\u00e9j\u00e0 condamn\u00e9 par la justice, dont la derni\u00e8re fois, le 12 novembre, mais son \u00e9tat psychologique les a emp\u00each\u00e9s de le placer tout de suite en garde \u00e0 vue.<\/p>\n<p>Dans un communiqu\u00e9, adress\u00e9 ce vendredi 21 novembre au soir, C\u00e9cile Flamet, procureure de la R\u00e9publique de Quimper, confirme qu\u2019\u00ab\u00a0un individu, \u00e2g\u00e9 de 33 ans, habitant le Sud-Finist\u00e8re, a \u00e9t\u00e9 hospitalis\u00e9 sous contrainte, le samedi 15 novembre, apr\u00e8s s\u2019\u00eatre pr\u00e9sent\u00e9 \u00e0 une de ses connaissances dans un \u00e9tat d\u2019extr\u00eame agitation. Il a \u00e9t\u00e9 interpell\u00e9 dans la journ\u00e9e du 20 novembre et plac\u00e9 en garde \u00e0 vue\u00a0\u00bb. <\/p>\n<p>D\u2019ajouter\u00a0: \u00ab\u00a0En audition, l\u2019int\u00e9ress\u00e9 a expliqu\u00e9 avoir d\u00e9j\u00e0 rencontr\u00e9 la victime, quelques mois auparavant, et s\u2019\u00eatre pr\u00e9sent\u00e9 \u00e0 son domicile, le soir des faits. L\u2019absence de signe d\u2019effraction semble indiquer qu\u2019il est entr\u00e9 avec l\u2019accord du ma\u00eetre des lieux. Au cours de la soir\u00e9e, un diff\u00e9rend entre eux a d\u00e9bouch\u00e9 sur une rixe, au cours de laquelle le mis en cause a port\u00e9 plusieurs coups de couteau \u00e0 M. \u00c9ric S\u00e9v\u00e8re-Jolivet. Il a affirm\u00e9 s\u2019\u00eatre trouv\u00e9 en situation de l\u00e9gitime d\u00e9fense. Il a expliqu\u00e9, ensuite, avoir quitt\u00e9 la maison, apr\u00e8s s\u2019\u00eatre empar\u00e9 de divers effets de la victime, fuyant \u00e0 l\u2019aide du v\u00e9hicule de M. \u00c9ric S\u00e9v\u00e8re-Jolivet. Il est toutefois revenu ult\u00e9rieurement sur place et a abandonn\u00e9 le v\u00e9hicule sur le trottoir\u00a0\u00bb.<\/p>\n<p>Pas de lien avec le m\u00e9tier de la victime<\/p>\n<p>La procureure pr\u00e9cise que \u00ab\u00a0l\u2019ensemble de ces d\u00e9clarations devra \u00eatre v\u00e9rifi\u00e9 par l\u2019information judiciaire\u00a0\u00bb. Et qu\u2019\u00ab\u00a0en l\u2019\u00e9tat des investigations, il n\u2019appara\u00eet pas de lien entre les faits commis et l\u2019activit\u00e9 professionnelle pass\u00e9e\u00a0\u00bb de la victime.<\/p>\n<p>Le crime de meurtre est puni de 30 ans de r\u00e9clusion criminelle.<\/p>\n","protected":false},"excerpt":{"rendered":"Comme nous l\u2019avons r\u00e9v\u00e9l\u00e9 le jeudi 20 novembre, c\u2019est un Quimp\u00e9rois de 33 ans qui est soup\u00e7onn\u00e9 d\u2019avoir&hellip;\n","protected":false},"author":2,"featured_media":550591,"comment_status":"","ping_status":"","sticky":false,"template":"","format":"standard","meta":{"footnotes":""},"categories":[4],"tags":[11,829,1011,27,12,25],"class_list":{"0":"post-550590","1":"post","2":"type-post","3":"status-publish","4":"format-standard","5":"has-post-thumbnail","7":"category-france","8":"tag-actualites","9":"tag-bretagne","10":"tag-fr","11":"tag-france","12":"tag-news","13":"tag-republique-francaise"},"share_on_mastodon":{"url":"https:\/\/pubeurope.com\/@fr\/115591545105426189","error":""},"_links":{"self":[{"href":"https:\/\/www.europesays.com\/fr\/wp-json\/wp\/v2\/posts\/550590","targetHints":{"allow":["GET"]}}],"collection":[{"href":"https:\/\/www.europesays.com\/fr\/wp-json\/wp\/v2\/posts"}],"about":[{"href":"https:\/\/www.europesays.com\/fr\/wp-json\/wp\/v2\/types\/post"}],"author":[{"embeddable":true,"href":"https:\/\/www.europesays.com\/fr\/wp-json\/wp\/v2\/users\/2"}],"replies":[{"embeddable":true,"href":"https:\/\/www.europesays.com\/fr\/wp-json\/wp\/v2\/comments?post=550590"}],"version-history":[{"count":0,"href":"https:\/\/www.europesays.com\/fr\/wp-json\/wp\/v2\/posts\/550590\/revisions"}],"wp:featuredmedia":[{"embeddable":true,"href":"https:\/\/www.europesays.com\/fr\/wp-json\/wp\/v2\/media\/550591"}],"wp:attachment":[{"href":"https:\/\/www.europesays.com\/fr\/wp-json\/wp\/v2\/media?parent=550590"}],"wp:term":[{"taxonomy":"category","embeddable":true,"href":"https:\/\/www.europesays.com\/fr\/wp-json\/wp\/v2\/categories?post=550590"},{"taxonomy":"post_tag","embeddable":true,"href":"https:\/\/www.europesays.com\/fr\/wp-json\/wp\/v2\/tags?post=550590"}],"curies":[{"name":"wp","href":"https:\/\/api.w.org\/{rel}","templated":true}]}}