{"id":550606,"date":"2025-11-22T05:01:02","date_gmt":"2025-11-22T05:01:02","guid":{"rendered":"https:\/\/www.europesays.com\/fr\/550606\/"},"modified":"2025-11-22T05:01:02","modified_gmt":"2025-11-22T05:01:02","slug":"une-jeune-femme-heliportee-en-urgence-absolue-a-rouen","status":"publish","type":"post","link":"https:\/\/www.europesays.com\/fr\/550606\/","title":{"rendered":"une jeune femme h\u00e9liport\u00e9e en urgence absolue \u00e0 Rouen"},"content":{"rendered":"<p>                    Par<br \/>\n        <strong><br \/>\n            <a href=\"https:\/\/actu.fr\/auteur\/simon-lenormand02-actu-fr\" title=\"Consulter tous les articles de Simon Lenormand\" target=\"_blank\" rel=\"noopener\">Simon Lenormand<\/a><br \/>\n                    <\/strong><\/p>\n<p>        Publi\u00e9 le<\/p>\n<p>            21 nov. 2025 \u00e0 16h04        <\/p>\n<p>Peu avant 10 h,<b> vendredi 21 novembre 2025<\/b>, les pompiers ont \u00e9t\u00e9 appel\u00e9s pour un <b>accident \u00ab\u00a0fronto-lat\u00e9ral\u00a0\u00bb <\/b>entre deux v\u00e9hicules l\u00e9gers sur la <b>RD137<\/b>, \u00e0<a href=\"https:\/\/actu.fr\/normandie\/villez-sur-le-neubourg_27695\" target=\"_blank\" rel=\"noopener\"> Villez-sur-le-Neubourg<\/a> (Eure). A leur arriv\u00e9e sur les lieux, ils d\u00e9couvrent <b>deux<\/b> <b>victimes <\/b>: un homme de 44 ans et une femme de 26 ans <b>inconsciente<\/b>, <b>pi\u00e9g\u00e9e <\/b>\u00e0 l\u2019int\u00e9rieur de son v\u00e9hicule.<\/p>\n<p>H\u00e9liport\u00e9e au CHU de Rouen<\/p>\n<p class=\" wall-content\">Apr\u00e8s avoir \u00e9t\u00e9 d\u00e9sincarc\u00e9r\u00e9e par les<b> 11 pompiers<\/b> du Neubourg et d\u2019Amfreville-Saint-Amand pr\u00e9sents lors de l\u2019intervention, cette derni\u00e8re a \u00e9t\u00e9 transport\u00e9e en <b>urgence absolue<\/b> au CHU de Rouen par <b>l\u2019h\u00e9licopt\u00e8re Viking 76<\/b>. L\u2019homme a lui \u00e9t\u00e9 pris en charge par le v\u00e9hicule de secours et d\u2019assistance aux victimes (VSAV) des pompiers et emmen\u00e9 au CHI d\u2019Elbeuf, en <b>urgence relative.<\/b><\/p>\n<p class=\" wall-content\">Barr\u00e9e dans les deux sens durant le temps de l\u2019intervention, la <b>circulation <\/b>a \u00e9t\u00e9 <b>r\u00e9tablie <\/b>peu apr\u00e8s <b>11h.<\/b>\u00a0<\/p>\n<p class=\" wall-content\">Personnalisez votre actualit\u00e9 en ajoutant vos villes et m\u00e9dias en favori avec <a href=\"https:\/\/moncompte.actu.fr\" title=\"D\u00e9couvez Mon Actu\" rel=\"nofollow noopener\" data-trk=\"{&quot;cta&quot;:{&quot;action&quot;:&quot;https:\\\/\\\/moncompte.actu.fr&quot;,&quot;category&quot;:&quot;mon compte&quot;,&quot;from&quot;:&quot;article footer&quot;,&quot;name&quot;:&quot;Mon actu&quot;,&quot;type&quot;:&quot;cta&quot;}}\" target=\"_blank\">Mon Actu<\/a>.<\/p>\n","protected":false},"excerpt":{"rendered":"Par Simon Lenormand Publi\u00e9 le 21 nov. 2025 \u00e0 16h04 Peu avant 10 h, vendredi 21 novembre 2025,&hellip;\n","protected":false},"author":2,"featured_media":550607,"comment_status":"","ping_status":"","sticky":false,"template":"","format":"standard","meta":{"footnotes":""},"categories":[9587],"tags":[119,1111,11,1777,674,118,1011,27,12,5161,13487,25,9590],"class_list":{"0":"post-550606","1":"post","2":"type-post","3":"status-publish","4":"format-standard","5":"has-post-thumbnail","7":"category-rouen","8":"tag-accident","9":"tag-actu","10":"tag-actualites","11":"tag-eu","12":"tag-europe","13":"tag-faits-divers","14":"tag-fr","15":"tag-france","16":"tag-news","17":"tag-normandie","18":"tag-plateau-du-neubourg","19":"tag-republique-francaise","20":"tag-rouen"},"share_on_mastodon":{"url":"https:\/\/pubeurope.com\/@fr\/115591596118391968","error":""},"_links":{"self":[{"href":"https:\/\/www.europesays.com\/fr\/wp-json\/wp\/v2\/posts\/550606","targetHints":{"allow":["GET"]}}],"collection":[{"href":"https:\/\/www.europesays.com\/fr\/wp-json\/wp\/v2\/posts"}],"about":[{"href":"https:\/\/www.europesays.com\/fr\/wp-json\/wp\/v2\/types\/post"}],"author":[{"embeddable":true,"href":"https:\/\/www.europesays.com\/fr\/wp-json\/wp\/v2\/users\/2"}],"replies":[{"embeddable":true,"href":"https:\/\/www.europesays.com\/fr\/wp-json\/wp\/v2\/comments?post=550606"}],"version-history":[{"count":0,"href":"https:\/\/www.europesays.com\/fr\/wp-json\/wp\/v2\/posts\/550606\/revisions"}],"wp:featuredmedia":[{"embeddable":true,"href":"https:\/\/www.europesays.com\/fr\/wp-json\/wp\/v2\/media\/550607"}],"wp:attachment":[{"href":"https:\/\/www.europesays.com\/fr\/wp-json\/wp\/v2\/media?parent=550606"}],"wp:term":[{"taxonomy":"category","embeddable":true,"href":"https:\/\/www.europesays.com\/fr\/wp-json\/wp\/v2\/categories?post=550606"},{"taxonomy":"post_tag","embeddable":true,"href":"https:\/\/www.europesays.com\/fr\/wp-json\/wp\/v2\/tags?post=550606"}],"curies":[{"name":"wp","href":"https:\/\/api.w.org\/{rel}","templated":true}]}}