{"id":550610,"date":"2025-11-22T05:05:16","date_gmt":"2025-11-22T05:05:16","guid":{"rendered":"https:\/\/www.europesays.com\/fr\/550610\/"},"modified":"2025-11-22T05:05:16","modified_gmt":"2025-11-22T05:05:16","slug":"dans-un-restaurant-en-ille-et-vilaine-un-client-fait-une-fausse-route-puis-un-arret-cardiaque","status":"publish","type":"post","link":"https:\/\/www.europesays.com\/fr\/550610\/","title":{"rendered":"Dans un restaurant en Ille-et-Vilaine, un client fait une fausse route puis un arr\u00eat cardiaque"},"content":{"rendered":"<p>C\u2019est une fausse route qui aurait d\u00e9clench\u00e9 l\u2019arr\u00eat cardiaque. En plein service du d\u00e9jeuner, un client d\u2019un restaurant de la place de la Gare \u00e0 Montauban-de-Bretagne (Ille-et-Vilaine), s\u2019est effondr\u00e9.\u00a0Le c\u0153ur de cet homme, \u00e2g\u00e9 de 94\u00a0ans, s\u2019est arr\u00eat\u00e9.<\/p>\n<p><strong>Lire aussi<\/strong>\u00a0: \u00ab<a href=\"https:\/\/rennes.maville.com\/actu\/actudet_--seul-la-nuit-avec-30-patients-a-rennes-les-urgences-a-bout-de-souffle-cherchent-une-issue-_7-6997078_actu.Htm\" target=\"_blank\" rel=\"noopener\">\u00a0Seul la nuit avec 30\u00a0patients\u00a0\u00bb\u00a0: \u00e0 Rennes, les urgences \u00e0 bout de souffle cherchent une issue<\/a><\/p>\n<p>L\u2019homme r\u00e9anim\u00e9 sur place<\/p>\n<p>D\u00e9p\u00each\u00e9s sur place, les pompiers et le Samu sont parvenus \u00e0 r\u00e9animer la victime qui a \u00e9t\u00e9 transport\u00e9e, en urgence absolue, au centre hospitalier de Pontchaillou \u00e0 Rennes.<\/p>\n<p>\u00a0<\/p>\n","protected":false},"excerpt":{"rendered":"C\u2019est une fausse route qui aurait d\u00e9clench\u00e9 l\u2019arr\u00eat cardiaque. En plein service du d\u00e9jeuner, un client d\u2019un restaurant&hellip;\n","protected":false},"author":2,"featured_media":550611,"comment_status":"","ping_status":"","sticky":false,"template":"","format":"standard","meta":{"footnotes":""},"categories":[2821],"tags":[1111,11,16433,829,58560,18294,1777,674,21,24567,1011,27,848,12,584,25,1340,209],"class_list":{"0":"post-550610","1":"post","2":"type-post","3":"status-publish","4":"format-standard","5":"has-post-thumbnail","7":"category-rennes","8":"tag-actu","9":"tag-actualites","10":"tag-arret","11":"tag-bretagne","12":"tag-cardiaque","13":"tag-client","14":"tag-eu","15":"tag-europe","16":"tag-fait","17":"tag-fausse","18":"tag-fr","19":"tag-france","20":"tag-ille-et-vilaine","21":"tag-news","22":"tag-rennes","23":"tag-republique-francaise","24":"tag-restaurant","25":"tag-route"},"share_on_mastodon":{"url":"https:\/\/pubeurope.com\/@fr\/115591611994713527","error":""},"_links":{"self":[{"href":"https:\/\/www.europesays.com\/fr\/wp-json\/wp\/v2\/posts\/550610","targetHints":{"allow":["GET"]}}],"collection":[{"href":"https:\/\/www.europesays.com\/fr\/wp-json\/wp\/v2\/posts"}],"about":[{"href":"https:\/\/www.europesays.com\/fr\/wp-json\/wp\/v2\/types\/post"}],"author":[{"embeddable":true,"href":"https:\/\/www.europesays.com\/fr\/wp-json\/wp\/v2\/users\/2"}],"replies":[{"embeddable":true,"href":"https:\/\/www.europesays.com\/fr\/wp-json\/wp\/v2\/comments?post=550610"}],"version-history":[{"count":0,"href":"https:\/\/www.europesays.com\/fr\/wp-json\/wp\/v2\/posts\/550610\/revisions"}],"wp:featuredmedia":[{"embeddable":true,"href":"https:\/\/www.europesays.com\/fr\/wp-json\/wp\/v2\/media\/550611"}],"wp:attachment":[{"href":"https:\/\/www.europesays.com\/fr\/wp-json\/wp\/v2\/media?parent=550610"}],"wp:term":[{"taxonomy":"category","embeddable":true,"href":"https:\/\/www.europesays.com\/fr\/wp-json\/wp\/v2\/categories?post=550610"},{"taxonomy":"post_tag","embeddable":true,"href":"https:\/\/www.europesays.com\/fr\/wp-json\/wp\/v2\/tags?post=550610"}],"curies":[{"name":"wp","href":"https:\/\/api.w.org\/{rel}","templated":true}]}}