{"id":550612,"date":"2025-11-22T05:06:19","date_gmt":"2025-11-22T05:06:19","guid":{"rendered":"https:\/\/www.europesays.com\/fr\/550612\/"},"modified":"2025-11-22T05:06:19","modified_gmt":"2025-11-22T05:06:19","slug":"faire-du-roazhon-park-une-place-forte-cette-saison-rennes-a-trouve-la-recette-pour-battre-les-grosses-equipes-de-ligue-1","status":"publish","type":"post","link":"https:\/\/www.europesays.com\/fr\/550612\/","title":{"rendered":"\u00ab\u00a0Faire du Roazhon Park une place forte\u00a0\u00bb\u00a0: cette saison, Rennes a trouv\u00e9 la recette pour battre les grosses \u00e9quipes de Ligue\u00a01"},"content":{"rendered":"<p>Ligue 1 (13e journ\u00e9e). Rennes &#8211; Monaco, ce samedi (19\u00a0h)<\/p>\n<p>Gagner trois matchs de rang en Ligue 1, <a href=\"https:\/\/www.letelegramme.fr\/sports\/football\/stade-rennais\/\" target=\"_blank\" rel=\"nofollow noopener\">le Stade Rennais<\/a> ne l\u2019a plus fait depuis le 11 f\u00e9vrier 2024, encha\u00eenant alors Lyon (3-2), Montpellier (2-1) et Le Havre (1-0). Apr\u00e8s son joli succ\u00e8s contre Strasbourg (4-1) et sa courte victoire \u00e0 Jean-Bouin face au Paris FC (0-1) avant la tr\u00eave, Rennes peut renouer avec le \u00ab\u00a0trois \u00e0 la suite\u00a0\u00bb. D\u2019autant que l\u2019adversaire du jour, Monaco, peut lui convenir. Pourquoi\u00a0? D\u00e9j\u00e0 vainqueur de Marseille (1-0), Lyon (3-1) et donc Strasbourg au Roazhon Park, cette saison, Rennes sait man\u0153uvrer les poids lourds.<\/p>\n<p>\u00ab\u00a0C\u2019est encore un gros qui se pr\u00e9sente et on a eu, en tout cas, la capacit\u00e9 de bien jouer ces matchs-l\u00e0. Je pense \u00e0 Lyon, je pense \u00e0 Marseille, je pense \u00e0 ce match de Strasbourg\u2026 Il faut continuer \u00e0 faire du Roazhon Park une place forte\u00a0\u00bb, livre Habib Beye.<\/p>\n<p>Comment son \u00e9quipe a-t-elle fait pour si bien s\u2019en sortir face aux costauds\u00a0? Apr\u00e8s un quart de saison, le groupe du capitaine Valentin Rongier est une formation qui sait faire mal en transition, c\u2019est-\u00e0-dire dans sa capacit\u00e9 \u00e0 contrer, en s\u2019appuyant notamment sur les passes \u00ab\u00a0laser\u00a0\u00bb de Djaoui Ciss\u00e9 pour percer les d\u00e9fenses et, en cible pr\u00e9f\u00e9r\u00e9e, Al-Tamari couloir gauche, et les acc\u00e9l\u00e9rations de Mahdi Camara pour impacter.<\/p>\n<p>Un pressing intense<\/p>\n<p>Face \u00e0 des \u00e9quipes qui aiment \u00e0 prendre les choses en mains, Rennes a su, dans son jardin, en tirer profit. Avec seulement 27,8\u00a0% de possession contre Marseille (plus d\u2019une heure \u00e0 dix contre onze), 48,2\u00a0% contre Lyon (fin de match \u00e0 onze contre dix) et encore 41,2\u00a0% contre Strasbourg en \u00e9galit\u00e9 num\u00e9rique, Rennes ne culmine qu\u2019\u00e0 48\u00a0% de possession en globalit\u00e9 sur sa pelouse.<\/p>\n<p>Sa force\u00a0? C\u2019est aussi son pressing intense. \u00ab\u00a0En termes de ratio, on est la deuxi\u00e8me meilleure \u00e9quipe sur la logique de pressing sur les 5,50 m adverses. Pour donner un exemple, Strasbourg est l\u2019une des plus performantes pour sortir le ballon. On a r\u00e9ussi \u00e0 aller chercher le ballon sept fois dans leur camp sur leurs sept sorties de balles\u00a0\u00bb, souligne encore Beye, qui a appr\u00e9ci\u00e9 les deux visages affich\u00e9s contre les Alsaciens et les Parisiens, louant \u00ab\u00a0d\u2019avoir \u00e9t\u00e9 capable de faire les efforts ensemble.\u00a0\u00bb<\/p>\n<p>L\u2019\u00e9quilibre rennais tient \u00e9galement beaucoup cette saison dans la r\u00e9gularit\u00e9 de Samba, tr\u00e8s souvent le meilleur joueur rouge et noir. Il aura encore du boulot ce samedi soir.<\/p>\n<p>Les compositions probables<\/p>\n<p class=\"tech\"><strong class=\"tech\">Arbitre<\/strong>\u00a0: Hakim Ben El Hadj.<\/p>\n<p class=\"tech\"><strong class=\"tech\">RENNES.<\/strong> Samba &#8211; Frankowski, A\u00eft-Boudlal, Jacquet, Brassier, Al-Tamari &#8211; Ma. Camara, Rongier, Dj. Ciss\u00e9 &#8211; Embolo, Lepaul. Entra\u00eeneur\u00a0: Habib Beye.<\/p>\n<p class=\"tech\"><strong class=\"tech\">MONACO.<\/strong> Hr\u00e1deck\u00fd \u2013 Salisu (ou Teze), Kehrer, C. Henrique \u2013 K. Diatta, Golovin, Zakaria (c), K. Ouattara \u2013 Akliouche, Minamino &#8211; Ansu Fati (ou Biereth). Entra\u00eeneur\u00a0: S\u00e9bastien Pocognoli.<\/p>\n","protected":false},"excerpt":{"rendered":"Ligue 1 (13e journ\u00e9e). Rennes &#8211; Monaco, ce samedi (19\u00a0h) Gagner trois matchs de rang en Ligue 1,&hellip;\n","protected":false},"author":2,"featured_media":550613,"comment_status":"","ping_status":"","sticky":false,"template":"","format":"standard","meta":{"footnotes":""},"categories":[2821],"tags":[1111,11,829,1777,674,63,1011,27,66,12,584,25,60,3087],"class_list":{"0":"post-550612","1":"post","2":"type-post","3":"status-publish","4":"format-standard","5":"has-post-thumbnail","7":"category-rennes","8":"tag-actu","9":"tag-actualites","10":"tag-bretagne","11":"tag-eu","12":"tag-europe","13":"tag-football","14":"tag-fr","15":"tag-france","16":"tag-ligue-1","17":"tag-news","18":"tag-rennes","19":"tag-republique-francaise","20":"tag-sports","21":"tag-stade-rennais"},"share_on_mastodon":{"url":"https:\/\/pubeurope.com\/@fr\/115591615726090046","error":""},"_links":{"self":[{"href":"https:\/\/www.europesays.com\/fr\/wp-json\/wp\/v2\/posts\/550612","targetHints":{"allow":["GET"]}}],"collection":[{"href":"https:\/\/www.europesays.com\/fr\/wp-json\/wp\/v2\/posts"}],"about":[{"href":"https:\/\/www.europesays.com\/fr\/wp-json\/wp\/v2\/types\/post"}],"author":[{"embeddable":true,"href":"https:\/\/www.europesays.com\/fr\/wp-json\/wp\/v2\/users\/2"}],"replies":[{"embeddable":true,"href":"https:\/\/www.europesays.com\/fr\/wp-json\/wp\/v2\/comments?post=550612"}],"version-history":[{"count":0,"href":"https:\/\/www.europesays.com\/fr\/wp-json\/wp\/v2\/posts\/550612\/revisions"}],"wp:featuredmedia":[{"embeddable":true,"href":"https:\/\/www.europesays.com\/fr\/wp-json\/wp\/v2\/media\/550613"}],"wp:attachment":[{"href":"https:\/\/www.europesays.com\/fr\/wp-json\/wp\/v2\/media?parent=550612"}],"wp:term":[{"taxonomy":"category","embeddable":true,"href":"https:\/\/www.europesays.com\/fr\/wp-json\/wp\/v2\/categories?post=550612"},{"taxonomy":"post_tag","embeddable":true,"href":"https:\/\/www.europesays.com\/fr\/wp-json\/wp\/v2\/tags?post=550612"}],"curies":[{"name":"wp","href":"https:\/\/api.w.org\/{rel}","templated":true}]}}