{"id":550614,"date":"2025-11-22T05:08:27","date_gmt":"2025-11-22T05:08:27","guid":{"rendered":"https:\/\/www.europesays.com\/fr\/550614\/"},"modified":"2025-11-22T05:08:27","modified_gmt":"2025-11-22T05:08:27","slug":"strasbourg-un-colloque-sur-leurope-et-lavenir-des-europeens","status":"publish","type":"post","link":"https:\/\/www.europesays.com\/fr\/550614\/","title":{"rendered":"Strasbourg. Un colloque sur L\u2019Europe et l\u2019avenir des Europ\u00e9ens"},"content":{"rendered":"<p>\u00c0 l\u2019invitation du magazine  L\u2019Express , responsables politiques, chercheurs, \u00e9crivains, sp\u00e9cialistes \u00e9changeront, lundi \u00e0 Strasbourg, sur les diff\u00e9rents aspects de la question d\u2019une renaissance de la puissance europ\u00e9enne. L\u2019auteur <strong>Giuliano da Empoli<\/strong> ( Les ing\u00e9nieurs du chaos , Le mage du Kremlin ) grand t\u00e9moin de l\u2019\u00e9v\u00e9nement, ouvrira le colloque sur le th\u00e8me de l\u2019Europe face aux pr\u00e9dateurs. Suivra une table ronde consacr\u00e9e \u00e0 l\u2019\u00e9conomie\u00a0: l\u2019Europe peut-elle revenir dans le match\u00a0? Avec <strong>Anna Stellinger<\/strong> (directrice g\u00e9n\u00e9rale adjointe de la Conf\u00e9d\u00e9ration des entreprises su\u00e9doises), <strong>Enrique Martinez<\/strong> (CEO de Fnac Darty) et <strong>Maciej Witucki<\/strong> (pr\u00e9sident de la conf\u00e9d\u00e9ration Lewiatan).<\/p>\n<p>La directrice g\u00e9n\u00e9rale de l\u2019institut Imagine, <strong>Bana Jabri,<\/strong> abordera la question de la libert\u00e9 de penser dans la science avant un d\u00e9bat intitul\u00e9 \u201cL\u2019Europe est-elle f\u00e2ch\u00e9e avec la libert\u00e9\u00a0?\u201d avec <strong>Catherine Fieschi <\/strong> (chercheuse associ\u00e9e \u00e0 l\u2019institut universitaire de Florence) et <strong>Mathieu Laine<\/strong> (Fondateur d\u2019Altermind et essayiste). <strong>Antoine Moni<\/strong> (directeur g\u00e9n\u00e9ral de Spotify pour la France) parlera de softpower europ\u00e9en, avant un d\u00e9bat entre le ministre d\u00e9l\u00e9gu\u00e9 charg\u00e9 de l\u2019Europe <strong>Benjamin Haddad<\/strong> et l\u2019eurod\u00e9put\u00e9e d\u2019extr\u00eame droite <strong>Sarah Knafo<\/strong> sur la question de la r\u00e9conciliation des peuples avec l\u2019Union europ\u00e9enne.<\/p>\n<p>L\u2019\u00e9crivain <strong>Roberto Saviano<\/strong> , auteur d\u2019une \u00e9poustouflante biographie du juge antimafia Falcone, interviendra dans une vid\u00e9o enregistr\u00e9e pour donner son point de vue sur la th\u00e9matique. Le professeur au Coll\u00e8ge de France <strong>William Marx<\/strong> traitera du roman comme id\u00e9al europ\u00e9en, l\u2019entrepreneure <strong>H\u00e9l\u00e8ne Huby<\/strong> pr\u00e9sentera sa soci\u00e9t\u00e9 The Exploration Company qui travaille \u00e0 la r\u00e9alisation d\u2019une capsule spatiale, et pour terminer, le commissaire europ\u00e9en \u00e0 la D\u00e9fense <strong>Andrius Kubilius<\/strong> traitera des nouveaux p\u00e9rils g\u00e9opolitiques.<\/p>\n<p class=\"note\">Lundi 24\u00a0novembre. Strasbourg, Palais de la musique et des congr\u00e8s. \u00c0 partir de 14\u00a0h\u00a030. Acc\u00e8s gratuit sur r\u00e9servation \u00e0 l\u2019adresse <a href=\"https:\/\/my.weezevent.com\/colloque-europe\" target=\"_blank\" rel=\"nofollow noopener\">https:\/\/my.weezevent.com\/colloque-europe<\/a><\/p>\n","protected":false},"excerpt":{"rendered":"\u00c0 l\u2019invitation du magazine L\u2019Express , responsables politiques, chercheurs, \u00e9crivains, sp\u00e9cialistes \u00e9changeront, lundi \u00e0 Strasbourg, sur les diff\u00e9rents&hellip;\n","protected":false},"author":2,"featured_media":550615,"comment_status":"","ping_status":"","sticky":false,"template":"","format":"standard","meta":{"footnotes":""},"categories":[2820],"tags":[1111,11,2389,2649,2880,1777,674,107,1011,27,775,12,316,25,640,2879],"class_list":{"0":"post-550614","1":"post","2":"type-post","3":"status-publish","4":"format-standard","5":"has-post-thumbnail","7":"category-strasbourg","8":"tag-actu","9":"tag-actualites","10":"tag-alsace","11":"tag-bas-rhin","12":"tag-edition-strasbourg","13":"tag-eu","14":"tag-europe","15":"tag-fil-info","16":"tag-fr","17":"tag-france","18":"tag-grand-est","19":"tag-news","20":"tag-politique","21":"tag-republique-francaise","22":"tag-strasbourg","23":"tag-strasbourg-ville"},"share_on_mastodon":{"url":"https:\/\/pubeurope.com\/@fr\/115591623761095269","error":""},"_links":{"self":[{"href":"https:\/\/www.europesays.com\/fr\/wp-json\/wp\/v2\/posts\/550614","targetHints":{"allow":["GET"]}}],"collection":[{"href":"https:\/\/www.europesays.com\/fr\/wp-json\/wp\/v2\/posts"}],"about":[{"href":"https:\/\/www.europesays.com\/fr\/wp-json\/wp\/v2\/types\/post"}],"author":[{"embeddable":true,"href":"https:\/\/www.europesays.com\/fr\/wp-json\/wp\/v2\/users\/2"}],"replies":[{"embeddable":true,"href":"https:\/\/www.europesays.com\/fr\/wp-json\/wp\/v2\/comments?post=550614"}],"version-history":[{"count":0,"href":"https:\/\/www.europesays.com\/fr\/wp-json\/wp\/v2\/posts\/550614\/revisions"}],"wp:featuredmedia":[{"embeddable":true,"href":"https:\/\/www.europesays.com\/fr\/wp-json\/wp\/v2\/media\/550615"}],"wp:attachment":[{"href":"https:\/\/www.europesays.com\/fr\/wp-json\/wp\/v2\/media?parent=550614"}],"wp:term":[{"taxonomy":"category","embeddable":true,"href":"https:\/\/www.europesays.com\/fr\/wp-json\/wp\/v2\/categories?post=550614"},{"taxonomy":"post_tag","embeddable":true,"href":"https:\/\/www.europesays.com\/fr\/wp-json\/wp\/v2\/tags?post=550614"}],"curies":[{"name":"wp","href":"https:\/\/api.w.org\/{rel}","templated":true}]}}