{"id":550618,"date":"2025-11-22T05:10:21","date_gmt":"2025-11-22T05:10:21","guid":{"rendered":"https:\/\/www.europesays.com\/fr\/550618\/"},"modified":"2025-11-22T05:10:21","modified_gmt":"2025-11-22T05:10:21","slug":"a-quelle-heure-et-sur-quelle-chaine-voir-le-match-4","status":"publish","type":"post","link":"https:\/\/www.europesays.com\/fr\/550618\/","title":{"rendered":"\u00e0 quelle heure et sur quelle cha\u00eene voir le match ?"},"content":{"rendered":"<p>Premi\u00e8re des sept rencontres que vont disputer les joueurs phoc\u00e9ens jusqu&rsquo;\u00e0 No\u00ebl, cette visite sur la C\u00f4te d&rsquo;Azur sera l&rsquo;occasion de confirmer le retour en forme des hommes de De Zerbi, qui restent sur deux succ\u00e8s contre <a href=\"https:\/\/www.laprovence.com\/article\/om\/793911097262414\/auxerre-om-0-1-egan-riley-murillo-et-gomes-a-la-relance-decouvrez-les-notes-des-olympiens\" target=\"_blank\" rel=\"noopener\">Auxerre (1-0)<\/a> et <a href=\"https:\/\/www.laprovence.com\/article\/om\/46536909055839\/om-brest-3-0-auba-retrouve-le-chemin-des-filets-decouvrez-les-notes-des-olympiens\" target=\"_blank\" rel=\"noopener\">Brest (3-0)<\/a> en Ligue 1, et de mettre la pression sur un PSG qui ne veut pas l\u00e2cher sa place de leader au championnat.<\/p>\n<p>Toujours bouillant, ce d\u00e9placement promet encore une fois d&rsquo;\u00eatre volcanique et l&rsquo;Allianz Riviera sera une terre hostile aux Marseillais, qui ne pourront pas compter sur les chants de leurs supporters, interdits de d\u00e9placement par la pr\u00e9fecture des Alpes-Maritimes. Pour autant, et comme l&rsquo;a rappel\u00e9 <a href=\"https:\/\/www.laprovence.com\/article\/om\/11915974528398\/om-ca-laisse-sans-voix-roberto-de-zerbi-tres-touche-par-lassassinat-de-mehdi-kessaci\" target=\"_blank\" rel=\"noopener\">Roberto De Zerbi hier en conf\u00e9rence de presse<\/a> m\u00eame si \u00ab\u00a0c&rsquo;est un match difficile, on conna\u00eet l&rsquo;atmosph\u00e8re dans ce stade, mais \u00e7a ne doit pas nous faire peur. Au contraire on doit s&rsquo;en servir.\u00a0\u00bb Nul doute que les Olympiens, habitu\u00e9s \u00e0 la symphonie du V\u00e9lodrome, ne se laisseront pas intimider.<\/p>\n<p>Le coup d&rsquo;envoi sera donn\u00e9 \u00e0\u00a0<strong>20h45<\/strong> sur la pelouse de l&rsquo;Allianz Riviera de Nice, et la rencontre est \u00e0 suivre sur <strong>Ligue 1+<\/strong>. Comme d&rsquo;habitude, vous pourrez \u00e9videmment suivre ce match en direct comment\u00e9 sur\u00a0<a href=\"https:\/\/www.laprovence.com\/om\" target=\"_blank\" rel=\"noopener\">LaProvence.com<\/a>.\u00a0<\/p>\n","protected":false},"excerpt":{"rendered":"Premi\u00e8re des sept rencontres que vont disputer les joueurs phoc\u00e9ens jusqu&rsquo;\u00e0 No\u00ebl, cette visite sur la C\u00f4te d&rsquo;Azur&hellip;\n","protected":false},"author":2,"featured_media":550619,"comment_status":"","ping_status":"","sticky":false,"template":"","format":"standard","meta":{"footnotes":""},"categories":[2819],"tags":[17,1111,11,3839,1777,674,1011,27,3838,12,2401,65073,149,882,3837,25,3356,3840],"class_list":{"0":"post-550618","1":"post","2":"type-post","3":"status-publish","4":"format-standard","5":"has-post-thumbnail","7":"category-nice","8":"tag-17","9":"tag-actu","10":"tag-actualites","11":"tag-chaine","12":"tag-eu","13":"tag-europe","14":"tag-fr","15":"tag-france","16":"tag-heure","17":"tag-news","18":"tag-nice","19":"tag-nice-om","20":"tag-om","21":"tag-provence-alpes-cote-dazur","22":"tag-quelle","23":"tag-republique-francaise","24":"tag-sur","25":"tag-voir"},"share_on_mastodon":{"url":"https:\/\/pubeurope.com\/@fr\/115591631595314395","error":""},"_links":{"self":[{"href":"https:\/\/www.europesays.com\/fr\/wp-json\/wp\/v2\/posts\/550618","targetHints":{"allow":["GET"]}}],"collection":[{"href":"https:\/\/www.europesays.com\/fr\/wp-json\/wp\/v2\/posts"}],"about":[{"href":"https:\/\/www.europesays.com\/fr\/wp-json\/wp\/v2\/types\/post"}],"author":[{"embeddable":true,"href":"https:\/\/www.europesays.com\/fr\/wp-json\/wp\/v2\/users\/2"}],"replies":[{"embeddable":true,"href":"https:\/\/www.europesays.com\/fr\/wp-json\/wp\/v2\/comments?post=550618"}],"version-history":[{"count":0,"href":"https:\/\/www.europesays.com\/fr\/wp-json\/wp\/v2\/posts\/550618\/revisions"}],"wp:featuredmedia":[{"embeddable":true,"href":"https:\/\/www.europesays.com\/fr\/wp-json\/wp\/v2\/media\/550619"}],"wp:attachment":[{"href":"https:\/\/www.europesays.com\/fr\/wp-json\/wp\/v2\/media?parent=550618"}],"wp:term":[{"taxonomy":"category","embeddable":true,"href":"https:\/\/www.europesays.com\/fr\/wp-json\/wp\/v2\/categories?post=550618"},{"taxonomy":"post_tag","embeddable":true,"href":"https:\/\/www.europesays.com\/fr\/wp-json\/wp\/v2\/tags?post=550618"}],"curies":[{"name":"wp","href":"https:\/\/api.w.org\/{rel}","templated":true}]}}