{"id":550622,"date":"2025-11-22T05:12:15","date_gmt":"2025-11-22T05:12:15","guid":{"rendered":"https:\/\/www.europesays.com\/fr\/550622\/"},"modified":"2025-11-22T05:12:15","modified_gmt":"2025-11-22T05:12:15","slug":"cest-parti-pour-le-47e-festival-des-3-continents-a-nantes-2","status":"publish","type":"post","link":"https:\/\/www.europesays.com\/fr\/550622\/","title":{"rendered":"C\u2019est parti pour le 47e festival des 3\u00a0continents \u00e0 Nantes"},"content":{"rendered":"<p>Les 3\u00a0continents, 47e \u00e9dition. Une institution \u00e0 Nantes (Loire-Atlantique)\u00a0! Et pour la premi\u00e8re fois, ce vendredi 21\u00a0novembre, le festival des cin\u00e9mas d\u2019Asie, d\u2019Afrique et d\u2019Am\u00e9rique latine s\u2019est ouvert au Pannonica, enfin la salle Paul-Fort au-dessus du club de jazz o\u00f9 le festival reviendra pour un concert de Flash Pig autour de la musique du film In the mood for love, mercredi 26\u00a0novembre.<\/p>\n<p>Le festival rend d\u2019ailleurs un hommage \u00e0 Ang Lee, son r\u00e9alisateur avec la projection de la quasi-int\u00e9gralit\u00e9 de son \u0153uvre. M\u00eame si l\u2019\u00e9v\u00e9nement est affect\u00e9 par la suppression de sa subvention r\u00e9gionale \u2013 fait qui n\u2019a pas manqu\u00e9 d\u2019\u00eatre rappel\u00e9 durant cette soir\u00e9e \u2013, cette 47e \u00e9dition verra une s\u00e9lection de films parlant d\u2019amour.<\/p>\n<p>Au programme encore un hommage au r\u00e9alisateur \u00e9gyptien Youssef Chahine, un focus sur le cin\u00e9ma sri-lankais et, bien s\u00fbr, la comp\u00e9tition officielle du festival, qui dure jusqu\u2019au samedi 29\u00a0novembre.<\/p>\n<p><strong>Jusqu\u2019au samedi 29\u00a0novembre,<\/strong> \u00e0 Nantes, au Katorza, s\u00e9ances au Cin\u00e9matographe, \u00e0 Path\u00e9 Nantes, au Concorde, 3,50 \u00e0 8\u00a0\u20ac, gratuit pour les \u00e9tudiants de Nantes universit\u00e9, <a href=\"https:\/\/www.3continents.com\/fr\/\" target=\"_blank\" rel=\"noopener\">www.3continents.com<\/a>.<\/p>\n<p>\u00a0<\/p>\n","protected":false},"excerpt":{"rendered":"Les 3\u00a0continents, 47e \u00e9dition. Une institution \u00e0 Nantes (Loire-Atlantique)\u00a0! Et pour la premi\u00e8re fois, ce vendredi 21\u00a0novembre, le&hellip;\n","protected":false},"author":2,"featured_media":550513,"comment_status":"","ping_status":"","sticky":false,"template":"","format":"standard","meta":{"footnotes":""},"categories":[2818],"tags":[19020,58718,1111,11,32635,1777,674,849,1011,27,766,12,13695,2636,25],"class_list":{"0":"post-550622","1":"post","2":"type-post","3":"status-publish","4":"format-standard","5":"has-post-thumbnail","7":"category-nantes","8":"tag-19020","9":"tag-47e","10":"tag-actu","11":"tag-actualites","12":"tag-continents","13":"tag-eu","14":"tag-europe","15":"tag-festival","16":"tag-fr","17":"tag-france","18":"tag-nantes","19":"tag-news","20":"tag-parti","21":"tag-pays-de-la-loire","22":"tag-republique-francaise"},"share_on_mastodon":{"url":"https:\/\/pubeurope.com\/@fr\/115591639437696536","error":""},"_links":{"self":[{"href":"https:\/\/www.europesays.com\/fr\/wp-json\/wp\/v2\/posts\/550622","targetHints":{"allow":["GET"]}}],"collection":[{"href":"https:\/\/www.europesays.com\/fr\/wp-json\/wp\/v2\/posts"}],"about":[{"href":"https:\/\/www.europesays.com\/fr\/wp-json\/wp\/v2\/types\/post"}],"author":[{"embeddable":true,"href":"https:\/\/www.europesays.com\/fr\/wp-json\/wp\/v2\/users\/2"}],"replies":[{"embeddable":true,"href":"https:\/\/www.europesays.com\/fr\/wp-json\/wp\/v2\/comments?post=550622"}],"version-history":[{"count":0,"href":"https:\/\/www.europesays.com\/fr\/wp-json\/wp\/v2\/posts\/550622\/revisions"}],"wp:featuredmedia":[{"embeddable":true,"href":"https:\/\/www.europesays.com\/fr\/wp-json\/wp\/v2\/media\/550513"}],"wp:attachment":[{"href":"https:\/\/www.europesays.com\/fr\/wp-json\/wp\/v2\/media?parent=550622"}],"wp:term":[{"taxonomy":"category","embeddable":true,"href":"https:\/\/www.europesays.com\/fr\/wp-json\/wp\/v2\/categories?post=550622"},{"taxonomy":"post_tag","embeddable":true,"href":"https:\/\/www.europesays.com\/fr\/wp-json\/wp\/v2\/tags?post=550622"}],"curies":[{"name":"wp","href":"https:\/\/api.w.org\/{rel}","templated":true}]}}