{"id":550628,"date":"2025-11-22T05:17:15","date_gmt":"2025-11-22T05:17:15","guid":{"rendered":"https:\/\/www.europesays.com\/fr\/550628\/"},"modified":"2025-11-22T05:17:15","modified_gmt":"2025-11-22T05:17:15","slug":"voici-le-temps-prevu-a-toulouse-et-en-occitanie-ce-week-end","status":"publish","type":"post","link":"https:\/\/www.europesays.com\/fr\/550628\/","title":{"rendered":"voici le temps pr\u00e9vu \u00e0 Toulouse et en Occitanie ce week-end"},"content":{"rendered":"<p>                    Par<br \/>\n        <strong><br \/>\n            <a href=\"https:\/\/actu.fr\/auteur\/mareva-laville-actu-fr\" title=\"Consulter tous les articles de Mar\u00e9va Laville\" rel=\"nofollow noopener\" target=\"_blank\">Mar\u00e9va Laville<\/a><br \/>\n                    <\/strong><\/p>\n<p>        Publi\u00e9 le<\/p>\n<p>            22 nov. 2025 \u00e0 5h04        <\/p>\n<p>Va-t-il de nouveau neiger ce week-end\u2009? <a href=\"https:\/\/actu.fr\/tag\/meteo-france\" rel=\"nofollow noopener\" target=\"_blank\">M\u00e9t\u00e9o France<\/a> avait pr\u00e9vu de nouvelles chutes dans la nuit de vendredi \u00e0 samedi, mais ce week-end, les pr\u00e9visions n\u2019affichent pas d\u2019autres <strong><a href=\"https:\/\/actu.fr\/occitanie\/ax-les-thermes_09032\/des-images-feeriques-de-la-neige-dans-cette-station-thermale-des-pyrenees_63467859.html\" rel=\"nofollow noopener\" target=\"_blank\">\u00e9pisodes neigeux<\/a>.<\/strong> Pour autant,<strong> la vigilance jaune<\/strong> reste d\u2019actualit\u00e9 jusqu\u2019\u00e0 9h samedi. Au petit matin, il faut s\u2019attendre \u00e0 des flocons tout frais dans les Pyr\u00e9n\u00e9es, notamment \u00e0 <a href=\"https:\/\/actu.fr\/occitanie\/bagneres-de-luchon_31042\/neige-a-basse-altitude-dans-les-pyrenees-la-situation-sur-les-routes-de-haute-garonne-et-vers-l-andorre_63467213.html\" rel=\"nofollow noopener\" target=\"_blank\"><strong>Bagn\u00e8res-de-Luchon<\/strong> en Haute-Garonne<\/a> et \u00e0 <strong>Font-Romeu,<\/strong> dans les Pyr\u00e9n\u00e9es-Orientales, mais aussi du c\u00f4t\u00e9 de <strong>Foix<\/strong> en Ari\u00e8ge.<\/p>\n<p class=\" wall-content\">Sur ces trois secteurs, la vigilance reste aussi de rigueur, sp\u00e9cifiquement pour le <strong>verglas<\/strong> qui risque de rendre les conditions de circulation compliqu\u00e9es samedi matin. Ailleurs, il faut davantage s\u2019attendre (encore) \u00e0 avoir froid.<\/p>\n<p>A Toulouse\u2009: froid et pluie<\/p>\n<p class=\" wall-content\">\u00c0 Toulouse, le thermom\u00e8tre<strong> ne d\u00e9passera pas les 7\u00b0C<\/strong> durant la journ\u00e9e de samedi et tombera durant la nuit \u00e0 4\u00b0C. Mais ce d\u00e9but de week-end n\u2019en demeurera pas moins agr\u00e9able puisque le <strong>soleil<\/strong> devrait \u00eatre au rendez-vous, sous forme <strong>d\u2019\u00e9claircies<\/strong>.<\/p>\n<p>    <img   decoding=\"async\" loading=\"lazy\" src=\"https:\/\/www.europesays.com\/fr\/wp-content\/uploads\/2025\/11\/samedi22-toulouse-960x640.png\" alt=\"Voici les pr\u00e9visions pr\u00e9vues \u00e0 Toulouse ce samedi.\" width=\"960\" height=\"640\"\/><br \/>\n    Voici les pr\u00e9visions pr\u00e9vues \u00e0 Toulouse ce samedi. (\u00a9Capture d\u2019\u00e9cran M\u00e9t\u00e9o France)<\/p>\n<p class=\" wall-content\">Dimanche, les temp\u00e9ratures remonteront, avec 10\u00b0C le matin et <strong>13\u00b0C l\u2019apr\u00e8s-midi<\/strong>. Mais la sensation de fra\u00eecheur ne promet pas de s\u2019am\u00e9liorer\u2009: M\u00e9t\u00e9o France annonce de <strong>pluie<\/strong> \u00ab\u2009faible\u2009\u00bb tout au long de la journ\u00e9e et des rafales de <strong>vent<\/strong> allant<strong> jusqu\u2019\u00e0 45\u00a0km\/h.<\/strong> N\u2019est-ce pas le signe d\u2019un dimanche cocooning sur le canap\u00e9\u2009?<\/p>\n<p>Vid\u00e9os : en ce moment sur Actu<br \/>\n    <img   decoding=\"async\" loading=\"lazy\" src=\"https:\/\/www.europesays.com\/fr\/wp-content\/uploads\/2025\/11\/dimanche-23-toulouse-960x640.png\" alt=\"Voici les pr\u00e9visions pr\u00e9vues \u00e0 Toulouse ce dimanche.\" width=\"960\" height=\"640\"\/><br \/>\n    Voici les pr\u00e9visions pr\u00e9vues \u00e0 Toulouse ce dimanche. (\u00a9Capture d\u2019\u00e9cran M\u00e9t\u00e9o France)En Occitanie\u2009: \u00e9claircies VS pluies<\/p>\n<p class=\" wall-content\">Dans le reste de la r\u00e9gion <a href=\"http:\/\/www.actu.fr\/occitanie\" rel=\"nofollow noopener\" target=\"_blank\">Occitanie<\/a>, l\u2019ambiance reste elle aussi tr\u00e8s fra\u00eeche. Les pr\u00e9visions \u00e9voquent des minimales de 0 \u00e0 3\u00a0\u00b0C en plaine, jusqu\u2019\u00e0 8-11\u00a0\u00b0C sur le littoral m\u00e9diterran\u00e9en.<\/p>\n<p>Votre r\u00e9gion, votre actu !<\/p>\n<p>Recevez chaque jour les infos qui comptent pour vous.<\/p>\n<p>\t<a href=\"https:\/\/actu.fr\/newsletter\" class=\"ac-btn ac-btn--corner ac-btn--medium ac-btn--blue800\" rel=\"nofollow noopener\" target=\"_blank\">S&rsquo;incrire<\/a><\/p>\n<p class=\" wall-content\">Samedi sera domin\u00e9 par un<strong> ciel nuageux<\/strong> malgr\u00e9 quelques <strong>\u00e9claircies<\/strong>. Seul le littoral b\u00e9n\u00e9ficiera d\u2019un grand soleil tout au long de la journ\u00e9e, avec des <strong>maximales de 9\u00b0C attendues \u00e0 Montpellier et 8\u00b0C \u00e0 Perpignan et B\u00e9ziers.<\/strong> Ailleurs, les temp\u00e9ratures ne d\u00e9passeront pas les 0\u00b0C \u00e0 Rodez, 4\u00b0C dans le centre et \u00e0 Cahors, 5\u00b0C \u00e0 Foix et Carcassonne, et 7\u00b0C \u00e0 Auch et Tarbes.<\/p>\n<p>    <img   decoding=\"async\" loading=\"lazy\" src=\"https:\/\/www.europesays.com\/fr\/wp-content\/uploads\/2025\/11\/samedi22-occitanie-960x640.png\" alt=\"Voici les pr\u00e9visions pr\u00e9vues en Occitanie ce samedi apr\u00e8s-midi.\" width=\"960\" height=\"640\"\/><br \/>\n    Voici les pr\u00e9visions pr\u00e9vues en Occitanie ce samedi apr\u00e8s-midi. (\u00a9Capture d\u2019\u00e9cran M\u00e9t\u00e9o France)<\/p>\n<p class=\" wall-content\">La fin du week-end, en revanche, sera rythm\u00e9e par les <strong>averses<\/strong>. Si celles-ci devraient finir par partir dans l\u2019apr\u00e8s-midi sur le littoral, elles camperont partout ailleurs, \u00e0 l\u2019exception des Hautes-Pyr\u00e9n\u00e9es et du sud de la Haute-Garonne. Dimanche, il fera<strong> 6\u00b0C \u00e0 Rodez et Montpellier, 9\u00b0C \u00e0 B\u00e9ziers, 10\u00b0C \u00e0 Albi, 12\u00b0C \u00e0 Carcassonne, Perpignan, Castres et Montauban, 13\u00b0C \u00e0 Auch.<\/strong><\/p>\n<p>    <img   decoding=\"async\" loading=\"lazy\" src=\"https:\/\/www.europesays.com\/fr\/wp-content\/uploads\/2025\/11\/dimanche23-occitanie-960x640.png\" alt=\"Voici les pr\u00e9visions pr\u00e9vues en Occitanie ce dimanche apr\u00e8s-midi.\" width=\"960\" height=\"640\"\/><br \/>\n    Voici les pr\u00e9visions pr\u00e9vues en Occitanie ce dimanche apr\u00e8s-midi. (\u00a9Capture d\u2019\u00e9cran M\u00e9t\u00e9o France)<\/p>\n<p class=\" wall-content\">Personnalisez votre actualit\u00e9 en ajoutant vos villes et m\u00e9dias en favori avec <a href=\"https:\/\/moncompte.actu.fr\" title=\"D\u00e9couvez Mon Actu\" rel=\"nofollow noopener\" data-trk=\"{&quot;cta&quot;:{&quot;action&quot;:&quot;https:\\\/\\\/moncompte.actu.fr&quot;,&quot;category&quot;:&quot;mon compte&quot;,&quot;from&quot;:&quot;article footer&quot;,&quot;name&quot;:&quot;Mon actu&quot;,&quot;type&quot;:&quot;cta&quot;}}\" target=\"_blank\">Mon Actu<\/a>.<\/p>\n","protected":false},"excerpt":{"rendered":"Par Mar\u00e9va Laville Publi\u00e9 le 22 nov. 2025 \u00e0 5h04 Va-t-il de nouveau neiger ce week-end\u2009? M\u00e9t\u00e9o France&hellip;\n","protected":false},"author":2,"featured_media":550629,"comment_status":"","ping_status":"","sticky":false,"template":"","format":"standard","meta":{"footnotes":""},"categories":[2816],"tags":[1111,11,1777,674,1011,27,2487,2357,12,2680,25,2312],"class_list":{"0":"post-550628","1":"post","2":"type-post","3":"status-publish","4":"format-standard","5":"has-post-thumbnail","7":"category-toulouse","8":"tag-actu","9":"tag-actualites","10":"tag-eu","11":"tag-europe","12":"tag-fr","13":"tag-france","14":"tag-meteo","15":"tag-meteo-france","16":"tag-news","17":"tag-occitanie","18":"tag-republique-francaise","19":"tag-toulouse"},"share_on_mastodon":{"url":"https:\/\/pubeurope.com\/@fr\/115591659885393531","error":""},"_links":{"self":[{"href":"https:\/\/www.europesays.com\/fr\/wp-json\/wp\/v2\/posts\/550628","targetHints":{"allow":["GET"]}}],"collection":[{"href":"https:\/\/www.europesays.com\/fr\/wp-json\/wp\/v2\/posts"}],"about":[{"href":"https:\/\/www.europesays.com\/fr\/wp-json\/wp\/v2\/types\/post"}],"author":[{"embeddable":true,"href":"https:\/\/www.europesays.com\/fr\/wp-json\/wp\/v2\/users\/2"}],"replies":[{"embeddable":true,"href":"https:\/\/www.europesays.com\/fr\/wp-json\/wp\/v2\/comments?post=550628"}],"version-history":[{"count":0,"href":"https:\/\/www.europesays.com\/fr\/wp-json\/wp\/v2\/posts\/550628\/revisions"}],"wp:featuredmedia":[{"embeddable":true,"href":"https:\/\/www.europesays.com\/fr\/wp-json\/wp\/v2\/media\/550629"}],"wp:attachment":[{"href":"https:\/\/www.europesays.com\/fr\/wp-json\/wp\/v2\/media?parent=550628"}],"wp:term":[{"taxonomy":"category","embeddable":true,"href":"https:\/\/www.europesays.com\/fr\/wp-json\/wp\/v2\/categories?post=550628"},{"taxonomy":"post_tag","embeddable":true,"href":"https:\/\/www.europesays.com\/fr\/wp-json\/wp\/v2\/tags?post=550628"}],"curies":[{"name":"wp","href":"https:\/\/api.w.org\/{rel}","templated":true}]}}