{"id":550630,"date":"2025-11-22T05:18:17","date_gmt":"2025-11-22T05:18:17","guid":{"rendered":"https:\/\/www.europesays.com\/fr\/550630\/"},"modified":"2025-11-22T05:18:17","modified_gmt":"2025-11-22T05:18:17","slug":"toulouse-le-top-des-restaurants-ou-manger-une-bonne-raclette-cet-hiver","status":"publish","type":"post","link":"https:\/\/www.europesays.com\/fr\/550630\/","title":{"rendered":"Toulouse. Le top des restaurants o\u00f9 manger une bonne raclette cet hiver"},"content":{"rendered":"<p>                    Par<br \/>\n        <strong><br \/>\n            <a href=\"https:\/\/actu.fr\/auteur\/mareva-laville-actu-fr\" title=\"Consulter tous les articles de Mar\u00e9va Laville\" target=\"_blank\" rel=\"noopener\">Mar\u00e9va Laville<\/a><br \/>\n                    <\/strong><\/p>\n<p>        Publi\u00e9 le<\/p>\n<p>            22 nov. 2025 \u00e0 6h08        <\/p>\n<p>C\u2019est un plat qui d\u00e9cha\u00eene les passions. Avant m\u00eame que le grand froid ne pointe le bout de son nez, la <strong>raclette<\/strong> donne l\u2019eau \u00e0 la bouche. Et <a href=\"http:\/\/www.actu.fr\/toulouse\" target=\"_blank\" rel=\"noopener\"><strong>Toulouse<\/strong> <\/a>n\u2019y \u00e9chappe pas. Actu Toulouse s\u2019est donc attel\u00e9 \u00e0 la t\u00e2che pour vous d\u00e9busquer les meilleurs restaurants o\u00f9 manger une bonne raclette. Notre s\u00e9lection*.<\/p>\n<p>#1. Chez Bobonne, pour go\u00fbter l\u2019Occitanie<\/p>\n<p class=\" wall-content\">Rue du Taur, <a href=\"https:\/\/actu.fr\/occitanie\/toulouse_31555\/toulouse-dans-ce-bar-epicerie-sandwichs-et-planches-apero-se-concoctent-selon-vos-gouts_61098416.html\" target=\"_blank\" rel=\"noopener\">l\u2019\u00e9picerie qui fait aussi bar et petit restaurant<\/a> a fait de la raclette son \u00ab\u2009must\u2009\u00bb de l\u2019hiver. Car <strong>Chez Bobonne,<\/strong> ce ne sont que des <strong>produits 100\u2009% occitans,<\/strong> et en Occitanie, le fromage et la charcuterie sont rois. Tellement, que le fromage au lait cru du Tarn se d\u00e9cline au poivre ou \u00e0 l\u2019ail des ours, et se mange \u00e0 volont\u00e9\u2009!<\/p>\n<p class=\" wall-content\">Petit plus cette ann\u00e9e\u2009: la <strong>raclette de No\u00ebl.<\/strong> Le 23\u00a0d\u00e9cembre, Adrien Bonnemeyre invite les personnes se retrouvant seules lors des f\u00eates \u00e0 se retrouver autour d\u2019une raclette. Des petits cadeaux leur seront distribu\u00e9s et un \u00ab\u2009secret santa\u2009\u00bb devrait \u00eatre organis\u00e9 entre les participants qui le souhaitent. Sur r\u00e9servation, car c\u2019est petit.<\/p>\n<p>52 rue du Taur. Prix\u2009: 26,50\u20ac par personne avec raclette \u00e0 volont\u00e9.<br \/>Raclette de No\u00ebl\u2009: repas limit\u00e9 \u00e0 16\u00a0personnes, raclette \u00e0 volont\u00e9 et verre de vin \u00e0 30\u20ac par personne.<\/p>\n<p>#2. La Friche, pour le cadre surtout<br \/>\n    <img   decoding=\"async\" loading=\"lazy\" src=\"https:\/\/www.europesays.com\/fr\/wp-content\/uploads\/2025\/11\/friche-gourmande-censored-960x640.jpg\" alt=\"A Balma aussi, la Friche gourmande a install\u00e9 son d\u00e9cor hivernal.\" width=\"960\" height=\"640\"\/><br \/>\n    A Balma aussi, la Friche gourmande a install\u00e9 son d\u00e9cor hivernal. (\u00a9Mar\u00e9va Laville \/ Actu Toulouse)<\/p>\n<p class=\" wall-content\"><a href=\"https:\/\/actu.fr\/occitanie\/toulouse_31555\/video-ils-reproduisent-les-bronzes-font-du-ski-dans-le-metro-de-toulouse-et-font-le-buzz-pour-leurs-restos_63326058.html\" target=\"_blank\" rel=\"noopener\">Ambiance montagnarde<\/a> du <strong>d\u00e9cor<\/strong> jusque dans l\u2019assiette. Chaque hiver, la<strong> Friche gourmande<\/strong> se pare de son manteau de neige, ses chaussures de ski, ses t\u00e9l\u00e9cabines. \u00c0 Montaudran et \u00e0 Balma (ouvert il y a quelques mois), on ne manque pas \u00e0 l\u2019appel. Dans les <strong>igloos et cabines,<\/strong> ou au coin du feu, les adeptes de fromages fondues seront servis\u2009! Raclette, mont d\u2019or ou encore sandwich avec raclette fondue font partie du menu. Avec le vin chaud, pour coller au th\u00e8me.<\/p>\n<p>A Montaudran et Balma. Prix\u2009: 21\u20ac par personne.<\/p>\n<p>#3. Le Versant, pour sa vari\u00e9t\u00e9 de fromages<\/p>\n<p class=\" wall-content\">Pour se sentir vraiment comme \u00e0 la montagne, c\u0153ur du concept de <a href=\"https:\/\/actu.fr\/publi-communique\/a-toulouse-le-versant-conjugue-cuisine-de-montagne-et-assiettes-dignes-des-grands-bistrots_60523960.html\" target=\"_blank\" rel=\"noopener\">ce restaurant situ\u00e9 en centre-ville<\/a>, <strong>le Versant<\/strong> mise aussi sur les <strong>t\u00e9l\u00e9cabines<\/strong>\u2026 \u00e0 l\u2019int\u00e9rieur. Ici, on est tellement fan des Hauts Plateaux qu\u2019on accorde \u00e0 la raclette des saveurs aussi vari\u00e9es que les montagnes de notre pays. <strong>Raclette classique, \u00e0 la moutarde, ail des ours, 5 baies, safran<\/strong> ou pourquoi pas du morbier\u2009? C\u2019est l\u2019occasion de tester, assis \u00e0 une belle table en bois. \u00c9videmment.<\/p>\n<p>Votre r\u00e9gion, votre actu !<\/p>\n<p>Recevez chaque jour les infos qui comptent pour vous.<\/p>\n<p>\t<a href=\"https:\/\/actu.fr\/newsletter\" class=\"ac-btn ac-btn--corner ac-btn--medium ac-btn--blue800\" target=\"_blank\" rel=\"noopener\">S&rsquo;incrire<\/a><\/p>\n<p class=\" wall-content\"><a href=\"https:\/\/www.instagram.com\/p\/DRARzDogkYY\/embed\" title=\"Ouvrir le lien sur Instagram\" target=\"_blank\" rel=\"noopener\">Visualiser le contenu sur Instagram<\/a><\/p>\n<p>47 rue de Metz. Prix\u2009: environ 26\u00a0\u20ac par personne. Raclette \u00e0 volont\u00e9 les derniers jeudis de chaque mois.<\/p>\n<p>#4. L\u2019atelier du Savoyard, simple mais efficace<\/p>\n<p class=\" wall-content\">C\u2019est son concept\u2009: changer de restauration selon les saisons. \u00c0 Saint-Cyprien, l<a href=\"https:\/\/actu.fr\/occitanie\/toulouse_31555\/toulouse-raclette-fondue-savoyarde-fondue-de-magret-ce-resto-propose-des-plats-reconfortants_61748246.html\" target=\"_blank\" rel=\"noopener\">\u2019Atelier du P\u00eacheur passe en mode <strong>savoyard<\/strong> <\/a>avec l\u2019arriv\u00e9e de l\u2019automne. L\u00e0 aussi, la raclette se d\u00e9guste<strong> directement \u00e0 la meule<\/strong>, o\u00f9 elle fond pendant que l\u2019on pr\u00e9pare son assiette de pomme de terre et charcuterie.<\/p>\n<p class=\" wall-content\">Ceux qui pr\u00e9f\u00e8rent la fondue peuvent aussi se tester \u00e0 celle aux c\u00e8pes ou au magret de canard.<\/p>\n<p class=\" wall-content\"><a href=\"https:\/\/www.instagram.com\/p\/DQ_oYl7kdfr\/embed\" title=\"Ouvrir le lien sur Instagram\" target=\"_blank\" rel=\"noopener\">Visualiser le contenu sur Instagram<\/a><\/p>\n<p>6 place Laganne, \u00e0 Saint-Cyprien. Prix\u2009: 25,90\u20ac avec fromage \u00e0 volont\u00e9.<\/p>\n<p>#5. Au march\u00e9 de No\u00ebl, en version \u00e0 emporter<br \/>\n    <img   decoding=\"async\" loading=\"lazy\" src=\"https:\/\/www.europesays.com\/fr\/wp-content\/uploads\/2025\/11\/marche-de-noel-toulouse-sapin-capitole-960x640.jpg\" alt=\"Pr\u00e8s d'une centaine de chalets sont install\u00e9s sur la place du Capitole.\" width=\"960\" height=\"640\"\/><br \/>\n    Certains chalets ont adopt\u00e9 la raclette \u00e0 leur menu. (\u00a9Samuel Wagon \/ Actu Toulouse)<\/p>\n<p class=\" wall-content\">Plus originale, plus \u00e9ph\u00e9m\u00e8re, mais d\u00e9licieuse quand elle se m\u00eale aux chalets de No\u00ebl. La raclette se d\u00e9cline au<strong> march\u00e9 de No\u00ebl<\/strong> de Toulouse, place du Capitole, en barquette ou en <strong>sandwich<\/strong>. <a href=\"https:\/\/actu.fr\/occitanie\/toulouse_31555\/toulouse-se-prepare-a-revetir-ses-habits-de-fete-le-marche-de-noel-s-installe-place-du-capitole_63432417.html\" target=\"_blank\" rel=\"noopener\">L\u2019ouverture du march\u00e9<\/a> est pr\u00e9vue jeudi 27\u00a0novembre. Patience, patience.<\/p>\n<p>Place du Capitole. Prix\u2009: varie selon l\u2019offre<\/p>\n<p>#6. Chez Domi, pour ses quantit\u00e9s<\/p>\n<p class=\" wall-content\">Au centre commercial de Balma-Gramont, <a href=\"https:\/\/actu.fr\/occitanie\/toulouse_31555\/a-toulouse-ce-restaurant-reconnu-pour-sa-raclette-de-qualite-et-a-volonte-lance-sa-nouvelle-saison_63219717.html\" target=\"_blank\" rel=\"noopener\">le nouveau restaurant Chez Domi<\/a> parlera aux ventres sur pattes. Dans la m\u00eame veine de Chez Yvonne, Chez Molly et Chez Giovanni, ce restaurant voit les choses en grand. Alors \u00e0 la carte<strong>, la raclette est XXL et \u00e0 volont\u00e9<\/strong>, avec du fromage de chez Betty.<\/p>\n<p>Au centre commercial Gramont. Prix\u2009: 31\u20ac par personne.<\/p>\n<p>#7. Et enfin\u2026 chez soi\u2009!<\/p>\n<p class=\" wall-content\">Parce que c\u2019est la meilleure\u2009! Et parce qu\u2019une raclette, \u00e7a s\u2019appr\u00e9cie surtout pour la convivialit\u00e9. Alors, rien de mieux qu\u2019\u00eatre<strong> \u00e0 la maison,<\/strong> entre amis ou en famille pour la d\u00e9guster. Des adresses cit\u00e9es pr\u00e9c\u00e9demment, comme Chez Bobonne ou le Versant, vendent leurs plateaux de fromages et charcuterie \u00e0 emporter. Sinon, on opte pour faire un tour <strong>chez son fromager et son boucher,<\/strong> comme le veut une traditionnelle raclette.<\/p>\n<p class=\" wall-content\">*liste non exhaustive et subjective.<\/p>\n<p class=\" wall-content\">Personnalisez votre actualit\u00e9 en ajoutant vos villes et m\u00e9dias en favori avec <a href=\"https:\/\/moncompte.actu.fr\" title=\"D\u00e9couvez Mon Actu\" rel=\"nofollow noopener\" data-trk=\"{&quot;cta&quot;:{&quot;action&quot;:&quot;https:\\\/\\\/moncompte.actu.fr&quot;,&quot;category&quot;:&quot;mon compte&quot;,&quot;from&quot;:&quot;article footer&quot;,&quot;name&quot;:&quot;Mon actu&quot;,&quot;type&quot;:&quot;cta&quot;}}\" target=\"_blank\">Mon Actu<\/a>.<\/p>\n<p>                    <script async src=\"\/\/www.instagram.com\/embed.js\"><\/script><\/p>\n","protected":false},"excerpt":{"rendered":"Par Mar\u00e9va Laville Publi\u00e9 le 22 nov. 2025 \u00e0 6h08 C\u2019est un plat qui d\u00e9cha\u00eene les passions. Avant&hellip;\n","protected":false},"author":2,"featured_media":550631,"comment_status":"","ping_status":"","sticky":false,"template":"","format":"standard","meta":{"footnotes":""},"categories":[2816],"tags":[1111,11,1777,674,1011,27,12,2680,25,104,1341,2312],"class_list":{"0":"post-550630","1":"post","2":"type-post","3":"status-publish","4":"format-standard","5":"has-post-thumbnail","7":"category-toulouse","8":"tag-actu","9":"tag-actualites","10":"tag-eu","11":"tag-europe","12":"tag-fr","13":"tag-france","14":"tag-news","15":"tag-occitanie","16":"tag-republique-francaise","17":"tag-societe","18":"tag-sortir-a-toulouse","19":"tag-toulouse"},"share_on_mastodon":{"url":"https:\/\/pubeurope.com\/@fr\/115591663178348524","error":""},"_links":{"self":[{"href":"https:\/\/www.europesays.com\/fr\/wp-json\/wp\/v2\/posts\/550630","targetHints":{"allow":["GET"]}}],"collection":[{"href":"https:\/\/www.europesays.com\/fr\/wp-json\/wp\/v2\/posts"}],"about":[{"href":"https:\/\/www.europesays.com\/fr\/wp-json\/wp\/v2\/types\/post"}],"author":[{"embeddable":true,"href":"https:\/\/www.europesays.com\/fr\/wp-json\/wp\/v2\/users\/2"}],"replies":[{"embeddable":true,"href":"https:\/\/www.europesays.com\/fr\/wp-json\/wp\/v2\/comments?post=550630"}],"version-history":[{"count":0,"href":"https:\/\/www.europesays.com\/fr\/wp-json\/wp\/v2\/posts\/550630\/revisions"}],"wp:featuredmedia":[{"embeddable":true,"href":"https:\/\/www.europesays.com\/fr\/wp-json\/wp\/v2\/media\/550631"}],"wp:attachment":[{"href":"https:\/\/www.europesays.com\/fr\/wp-json\/wp\/v2\/media?parent=550630"}],"wp:term":[{"taxonomy":"category","embeddable":true,"href":"https:\/\/www.europesays.com\/fr\/wp-json\/wp\/v2\/categories?post=550630"},{"taxonomy":"post_tag","embeddable":true,"href":"https:\/\/www.europesays.com\/fr\/wp-json\/wp\/v2\/tags?post=550630"}],"curies":[{"name":"wp","href":"https:\/\/api.w.org\/{rel}","templated":true}]}}