{"id":550638,"date":"2025-11-22T05:23:12","date_gmt":"2025-11-22T05:23:12","guid":{"rendered":"https:\/\/www.europesays.com\/fr\/550638\/"},"modified":"2025-11-22T05:23:12","modified_gmt":"2025-11-22T05:23:12","slug":"lyon-la-basilique-fourviere-menace-de-seffondrer-un-appel-au-secours-lance","status":"publish","type":"post","link":"https:\/\/www.europesays.com\/fr\/550638\/","title":{"rendered":"Lyon. La basilique Fourvi\u00e8re menace de s&rsquo;effondrer, un appel au secours lanc\u00e9"},"content":{"rendered":"<p>                    Par<br \/>\n        <strong><br \/>\n            <a href=\"https:\/\/actu.fr\/auteur\/julien-damboise\" title=\"Consulter tous les articles de Julien Damboise\" target=\"_blank\" rel=\"noopener\">Julien Damboise<\/a><br \/>\n                    <\/strong><\/p>\n<p>        Publi\u00e9 le<\/p>\n<p>            22 nov. 2025 \u00e0 6h04        <\/p>\n<p>Il manque <strong>encore beaucoup d\u2019argent<\/strong> pour sauver la c\u00e9l\u00e8bre basilique de <a href=\"https:\/\/actu.fr\/lyon\/\" target=\"_blank\" rel=\"noopener\">Lyon <\/a>qui menace de s\u2019effondrer. La Fondation Fourvi\u00e8re a relanc\u00e9 sa campagne d\u2019appel aux dons pour r\u00e9unir 500 000 euros \u00ab\u00a0de toute urgence\u00a0\u00bb et engager les <strong>r\u00e9novations sur les quatre tours<\/strong>.<\/p>\n<p>Un \u00e9tat de d\u00e9gradation avanc\u00e9<\/p>\n<p class=\" wall-content\">Pour rappel, apr\u00e8s un constat \u00ab\u00a0alarmant\u00a0\u00bb du diagnostic sur les parties hautes de la basilique, r\u00e9v\u00e9lant un \u00e9tat de d\u00e9gradation avanc\u00e9 des tours, la Fondation Fourvi\u00e8re avait lanc\u00e9, un appel \u00e0 soutien, en novembre 2024 pour financer les travaux de restauration des deux premi\u00e8res tours de la basilique Notre-Dame de Fourvi\u00e8re. Cette mobilisation avait \u00e9t\u00e9 tr\u00e8s suivie avec au bout <a href=\"https:\/\/actu.fr\/auvergne-rhone-alpes\/lyon_69123\/lyon-la-basilique-de-fourviere-en-passe-d-etre-sauvee-un-formidable-elan-de-solidarite_62266475.html\" target=\"_blank\" rel=\"noopener\">la collecte de deux millions d\u2019euros<\/a>.<\/p>\n<p class=\" wall-content\">Mais d\u00e9sormais, l\u2019appel aux dons doit permettre la r\u00e9habilitation des deux derni\u00e8res tours. Et il faut beaucoup d\u2019argent.<\/p>\n<p>500 000 euros n\u00e9cessaires<\/p>\n<p class=\" wall-content\">En cette fin d\u2019ann\u00e9e 2025, la campagne d\u2019appel \u00e0 dons est donc relanc\u00e9e avec l\u2019objectif de collecter les 500 000 euros manquant pour enfin engager les travaux de restauration. L\u2019argent doit permettre de <strong>garantir la stabilit\u00e9 des quatre tours<\/strong> \u00ab\u00a0pour les g\u00e9n\u00e9rations <br \/>futures\u00a0\u00bb, selon la Fondation Fourvi\u00e8re. De plus, ce montant inclus aussi l\u2019\u00e9largissement du p\u00e9rim\u00e8tre des travaux incluant la r\u00e9novation des parties basses des tours.<\/p>\n<p class=\" wall-content\">L\u2019argent servira aussi \u00e0 <strong>r\u00e9nover l\u2019ascenseur<\/strong> de la basilique, \u00ab seul moyen d\u2019acc\u00e8s pour les personnes \u00e0 mobilit\u00e9 r\u00e9duite ou avec poussettes \u00bb. Une solution de comptage des visiteurs en temps r\u00e9el va \u00e9galement \u00eatre mis en place.<\/p>\n<p class=\" wall-content\">Une <a href=\"https:\/\/www.fourviere.org\/fr\/soutenir-notre-dame-de-fourviere\/campagne-de-mecenat-2023-2025-avec-la-fondation-du-patrimoine\/\" target=\"_blank\" rel=\"noopener\">page internet sp\u00e9cialement d\u00e9di\u00e9e<\/a> \u00e0 ce m\u00e9c\u00e9nat a \u00e9t\u00e9 lanc\u00e9e.<\/p>\n<p class=\" wall-content\">Au total, les travaux doivent co\u00fbter <strong>5,2 millions<\/strong> d\u2019euros.<\/p>\n<p class=\" wall-content\">Personnalisez votre actualit\u00e9 en ajoutant vos villes et m\u00e9dias en favori avec <a href=\"https:\/\/moncompte.actu.fr\" title=\"D\u00e9couvez Mon Actu\" rel=\"nofollow noopener\" data-trk=\"{&quot;cta&quot;:{&quot;action&quot;:&quot;https:\\\/\\\/moncompte.actu.fr&quot;,&quot;category&quot;:&quot;mon compte&quot;,&quot;from&quot;:&quot;article footer&quot;,&quot;name&quot;:&quot;Mon actu&quot;,&quot;type&quot;:&quot;cta&quot;}}\" target=\"_blank\">Mon Actu<\/a>.<\/p>\n","protected":false},"excerpt":{"rendered":"Par Julien Damboise Publi\u00e9 le 22 nov. 2025 \u00e0 6h04 Il manque encore beaucoup d\u2019argent pour sauver la&hellip;\n","protected":false},"author":2,"featured_media":535438,"comment_status":"","ping_status":"","sticky":false,"template":"","format":"standard","meta":{"footnotes":""},"categories":[1889],"tags":[1111,11,2430,1777,674,5293,1011,27,2428,12,4020,25,104,2086],"class_list":{"0":"post-550638","1":"post","2":"type-post","3":"status-publish","4":"format-standard","5":"has-post-thumbnail","7":"category-lyon","8":"tag-actu","9":"tag-actualites","10":"tag-auvergne-rhone-alpes","11":"tag-eu","12":"tag-europe","13":"tag-fourviere","14":"tag-fr","15":"tag-france","16":"tag-lyon","17":"tag-news","18":"tag-religion","19":"tag-republique-francaise","20":"tag-societe","21":"tag-travaux"},"share_on_mastodon":{"url":"https:\/\/pubeurope.com\/@fr\/115591682762140281","error":""},"_links":{"self":[{"href":"https:\/\/www.europesays.com\/fr\/wp-json\/wp\/v2\/posts\/550638","targetHints":{"allow":["GET"]}}],"collection":[{"href":"https:\/\/www.europesays.com\/fr\/wp-json\/wp\/v2\/posts"}],"about":[{"href":"https:\/\/www.europesays.com\/fr\/wp-json\/wp\/v2\/types\/post"}],"author":[{"embeddable":true,"href":"https:\/\/www.europesays.com\/fr\/wp-json\/wp\/v2\/users\/2"}],"replies":[{"embeddable":true,"href":"https:\/\/www.europesays.com\/fr\/wp-json\/wp\/v2\/comments?post=550638"}],"version-history":[{"count":0,"href":"https:\/\/www.europesays.com\/fr\/wp-json\/wp\/v2\/posts\/550638\/revisions"}],"wp:featuredmedia":[{"embeddable":true,"href":"https:\/\/www.europesays.com\/fr\/wp-json\/wp\/v2\/media\/535438"}],"wp:attachment":[{"href":"https:\/\/www.europesays.com\/fr\/wp-json\/wp\/v2\/media?parent=550638"}],"wp:term":[{"taxonomy":"category","embeddable":true,"href":"https:\/\/www.europesays.com\/fr\/wp-json\/wp\/v2\/categories?post=550638"},{"taxonomy":"post_tag","embeddable":true,"href":"https:\/\/www.europesays.com\/fr\/wp-json\/wp\/v2\/tags?post=550638"}],"curies":[{"name":"wp","href":"https:\/\/api.w.org\/{rel}","templated":true}]}}