{"id":550639,"date":"2025-11-22T05:24:23","date_gmt":"2025-11-22T05:24:23","guid":{"rendered":"https:\/\/www.europesays.com\/fr\/550639\/"},"modified":"2025-11-22T05:24:23","modified_gmt":"2025-11-22T05:24:23","slug":"le-redoux-cest-pour-quand","status":"publish","type":"post","link":"https:\/\/www.europesays.com\/fr\/550639\/","title":{"rendered":"le redoux, c\u2019est pour quand\u00a0?"},"content":{"rendered":"<p>On arrive au bout\u00a0! Il ne reste plus que quelques jours avant la fin de cette vague de froid qui aura dur\u00e9 tout juste une semaine. \u00ab\u00a0Lundi on va revenir \u00e0 des normales de saison avec des temp\u00e9ratures fix\u00e9es \u00e0 4\u00a0\u00b0C le matin et 10\u00a0\u00b0C l\u2019apr\u00e8s-midi, donc \u00e7a va se r\u00e9chauffer tout en restant quand m\u00eame frais\u00a0: c\u2019est typique pour un mois de novembre\u00a0\u00bb, souligne Camille Gaudin, m\u00e9t\u00e9orologue pour M\u00e9t\u00e9o France, interrog\u00e9e par Le Progr\u00e8s.<\/p>\n<p>  Des pr\u00e9cipitations dans la nuit de samedi \u00e0 dimanche<\/p>\n<p>En attendant, on garde les bonnets. M\u00e9t\u00e9o France a plac\u00e9 le Rh\u00f4ne et la m\u00e9tropole de Lyon en vigilance grand froid depuis ce vendredi 21\u00a0novembre 00\u00a0h\u00a000, et pour toute la journ\u00e9e de samedi. En sachant que le d\u00e9partement continue d\u2019\u00eatre en vigilance jaune \u00ab\u00a0neige et verglas\u00a0\u00bb jusqu\u2019\u00e0 samedi \u00ab\u00a09 heures au moins\u00a0\u00bb selon la pr\u00e9fecture. \u00ab\u00a0C\u2019est surtout le vent du Nord qui va renforcer cette sensation de froid\u00a0\u00bb, pr\u00e9cise la pr\u00e9visionniste.<\/p>\n<p>\u00c0 cela s\u2019ajoute la prudence de chacun jusqu\u2019\u00e0 la semaine prochaine puisque ce week-end, les temp\u00e9ratures minimales attendues resteront basses\u00a0: 2\u00b0C samedi matin \u00e0 Lyon, -5\u00b0C aux Sauvages ou &#8211; 2\u00a0\u00b0C \u00e0 Chambost-Longessaigne.<\/p>\n<p>\u00ab\u00a0Dans la nuit de samedi \u00e0 dimanche on a encore une incertitude sur la perturbation\u00a0; on ne sait pas encore de quels types de pr\u00e9cipitations il s\u2019agit\u00a0\u00bb, indique Camille Gaudin. Pluie ou neige, cela d\u00e9pendra de l\u2019altitude et du froid. On attend dimanche matin -6\u00b0C \u00e0 Saint-Martin-en-Haut ou -3\u00b0C \u00e0 V\u00e9nissieux.<\/p>\n<p>Toujours est-il que selon la m\u00e9t\u00e9orologue, la perturbation permettra de faire remonter les temp\u00e9ratures. \u00ab\u00a0Dimanche apr\u00e8s-midi on attend 6 \u00e0 7\u00a0\u00b0C\u00a0\u00bb, pr\u00e9cise-t-elle.<\/p>\n<p>  Et les autres ann\u00e9es\u00a0?<\/p>\n<p>Toutefois, si cette vague de froid en a surpris plus d\u2019un, les chutes de neige en cette p\u00e9riode ne sont pas \u00ab\u00a0exceptionnelles\u00a0\u00bb selon Camille Gaudin. Pour rappel, les mois de novembre\u00a02021 et 2019 comptaient chacun deux jours de neige. Mais c\u2019est l\u2019ann\u00e9e 1985 qui d\u00e9tient le record du Rh\u00f4ne avec une semaine de neige compl\u00e8te, selon Info Climat. Du c\u00f4t\u00e9 des minimales de ce mois de novembre\u00a02025, la temp\u00e9rature la plus basse pour l\u2019instant enregistr\u00e9e \u00e0 Lyon-Bron s\u2019\u00e9tablit \u00e0 \u2013 4, 4\u00a0\u00b0C. Il ne faut pas chercher tr\u00e8s loin pour retrouver des valeurs similaires, puisque le mois de novembre\u00a02024 enregistrait un -4, 2\u00a0\u00b0C. Bien loin du record de 1925 avec un\u00a0-9, 4\u00a0\u00b0C.<\/p>\n<p>  Viabilit\u00e9 hivernale<\/p>\n<p>Et sur les routes\u00a0? Les collectivit\u00e9s ont activ\u00e9 leurs plans de viabilit\u00e9 hivernales. La M\u00e9tropole de Lyon travaille sur\u00a06\u00a0300\u00a0km de voiries qui sont trait\u00e9s pour maintenir la circulation\u00a0; 1072 agents form\u00e9s pour assurer la viabilit\u00e9\u00a0; 500 agents d\u2019entretien d\u00e9di\u00e9s au d\u00e9neigement manuel de 6 heures \u00e0 19\u00a0h\u00a030\u00a0; 18\u00a0000 tonnes de sel stock\u00e9es\u00a0; 79 v\u00e9hicules \u00e9quip\u00e9s de saleuses et de lames de d\u00e9neigement.<\/p>\n<p>M\u00eame chose pour Vinci, concessionnaire de l\u2019autoroute A89 dans le Rh\u00f4ne entr\u00e9e en mode <a href=\"https:\/\/www.leprogres.fr\/environnement\/2024\/11\/27\/camions-650-tonnes-de-sel-previsions-meteo-les-agents-de-l-a89-prets-pour-la-neige-et-le-verglas\" target=\"_blank\" rel=\"noopener\">viabilit\u00e9 hivernale\u00a0depuis\u00a0le\u00a01er \u00a0n<\/a> ovembre jusqu\u2019au mois d\u2019avril de fa\u00e7on \u00e0 cueillir les derniers flocons. Le centre d\u2019entretien de Joux, au niveau de la sortie num\u00e9ro\u00a034 \u00e0 l\u2019ouest de Tarare se met en condition\u00a0: 12 agents pr\u00eats \u00e0 r\u00e9agir 24 heures sur 24\u00a0; 650 tonnes de sel stock\u00e9es pour \u00eatre \u00e9pandues sur le bitume\u00a0; et une quinzaine de camions par\u00e9s \u00e0 intervenir.<\/p>\n","protected":false},"excerpt":{"rendered":"On arrive au bout\u00a0! Il ne reste plus que quelques jours avant la fin de cette vague de&hellip;\n","protected":false},"author":2,"featured_media":550640,"comment_status":"","ping_status":"","sticky":false,"template":"","format":"standard","meta":{"footnotes":""},"categories":[1889],"tags":[1111,11,2430,3152,2757,3153,3154,3155,3156,436,1777,674,107,1011,27,2428,2756,8423,12,25,2429],"class_list":{"0":"post-550639","1":"post","2":"type-post","3":"status-publish","4":"format-standard","5":"has-post-thumbnail","7":"category-lyon","8":"tag-actu","9":"tag-actualites","10":"tag-auvergne-rhone-alpes","11":"tag-edition-est-lyonnais","12":"tag-edition-lyon-villeurbanne","13":"tag-edition-ouest-lyonnais","14":"tag-edition-sud-lyonnais","15":"tag-edition-tarare","16":"tag-edition-villefranche","17":"tag-environnement","18":"tag-eu","19":"tag-europe","20":"tag-fil-info","21":"tag-fr","22":"tag-france","23":"tag-lyon","24":"tag-lyon-bassin","25":"tag-meteorologie-climat","26":"tag-news","27":"tag-republique-francaise","28":"tag-rhone"},"share_on_mastodon":{"url":"https:\/\/pubeurope.com\/@fr\/115591686593774482","error":""},"_links":{"self":[{"href":"https:\/\/www.europesays.com\/fr\/wp-json\/wp\/v2\/posts\/550639","targetHints":{"allow":["GET"]}}],"collection":[{"href":"https:\/\/www.europesays.com\/fr\/wp-json\/wp\/v2\/posts"}],"about":[{"href":"https:\/\/www.europesays.com\/fr\/wp-json\/wp\/v2\/types\/post"}],"author":[{"embeddable":true,"href":"https:\/\/www.europesays.com\/fr\/wp-json\/wp\/v2\/users\/2"}],"replies":[{"embeddable":true,"href":"https:\/\/www.europesays.com\/fr\/wp-json\/wp\/v2\/comments?post=550639"}],"version-history":[{"count":0,"href":"https:\/\/www.europesays.com\/fr\/wp-json\/wp\/v2\/posts\/550639\/revisions"}],"wp:featuredmedia":[{"embeddable":true,"href":"https:\/\/www.europesays.com\/fr\/wp-json\/wp\/v2\/media\/550640"}],"wp:attachment":[{"href":"https:\/\/www.europesays.com\/fr\/wp-json\/wp\/v2\/media?parent=550639"}],"wp:term":[{"taxonomy":"category","embeddable":true,"href":"https:\/\/www.europesays.com\/fr\/wp-json\/wp\/v2\/categories?post=550639"},{"taxonomy":"post_tag","embeddable":true,"href":"https:\/\/www.europesays.com\/fr\/wp-json\/wp\/v2\/tags?post=550639"}],"curies":[{"name":"wp","href":"https:\/\/api.w.org\/{rel}","templated":true}]}}