{"id":550645,"date":"2025-11-22T05:28:31","date_gmt":"2025-11-22T05:28:31","guid":{"rendered":"https:\/\/www.europesays.com\/fr\/550645\/"},"modified":"2025-11-22T05:28:31","modified_gmt":"2025-11-22T05:28:31","slug":"katatonia-en-concert-au-trabendo-de-paris-en-decembre-2025-news-rockurlife","status":"publish","type":"post","link":"https:\/\/www.europesays.com\/fr\/550645\/","title":{"rendered":"Katatonia : en concert au Trabendo de Paris en d\u00e9cembre 2025 ! &#8211; News &#8211; RockUrLife"},"content":{"rendered":"<p><strong>Katatonia<\/strong> sera de passage au dans la capitale pour ce qui s\u2019annonce d\u00e9j\u00e0 comme l\u2019un des rendez-vous les plus attendus de l\u2019hiver !<\/p>\n<p>Comme \u00e0 <strong>Lyon<\/strong> le 29 novembre \u00e0 <strong>La Rayonne<\/strong>, la soir\u00e9e pr\u00e9voit d\u2019\u00eatre encore plus dense que pr\u00e9vue : <strong>Evergrey<\/strong> et <strong>KLOGR<\/strong> assureront la premi\u00e8re partie, donnant \u00e0 l\u2019\u00e9v\u00e9nement une v\u00e9ritable allure de mini-festival sombre et \u00e9lectrique.<\/p>\n<p>\u00c0 peine quelques mois apr\u00e8s la sortie de <strong>Nightmares As Extensions Of The Waking State<\/strong> en juin, <strong>Katatonia<\/strong> prolonge son exploration introspective en l\u2019emmenant sur sc\u00e8ne, dans un \u00e9crin aussi intimiste qu\u2019intense. Le <strong>Trabendo<\/strong> devrait sublimer la nouvelle direction du groupe : un m\u00e9lange de tension post metal, d\u2019ambiances anxieuses et de m\u00e9lodies brumeuses, port\u00e9 par la voix spectrale de <strong>Jonas Renkse<\/strong>.<\/p>\n<p>La pr\u00e9sence d\u2019<strong>Evergrey<\/strong>, pilier du metal progressif su\u00e9dois, ajoute une dimension dramatique et \u00e9motionnelle suppl\u00e9mentaire \u00e0 la soir\u00e9e. Le groupe, connu pour ses atmosph\u00e8res grandiloquentes et ses riffs cisel\u00e9s, promet une mont\u00e9e en puissance id\u00e9ale avant l\u2019arriv\u00e9e de <strong>Katatonia<\/strong>. <strong>KLOGR<\/strong>, formation italienne oscillant entre alternative metal et rock industriel, ouvrira quant \u00e0 elle les portes d\u2019un univers plus abrasif, parfait pour pr\u00e9parer le public \u00e0 une nuit o\u00f9 la noirceur sera reine.<\/p>\n<p>Entre la densit\u00e9 \u00e9motionnelle du nouvel album, la promesse d\u2019une setlist naviguant entre spleen et \u00e9clats de lumi\u00e8re, et la pr\u00e9sence de deux groupes aux identit\u00e9s marqu\u00e9es, cette soir\u00e9e parisienne a tout d\u2019un alignement de plan\u00e8tes sombrement magnifique.<\/p>\n<p>Le 10 d\u00e9cembre 2025, le <strong>Trabendo<\/strong> deviendra le sanctuaire d\u2019une nuit o\u00f9 metal, m\u00e9lancolie et intensit\u00e9 ne feront plus qu\u2019un.<\/p>\n<p><img loading=\"lazy\" decoding=\"async\" width=\"819\" height=\"1024\" src=\"https:\/\/www.europesays.com\/fr\/wp-content\/uploads\/2025\/11\/490345017_1136866588470518_8892288423382605968_n-819x1024.jpg\" alt=\"\" class=\"wp-image-229375\"\/><\/p>\n","protected":false},"excerpt":{"rendered":"Katatonia sera de passage au dans la capitale pour ce qui s\u2019annonce d\u00e9j\u00e0 comme l\u2019un des rendez-vous les&hellip;\n","protected":false},"author":2,"featured_media":550646,"comment_status":"","ping_status":"","sticky":false,"template":"","format":"standard","meta":{"footnotes":""},"categories":[1888],"tags":[1111,1928,11,1927,1777,674,66812,1011,27,9155,66813,12,1926,626,1925,25,66814],"class_list":{"0":"post-550645","1":"post","2":"type-post","3":"status-publish","4":"format-standard","5":"has-post-thumbnail","7":"category-paris","8":"tag-actu","9":"tag-actu-paris","10":"tag-actualites","11":"tag-actualites-paris","12":"tag-eu","13":"tag-europe","14":"tag-evergrey","15":"tag-fr","16":"tag-france","17":"tag-katatonia","18":"tag-klogr","19":"tag-news","20":"tag-news-paris","21":"tag-paris","22":"tag-paris-news","23":"tag-republique-francaise","24":"tag-trabendo"},"share_on_mastodon":{"url":"https:\/\/pubeurope.com\/@fr\/115591703991113166","error":""},"_links":{"self":[{"href":"https:\/\/www.europesays.com\/fr\/wp-json\/wp\/v2\/posts\/550645","targetHints":{"allow":["GET"]}}],"collection":[{"href":"https:\/\/www.europesays.com\/fr\/wp-json\/wp\/v2\/posts"}],"about":[{"href":"https:\/\/www.europesays.com\/fr\/wp-json\/wp\/v2\/types\/post"}],"author":[{"embeddable":true,"href":"https:\/\/www.europesays.com\/fr\/wp-json\/wp\/v2\/users\/2"}],"replies":[{"embeddable":true,"href":"https:\/\/www.europesays.com\/fr\/wp-json\/wp\/v2\/comments?post=550645"}],"version-history":[{"count":0,"href":"https:\/\/www.europesays.com\/fr\/wp-json\/wp\/v2\/posts\/550645\/revisions"}],"wp:featuredmedia":[{"embeddable":true,"href":"https:\/\/www.europesays.com\/fr\/wp-json\/wp\/v2\/media\/550646"}],"wp:attachment":[{"href":"https:\/\/www.europesays.com\/fr\/wp-json\/wp\/v2\/media?parent=550645"}],"wp:term":[{"taxonomy":"category","embeddable":true,"href":"https:\/\/www.europesays.com\/fr\/wp-json\/wp\/v2\/categories?post=550645"},{"taxonomy":"post_tag","embeddable":true,"href":"https:\/\/www.europesays.com\/fr\/wp-json\/wp\/v2\/tags?post=550645"}],"curies":[{"name":"wp","href":"https:\/\/api.w.org\/{rel}","templated":true}]}}