{"id":550655,"date":"2025-11-22T05:34:19","date_gmt":"2025-11-22T05:34:19","guid":{"rendered":"https:\/\/www.europesays.com\/fr\/550655\/"},"modified":"2025-11-22T05:34:19","modified_gmt":"2025-11-22T05:34:19","slug":"f1-gp-des-etats-unis-a-las-vegas-a-quelle-heure-et-sur-quelle-chaine-tv-suivre-les-qualifications-du-grand-prix","status":"publish","type":"post","link":"https:\/\/www.europesays.com\/fr\/550655\/","title":{"rendered":"F1, GP des \u00c9tats-Unis \u00e0 Las Vegas\u00a0: \u00e0 quelle heure et sur quelle cha\u00eene TV suivre les qualifications du Grand Prix\u00a0?"},"content":{"rendered":"<p class=\"paragraph text_align_left lp-f-body-02\">Vainqueur au Br\u00e9sil, Lando Norris (McLaren) s\u2019est rapproch\u00e9 d\u2019un premier titre de champion du monde de <a href=\"https:\/\/www.leparisien.fr\/sports\/formule-1\/\" target=\"_self\" rel=\"noopener\">Formule 1<\/a>. Mais la bataille est loin d\u2019\u00eatre termin\u00e9e et ce 22e Grand Prix de la saison \u00e0 Las Vegas sera capital. Alors pour Piastri (McLaren) et <a href=\"https:\/\/www.leparisien.fr\/sports\/formule-1\/direct-f1-norris-peut-faire-un-grand-pas-vers-le-titre-les-francais-en-quete-dun-podium-suivez-le-gp-du-bresil-09-11-2025-BLQGBUH5QVG6PB2LAJMGIAQLA4.php\" target=\"_blank\" rel=\"noopener\">Verstappen <\/a>(Red Bull), encore <a href=\"https:\/\/www.leparisien.fr\/sports\/formule-1\/formule-1-norris-bien-lance-les-classements-des-championnats-du-monde-pilotes-et-constructeurs-apres-le-gp-de-bresil-09-11-2025-DSMGJODF3FAUPFXJ665NSWI5QQ.php\" target=\"_blank\" rel=\"noopener\">en course pour le titre<\/a>, il va falloir \u00eatre pr\u00e9sent d\u00e8s les qualifications.<\/p>\n<p class=\"paragraph text_align_left lp-f-body-02\">Seulement 49 points s\u00e9parent le N\u00e9erlandais, 3e, du Britannique, leader. Ces qualifications, \u00e0 trois Grand Prix de la fin, vont avoir des allures de bataille pour le titre. Un Lando Norris inspir\u00e9 et en pole position dimanche serait une bien mauvaise nouvelle pour Red Bull et Verstappen, mais aussi pour son co\u00e9quipier Oscar Piastri. L\u2019Australien, leader un temps de ce Championnat du monde, pourrait s\u2019en mordre les doigts. Son erreur lors de la course sprint le 8 novembre dernier au Br\u00e9sil lui co\u00fbterait alors le titre. Affaire \u00e0 suivre.<\/p>\n<p class=\"paragraph text_align_left lp-f-body-02\"><b>Les qualifications du Grand Prix de Las Vegas auront lieu dans la nuit du vendredi 21 au samedi 22 novembre aux alentours de 5 heures du matin. Les s\u00e9ances seront \u00e0 suivre d\u00e8s 4h40 sur Canal + sport.<\/b><\/p>\n","protected":false},"excerpt":{"rendered":"Vainqueur au Br\u00e9sil, Lando Norris (McLaren) s\u2019est rapproch\u00e9 d\u2019un premier titre de champion du monde de Formule 1.&hellip;\n","protected":false},"author":2,"featured_media":550656,"comment_status":"","ping_status":"","sticky":false,"template":"","format":"standard","meta":{"footnotes":""},"categories":[1589],"tags":[11,73,1866,1454,12,60,1864,1865,1863,308],"class_list":{"0":"post-550655","1":"post","2":"type-post","3":"status-publish","4":"format-standard","5":"has-post-thumbnail","7":"category-etats-unis","8":"tag-actualites","9":"tag-etats-unis","10":"tag-etats-unis-damerique","11":"tag-formule-1","12":"tag-news","13":"tag-sports","14":"tag-united-states","15":"tag-united-states-of-america","16":"tag-us","17":"tag-usa"},"share_on_mastodon":{"url":"https:\/\/pubeurope.com\/@fr\/115591726014055606","error":""},"_links":{"self":[{"href":"https:\/\/www.europesays.com\/fr\/wp-json\/wp\/v2\/posts\/550655","targetHints":{"allow":["GET"]}}],"collection":[{"href":"https:\/\/www.europesays.com\/fr\/wp-json\/wp\/v2\/posts"}],"about":[{"href":"https:\/\/www.europesays.com\/fr\/wp-json\/wp\/v2\/types\/post"}],"author":[{"embeddable":true,"href":"https:\/\/www.europesays.com\/fr\/wp-json\/wp\/v2\/users\/2"}],"replies":[{"embeddable":true,"href":"https:\/\/www.europesays.com\/fr\/wp-json\/wp\/v2\/comments?post=550655"}],"version-history":[{"count":0,"href":"https:\/\/www.europesays.com\/fr\/wp-json\/wp\/v2\/posts\/550655\/revisions"}],"wp:featuredmedia":[{"embeddable":true,"href":"https:\/\/www.europesays.com\/fr\/wp-json\/wp\/v2\/media\/550656"}],"wp:attachment":[{"href":"https:\/\/www.europesays.com\/fr\/wp-json\/wp\/v2\/media?parent=550655"}],"wp:term":[{"taxonomy":"category","embeddable":true,"href":"https:\/\/www.europesays.com\/fr\/wp-json\/wp\/v2\/categories?post=550655"},{"taxonomy":"post_tag","embeddable":true,"href":"https:\/\/www.europesays.com\/fr\/wp-json\/wp\/v2\/tags?post=550655"}],"curies":[{"name":"wp","href":"https:\/\/api.w.org\/{rel}","templated":true}]}}