{"id":550659,"date":"2025-11-22T05:36:22","date_gmt":"2025-11-22T05:36:22","guid":{"rendered":"https:\/\/www.europesays.com\/fr\/550659\/"},"modified":"2025-11-22T05:36:22","modified_gmt":"2025-11-22T05:36:22","slug":"lespagne-a-le-coeur-lallemagne-a-alexander-zverev-qui-pour-aller-defier-litalie-double-championne-en-titre-en-finale-de-coupe-davis","status":"publish","type":"post","link":"https:\/\/www.europesays.com\/fr\/550659\/","title":{"rendered":"L\u2019Espagne a le c\u0153ur, l\u2019Allemagne a Alexander Zverev\u00a0: qui pour aller d\u00e9fier l\u2019Italie, double championne en titre, en finale de Coupe Davis\u00a0?"},"content":{"rendered":"<p>  \tLe dernier ticket pour la finale de la Coupe Davis \u00e0 Bologne sera distribu\u00e9 ce samedi. Le match s\u2019annonce intense, les deux \u00e9quipes ont d\u00fb batailler pour arriver jusque-l\u00e0 et ne comptent pas repartir les mains vides. Et si l\u2019Allemagne d\u2019Alexander Zverev semble favorite, rien n\u2019est encore jou\u00e9.<\/p>\n<p>&#13;<br \/>\n&#13;<\/p>\n<p>En demi-finale de la Coupe Davis 2025 ce samedi \u00e0 Bologne, l\u2019Espagne et l\u2019Allemagne s\u2019affrontent dans un duel inattendu, entre deux \u00e9quipes qui ont chacune renvers\u00e9 des situations compromises en quart de finale. La\u00a0Roja, emmen\u00e9e par David Ferrer, tentera de poursuivre son parcours h\u00e9ro\u00efque malgr\u00e9 l\u2019absence de son leader Carlos\u00a0Alcaraz, num\u00e9ro 1 mondial, bless\u00e9 pour cette phase finale. En face, l\u2019Allemagne peut compter sur un Alexander\u00a0Zverev\u00a0en grande forme, meilleur joueur du tournoi en l\u2019absence d\u2019Alcaraz\u00a0et de l\u2019Italien Jannik\u00a0Sinner.<\/p>\n<p><a href=\"https:\/\/www.rtlplay.be\/rtlplay\/coupe-davis~138e9fe4-accc-4d10-ba30-c529a9f22782\" class=\"r-stories--HyPlink\" id=\"Hyp-\" target=\"_blank\" rel=\"noopener\">&gt; Suivez les rencontres du jour sur RTL Play<\/a><\/p>\n<p>L\u2019Espagne, fid\u00e8le \u00e0 sa r\u00e9putation de \u00ab\u00a0reine des\u00a0remontadas \u00bb, a une nouvelle fois prouv\u00e9 sa r\u00e9silience. Men\u00e9e 1-0 par la R\u00e9publique tch\u00e8que, elle a arrach\u00e9 la victoire gr\u00e2ce \u00e0 un Jaume\u00a0Munar\u00a0\u00e9tincelant et \u00e0 une paire de double d\u2019exception form\u00e9e par Marcel Granollers et Pedro\u00a0Mart\u00ednez. Ce dernier, v\u00e9ritable homme de Coupe Davis, a brill\u00e9 par son courage et son sang-froid dans les moments cl\u00e9s. Ensemble, ils ont sauv\u00e9 cinq balles de set pour offrir \u00e0 leur pays une qualification inesp\u00e9r\u00e9e. Comme l\u2019a soulign\u00e9 David Ferrer \u00e0 la presse espagnole, \u00ab\u00a0ces joueurs sont incroyables, ils m\u00e9ritent de vivre ces moments. L\u2019ambiance dans l\u2019\u00e9quipe est id\u00e9ale pour r\u00eaver plus grand.\u00a0\u00bb<\/p>\n<p>&#13;<br \/>\n&#13;<\/p>\n<p>&#13;<br \/>\n&#13;<\/p>\n<p>Mais l\u2019obstacle allemand ne sera pas moins redoutable. \u00c9galement men\u00e9e face \u00e0 l\u2019Argentine, la Mannschaft s\u2019est sauv\u00e9e gr\u00e2ce \u00e0 une performance renversante de sa paire\u00a0Krawietz\/Puetz, capable de faire la diff\u00e9rence dans un double d\u00e9cisif. Surtout, l\u2019\u00e9quipe allemande peut s\u2019appuyer sur\u00a0Zverev, actuel num\u00e9ro 3 mondial, qui incarne \u00e0 lui seul une menace majeure.<\/p>\n<p>En double, rien n\u2019est jou\u00e9 d\u2019avance<\/p>\n<p>Si la confrontation devait une nouvelle fois se jouer en double, comme ce fut le cas pour les deux nations en quarts, le suspense s\u2019annonce total. Granollers, r\u00e9f\u00e9rence mondiale du double, semble capable de porter un Pedro\u00a0Mart\u00ednez\u00a0toujours transcend\u00e9 sous les couleurs espagnoles. Mais\u00a0Krawietz\u00a0et\u00a0Puetz\u00a0n\u2019ont rien \u00e0 envier en termes de solidit\u00e9 et d\u2019exp\u00e9rience. Dans un tel sc\u00e9nario, aucun favori ne se d\u00e9gage.<\/p>\n<p>\n  &#13;<br \/>\n  \u00c0 lire aussi&#13;<br \/>\n  &#13;<\/p>\n<p>  <img decoding=\"async\" data-copyright=\"BELGA\" class=\"r-img\"  typeof=\"foaf:Image\" src=\"https:\/\/www.europesays.com\/fr\/wp-content\/uploads\/2025\/11\/55170399.jpeg\" alt=\"zizou bergs.jpg\"\/><br \/>\n        <a class=\"r-stories--link\" href=\"https:\/\/www.rtl.be\/sport\/tous-les-sports\/tennis\/coupe-davis-litalie-elimine-la-belgique-aux-portes-de-la-finale-malgre-un\/2025-11-21\/article\/771204\" target=\"_blank\" rel=\"noopener\">Coupe Davis: l\u2019Italie \u00e9limine la Belgique aux portes de la finale malgr\u00e9 un immense combat de Zizou Bergs<\/a>&#13;<br \/>\n  &#13;<br \/>\n&#13;\n<\/p>\n<p>L\u2019Espagne, sextuple vainqueur de la Coupe Davis, r\u00eave d\u2019un nouvel exploit dans une comp\u00e9tition qu\u2019elle aborde cette ann\u00e9e sans grandes stars mais avec un c\u0153ur immense. L\u2019Allemagne, elle, vise une deuxi\u00e8me finale cons\u00e9cutive et peut toujours croire \u00e0 un quatri\u00e8me Saladier d\u2019argent.<\/p>\n<p>Le vainqueur retrouvera l\u2019Italie en finale, qui est venue \u00e0 bout des Belges ce vendredi. La t\u00e2che s\u2019annonce ardue face au double champion en titre qui en plus joue \u00e0 domicile. Avantage pour les visiteurs\u00a0: la Squadra Azzurra est priv\u00e9e de ses deux t\u00eates de s\u00e9rie, Sinner et Musetti.<\/p>\n<p>&#13;<br \/>\n&#13;<\/p>\n<p>&#13;<br \/>\n&#13;<\/p>\n","protected":false},"excerpt":{"rendered":"Le dernier ticket pour la finale de la Coupe Davis \u00e0 Bologne sera distribu\u00e9 ce samedi. Le match&hellip;\n","protected":false},"author":2,"featured_media":550660,"comment_status":"","ping_status":"","sticky":false,"template":"","format":"standard","meta":{"footnotes":""},"categories":[1587],"tags":[11,672,1804,1805,1803,1777,674,1801,12,1802,63397],"class_list":{"0":"post-550659","1":"post","2":"type-post","3":"status-publish","4":"format-standard","5":"has-post-thumbnail","7":"category-allemagne","8":"tag-actualites","9":"tag-allemagne","10":"tag-bundesrepublik-deutschland","11":"tag-de","12":"tag-deutschland","13":"tag-eu","14":"tag-europe","15":"tag-germany","16":"tag-news","17":"tag-republique-federale-dallemagne","18":"tag-rtl-info"},"share_on_mastodon":{"url":"https:\/\/pubeurope.com\/@fr\/115591734576085546","error":""},"_links":{"self":[{"href":"https:\/\/www.europesays.com\/fr\/wp-json\/wp\/v2\/posts\/550659","targetHints":{"allow":["GET"]}}],"collection":[{"href":"https:\/\/www.europesays.com\/fr\/wp-json\/wp\/v2\/posts"}],"about":[{"href":"https:\/\/www.europesays.com\/fr\/wp-json\/wp\/v2\/types\/post"}],"author":[{"embeddable":true,"href":"https:\/\/www.europesays.com\/fr\/wp-json\/wp\/v2\/users\/2"}],"replies":[{"embeddable":true,"href":"https:\/\/www.europesays.com\/fr\/wp-json\/wp\/v2\/comments?post=550659"}],"version-history":[{"count":0,"href":"https:\/\/www.europesays.com\/fr\/wp-json\/wp\/v2\/posts\/550659\/revisions"}],"wp:featuredmedia":[{"embeddable":true,"href":"https:\/\/www.europesays.com\/fr\/wp-json\/wp\/v2\/media\/550660"}],"wp:attachment":[{"href":"https:\/\/www.europesays.com\/fr\/wp-json\/wp\/v2\/media?parent=550659"}],"wp:term":[{"taxonomy":"category","embeddable":true,"href":"https:\/\/www.europesays.com\/fr\/wp-json\/wp\/v2\/categories?post=550659"},{"taxonomy":"post_tag","embeddable":true,"href":"https:\/\/www.europesays.com\/fr\/wp-json\/wp\/v2\/tags?post=550659"}],"curies":[{"name":"wp","href":"https:\/\/api.w.org\/{rel}","templated":true}]}}