{"id":550661,"date":"2025-11-22T05:37:40","date_gmt":"2025-11-22T05:37:40","guid":{"rendered":"https:\/\/www.europesays.com\/fr\/550661\/"},"modified":"2025-11-22T05:37:40","modified_gmt":"2025-11-22T05:37:40","slug":"radio-france-et-france-televisions-assignent-en-justice-cnews-europe-1-et-le-jdd-pour-denigrement","status":"publish","type":"post","link":"https:\/\/www.europesays.com\/fr\/550661\/","title":{"rendered":"Radio France et France T\u00e9l\u00e9visions assignent en justice CNews, Europe 1 et le JDD pour d\u00e9nigrement"},"content":{"rendered":"<p><strong>Dans un con\u00adtexte m\u00e9di\u00ada\u00adtique ten\u00addu, Radio France et France T\u00e9l\u00e9vi\u00adsions ont assign\u00e9 CNews, Europe 1 et le JDD pour \u00ab d\u00e9n\u00adi\u00adgre\u00adment \u00bb. Ces m\u00e9dias priv\u00e9s, pro\u00adpri\u00e9t\u00e9s de Vin\u00adcent Bol\u00adlor\u00e9, sont accus\u00e9s d\u2019une cam\u00adpagne orchestr\u00e9e visant \u00e0 dis\u00adcr\u00e9diter le ser\u00advice public.<\/strong><\/p>\n<p>Guerre des m\u00e9dias<\/p>\n<p>La guerre des m\u00e9dias a franchi un cap. Radio France et France T\u00e9l\u00e9vi\u00adsions, piliers de l\u2019audiovisuel pub\u00adlic, ont assign\u00e9 en jus\u00adtice CNews, Europe 1 et le Jour\u00adnal du dimanche (JDD) pour d\u00e9n\u00adi\u00adgre\u00adment. Cette proc\u00e9\u00addure, d\u00e9pos\u00e9e s\u00e9par\u00e9\u00adment mais de mani\u00e8re con\u00adcert\u00e9e aupr\u00e8s du tri\u00adbunal des affaires \u00e9conomiques de Paris, inter\u00advient dans le sil\u00adlage de ten\u00adsions vives depuis sep\u00adtem\u00adbre 2025, mar\u00adqu\u00e9es par l\u2019affaire Legrand-Cohen.<\/p>\n<p>Les groupes publics r\u00e9cla\u00adment au total 1,5 mil\u00adlion d\u2019euros de dom\u00admages et int\u00e9r\u00eats, d\u00e9non\u00e7ant une \u00ab entre\u00adprise orchestr\u00e9e de d\u00e9sta\u00adbil\u00adi\u00adsa\u00adtion \u00bb \u00e9conomique et insti\u00adtu\u00adtion\u00adnelle. Pour\u00adtant, cette riposte judi\u00adci\u00adaire pour\u00adrait \u00eatre per\u00e7ue comme une ten\u00adta\u00adtive de con\u00adtr\u00ader des cri\u00adtiques juste\u00adment l\u00e9gitim\u00e9es par l\u2019affaire Legrand-Cohen sur l\u2019impartialit\u00e9 du ser\u00advice public.<\/p>\n<p>L\u2019affaire Legrand-Cohen : \u00e9tincelle d\u2019un conflit id\u00e9ologique<\/p>\n<p>Tout a com\u00admenc\u00e9 avec <a href=\"https:\/\/www.ojim.fr\/affaire-cohen-legrand-on-vous-raconte-les-coulisses-de-la-polemique\/\" target=\"_blank\" rel=\"noopener noreferrer\">une vid\u00e9o dif\u00adfus\u00e9e d\u00e9but sep\u00adtem\u00adbre par le m\u00e9dia L\u2019Incorrect<\/a>, mon\u00adtrant les jour\u00adnal\u00adistes Thomas Legrand et Patrick Cohen en con\u00adver\u00adsa\u00adtion avec des respon\u00ads\u00adables social\u00adistes. La phrase \u00ab Nous, on fait ce qu\u2019il faut pour Rachi\u00adda Dati \u00bb, pronon\u00adc\u00e9e par Legrand, a mis en exer\u00adgue une con\u00adnivence avec la gauche, remet\u00adtant en ques\u00adtion, pour ceux qui avaient encore un peu de doute, la neu\u00adtral\u00adit\u00e9 de l\u2019audiovisuel public.<\/p>\n<p>Les m\u00e9dias priv\u00e9s vis\u00e9s, <a href=\"https:\/\/www.ojim.fr\/nouvelle-infographie-le-groupe-bollore\/\" target=\"_blank\" rel=\"noopener noreferrer\">ceux du groupe Bol\u00adlor\u00e9<\/a>, ont alors mul\u00adti\u00adpli\u00e9 les com\u00admen\u00adtaires, accu\u00adsant Radio France et France T\u00e9l\u00e9vi\u00adsions d\u2019un \u00ab par\u00adti pris id\u00e9ologique de gauche \u00bb et d\u2019utiliser \u00ab les imp\u00f4ts des Fran\u00e7ais \u00bb pour financer une infor\u00adma\u00adtion biais\u00e9e.<\/p>\n<p><strong>Voir aus\u00adsi :<\/strong> <a href=\"https:\/\/www.ojim.fr\/affaire-cohen-legrand-on-vous-raconte-les-coulisses-de-la-polemique\/\" target=\"_blank\" rel=\"noopener\">Affaire Cohen-Legrand : on vous racon\u00adte les couliss\u00ades de la pol\u00e9mique<\/a><\/p>\n<p><a href=\"https:\/\/www.ojim.fr\/portraits\/delphine-ernotte\/\" target=\"_blank\" rel=\"noopener noreferrer\">Del\u00adphine Ernotte<\/a>, pr\u00e9si\u00addente de France T\u00e9l\u00e9vi\u00adsions, avait r\u00e9a\u00adgi vive\u00adment dans Le Monde :<\/p>\n<blockquote>\n<p>\u00ab La galax\u00adie m\u00e9di\u00ada\u00adtique de Vin\u00adcent Bol\u00adlor\u00e9 veut la peau de l\u2019audiovisuel pub\u00adlic. \u00bb<\/p>\n<\/blockquote>\n<p><a href=\"https:\/\/www.ojim.fr\/portraits\/sibyle-veil\/\" target=\"_blank\" rel=\"noopener noreferrer\">Sibylle Veil<\/a>, PDG de Radio France, avait d\u00e9non\u00adc\u00e9 des attaques visant \u00e0 \u00ab saper la con\u00adfi\u00adance des audi\u00adteurs \u00bb. Les groupes publics avaient alors saisi l\u2019Arcom, joignant un \u00ab best of \u00bb d\u2019extraits vir\u00adu\u00adlents. Mais les m\u00e9dias Bol\u00adlor\u00e9, par la voix de Serge Ned\u00adjar, patron de CNews, ont r\u00e9pliqu\u00e9 en pointant un \u00ab manque de mesure \u00bb et en affir\u00admant que leurs cri\u00adtiques n\u2019\u00e9taient que des r\u00e9pons\u00ades \u00e0 des car\u00adi\u00adca\u00adtures r\u00e9cur\u00adrentes du ser\u00advice public.<\/p>\n<p>R\u00e9actions gouvernementales et menaces de riposte<\/p>\n<p>Le min\u00adistre de la Cul\u00adture, Rachi\u00adda Dati, a exprim\u00e9 son irri\u00adta\u00adtion lors des ques\u00adtions au gou\u00adverne\u00adment le 19 novem\u00adbre, regret\u00adtant que les tutelles n\u2019aient pas \u00e9t\u00e9 infor\u00adm\u00e9es de cette action. \u00ab Cette d\u00e9marche n\u2019avait en aucun cas \u00e9t\u00e9 con\u00adcert\u00e9e et encore moins approu\u00adv\u00e9e par les tutelles \u00bb, a\u2011t-elle d\u00e9clar\u00e9, invo\u00adquant le \u00ab respect de l\u2019engagement des deniers publics dans cette proc\u00e9\u00addure \u00bb.<\/p>\n<p>Cette posi\u00adtion souligne les ten\u00adsions poli\u00adtiques entre Dati et les patronnes des m\u00e9dias publics, <a href=\"https:\/\/www.ojim.fr\/jaurai-le-scalp-dernotte-le-courroux-de-rachida-dati-contre-laudiovisuel-public\/\" target=\"_blank\" rel=\"noopener noreferrer\">notam\u00adment Del\u00adphine Ernotte<\/a>, la pre\u00admi\u00e8re pous\u00adsant <a href=\"https:\/\/www.ojim.fr\/fusion-de-laudiovisuel-public-plus-gros-plus-efficace-plus-utile\/\" target=\"_blank\" rel=\"noopener noreferrer\">pour une r\u00e9forme de l\u2019audiovisuel pub\u00adlic via une hold\u00ading France M\u00e9dias<\/a>, pro\u00adjet con\u00adtest\u00e9 par la gauche. Du c\u00f4t\u00e9 des m\u00e9dias priv\u00e9s, <a href=\"https:\/\/www.ojim.fr\/portraits\/portrait-pascal-praud-le-dandy-nantais\/\" target=\"_blank\" rel=\"noopener noreferrer\">Pas\u00adcal Praud<\/a>, fig\u00adure de CNews, a r\u00e9a\u00adgi avec vigueur\u00a0:<\/p>\n<blockquote>\n<p>\u00ab S\u2019ils attaque\u00adnt, on va atta\u00adquer. Et l\u00e0 je vous le dis, on va s\u2019amuser sur le d\u00e9nigrement.\u00a0\u00bb<\/p>\n<\/blockquote>\n<p>Il a cibl\u00e9 un bil\u00adlet humoris\u00adtique de Bertrand Chameroy sur France Inter, le qual\u00adi\u00adfi\u00adant de \u00ab d\u00e9gueu\u00adlasse \u00bb, et rap\u00adpel\u00e9 que les cri\u00adtiques envers le ser\u00advice pub\u00adlic \u00e9taient sou\u00advent des r\u00e9pons\u00ades \u00e0 des attaques pr\u00e9alables.<\/p>\n<p><strong>Voir aus\u00adsi :<\/strong> <a href=\"https:\/\/www.ojim.fr\/les-ondes-francaises-en-pleine-tempete-france-inter-en-chute-libre-europe-1-senvole-et-radio-nova-monte\/\" target=\"_blank\" rel=\"noopener\">Les ondes fran\u00e7ais\u00ades en pleine tem\u00adp\u00eate : France Inter en chute libre, Europe 1 s\u2019envole et Radio Nova\u00a0monte<\/a><\/p>\n<p>Cette assig\u00adna\u00adtion in\u00e9dite pour\u00adrait dur\u00ader jusqu\u2019\u00e0 deux ans et pour\u00adrait nuire autant aux m\u00e9dias publics qu\u2019aux m\u00e9dias vis\u00e9s. La proc\u00e9\u00addure va en effet per\u00adme\u00adt\u00adtre aux d\u00e9tracteurs de Radio France et France T\u00e9l\u00e9vi\u00adsions de se rap\u00adpel\u00ader au bon sou\u00advenir de l\u2019affaire Legrand\/Cohen et per\u00adme\u00adt\u00adtra de com\u00adpil\u00ader les man\u00adque\u00adments \u00e0 la neu\u00adtral\u00adit\u00e9 du ser\u00advice public.<\/p>\n<p>La bataille judi\u00adci\u00adaire s\u2019annonce f\u00e9roce dans un paysage m\u00e9di\u00ada\u00adtique boulever\u00ads\u00e9 par l\u2019av\u00e8nement de la sph\u00e8re Bol\u00adlor\u00e9 qui a rompu avec des ann\u00e9es de qua\u00adsi-mono\u00adpole de la gauche. Sans compter que les ann\u00e9es 2026 et 2027 sont celles des \u00e9lections.<\/p>\n<p style=\"text-align: right;\"><strong>Rodolphe Cha\u00adla\u00admel<\/strong><\/p>\n","protected":false},"excerpt":{"rendered":"Dans un con\u00adtexte m\u00e9di\u00ada\u00adtique ten\u00addu, Radio France et France T\u00e9l\u00e9vi\u00adsions ont assign\u00e9 CNews, Europe 1 et le JDD&hellip;\n","protected":false},"author":2,"featured_media":550662,"comment_status":"","ping_status":"","sticky":false,"template":"","format":"standard","meta":{"footnotes":""},"categories":[1586],"tags":[11,1777,674,1011,27,2400,12,10316,25,66818],"class_list":{"0":"post-550661","1":"post","2":"type-post","3":"status-publish","4":"format-standard","5":"has-post-thumbnail","7":"category-europe","8":"tag-actualites","9":"tag-eu","10":"tag-europe","11":"tag-fr","12":"tag-france","13":"tag-france-televisions","14":"tag-news","15":"tag-radio-france","16":"tag-republique-francaise","17":"tag-vincent-bollore-et-le-groupe-bollore"},"share_on_mastodon":{"url":"https:\/\/pubeurope.com\/@fr\/115591737725090018","error":""},"_links":{"self":[{"href":"https:\/\/www.europesays.com\/fr\/wp-json\/wp\/v2\/posts\/550661","targetHints":{"allow":["GET"]}}],"collection":[{"href":"https:\/\/www.europesays.com\/fr\/wp-json\/wp\/v2\/posts"}],"about":[{"href":"https:\/\/www.europesays.com\/fr\/wp-json\/wp\/v2\/types\/post"}],"author":[{"embeddable":true,"href":"https:\/\/www.europesays.com\/fr\/wp-json\/wp\/v2\/users\/2"}],"replies":[{"embeddable":true,"href":"https:\/\/www.europesays.com\/fr\/wp-json\/wp\/v2\/comments?post=550661"}],"version-history":[{"count":0,"href":"https:\/\/www.europesays.com\/fr\/wp-json\/wp\/v2\/posts\/550661\/revisions"}],"wp:featuredmedia":[{"embeddable":true,"href":"https:\/\/www.europesays.com\/fr\/wp-json\/wp\/v2\/media\/550662"}],"wp:attachment":[{"href":"https:\/\/www.europesays.com\/fr\/wp-json\/wp\/v2\/media?parent=550661"}],"wp:term":[{"taxonomy":"category","embeddable":true,"href":"https:\/\/www.europesays.com\/fr\/wp-json\/wp\/v2\/categories?post=550661"},{"taxonomy":"post_tag","embeddable":true,"href":"https:\/\/www.europesays.com\/fr\/wp-json\/wp\/v2\/tags?post=550661"}],"curies":[{"name":"wp","href":"https:\/\/api.w.org\/{rel}","templated":true}]}}