{"id":550669,"date":"2025-11-22T05:41:12","date_gmt":"2025-11-22T05:41:12","guid":{"rendered":"https:\/\/www.europesays.com\/fr\/550669\/"},"modified":"2025-11-22T05:41:12","modified_gmt":"2025-11-22T05:41:12","slug":"fetes-de-fin-dannee-comment-linflation-en-france-marque-le-pas","status":"publish","type":"post","link":"https:\/\/www.europesays.com\/fr\/550669\/","title":{"rendered":"F\u00eates de fin d&rsquo;ann\u00e9e : comment l\u2019inflation en France marque le pas"},"content":{"rendered":"<p>\n                                                                    l&rsquo;essentiel<br \/>\n                                                                L\u2019inflation en France conna\u00eet une accalmie notable. Apr\u00e8s une hausse de pr\u00e8s de 5\u00a0% en 2023, elle devrait se stabiliser autour de 1\u00a0% cette ann\u00e9e. Les d\u00e9tails.\n                            <\/p>\n<p>Si la plupart des Fran\u00e7ais ne la ressentent pas encore, l\u2019heure est officiellement \u00e0 l\u2019accalmie sur le front des prix. Apr\u00e8s une inflation de pr\u00e8s de 5\u00a0% en 2023 et de plus de 2\u00a0% l\u2019an dernier, elle devrait s\u2019\u00e9tablir cette ann\u00e9e \u00e0 1\u00a0%. Selon les derni\u00e8res statistiques de l\u2019Institut national de la statistique et des \u00e9tudes \u00e9conomiques (Insee), l\u2019\u00e9volution des prix \u00e0 la consommation sur un an a en effet augment\u00e9 de 0,9\u00a0% en octobre\u00a02025, contre 1,2\u00a0% en septembre.<\/p>\n<p>Cette baisse de l\u2019inflation s\u2019explique notamment par un recul plus marqu\u00e9 des prix de l\u2019\u00e9nergie. Sur un an, les prix de l\u2019essence, du gaz et de l\u2019\u00e9lectricit\u00e9 ont baiss\u00e9 au global de 5,6\u00a0% en octobre, apr\u00e8s avoir diminu\u00e9 de 4,4\u00a0% en septembre. Concernant les prix de l\u2019alimentation, ils ont, eux, enregistr\u00e9 une augmentation moins forte, +\u00a01,3\u00a0% le mois dernier, contre +\u00a01,7\u00a0% en septembre. Cette baisse de l\u2019inflation alimentaire s\u2019explique principalement par le repli des prix des produits frais (\u20112,2 % apr\u00e8s +\u00a01,6\u00a0%), caus\u00e9 par la baisse de pr\u00e8s de dix points des prix des l\u00e9gumes frais. Enfin, les prix des produits manufactur\u00e9s ont, sur un an, baiss\u00e9 l\u00e9g\u00e8rement plus vite en octobre que le mois pr\u00e9c\u00e9dent (\u20110,5 % apr\u00e8s \u20110,4\u00a0%) indique l\u2019Insee. Les prix de l\u2019habillement, des chaussures, et des v\u00e9hicules ont notamment d\u00e9c\u00e9l\u00e9r\u00e9 et la baisse des \u00e9quipements de sport a \u00e9t\u00e9 plus marqu\u00e9e. Les prix des services et du tabac sont, quant \u00e0 eux, rest\u00e9s stables.<\/p>\n<p class=\"std-elt__inline\">\n        <strong>\u00c0 lire aussi :<\/strong><br \/>\n        <a href=\"https:\/\/www.ladepeche.fr\/2025\/11\/22\/decryptage-fetes-de-fin-dannee-un-budget-au-plus-bas-comment-les-francais-vont-se-serrer-la-ceinture-cette-annee-13065865.php\" rel=\"nofollow noopener\" target=\"_blank\">DECRYPTAGE. F\u00eates de fin d\u2019ann\u00e9e\u00a0: un budget au plus bas&#8230; comment les Fran\u00e7ais vont se serrer la ceinture cette ann\u00e9e<\/a>\n    <\/p>\n<p>Si la Banque de France estimait en septembre dernier que l\u2019inflation en France devrait s\u2019\u00e9tablir \u00e0 1\u00a0% sur l\u2019ann\u00e9e 2025, Bercy est un peu moins optimiste. Le minist\u00e8re de l\u2019\u00c9conomie et des Finances table sur une inflation moyenne de 1,1\u00a0% cette ann\u00e9e, et toujours mod\u00e9r\u00e9e \u00e0 +\u00a01,3\u00a0% en 2026. Reste que l\u2019inflation fran\u00e7aise reste \u00e0 un niveau largement inf\u00e9rieur \u00e0 tous les autres pays de la zone euro, Chypre mise \u00e0 part.<\/p>\n","protected":false},"excerpt":{"rendered":"l&rsquo;essentiel L\u2019inflation en France conna\u00eet une accalmie notable. Apr\u00e8s une hausse de pr\u00e8s de 5\u00a0% en 2023, elle&hellip;\n","protected":false},"author":2,"featured_media":550670,"comment_status":"","ping_status":"","sticky":false,"template":"","format":"standard","meta":{"footnotes":""},"categories":[4],"tags":[11,1011,27,12,25],"class_list":{"0":"post-550669","1":"post","2":"type-post","3":"status-publish","4":"format-standard","5":"has-post-thumbnail","7":"category-france","8":"tag-actualites","9":"tag-fr","10":"tag-france","11":"tag-news","12":"tag-republique-francaise"},"share_on_mastodon":{"url":"https:\/\/pubeurope.com\/@fr\/115591753475228648","error":""},"_links":{"self":[{"href":"https:\/\/www.europesays.com\/fr\/wp-json\/wp\/v2\/posts\/550669","targetHints":{"allow":["GET"]}}],"collection":[{"href":"https:\/\/www.europesays.com\/fr\/wp-json\/wp\/v2\/posts"}],"about":[{"href":"https:\/\/www.europesays.com\/fr\/wp-json\/wp\/v2\/types\/post"}],"author":[{"embeddable":true,"href":"https:\/\/www.europesays.com\/fr\/wp-json\/wp\/v2\/users\/2"}],"replies":[{"embeddable":true,"href":"https:\/\/www.europesays.com\/fr\/wp-json\/wp\/v2\/comments?post=550669"}],"version-history":[{"count":0,"href":"https:\/\/www.europesays.com\/fr\/wp-json\/wp\/v2\/posts\/550669\/revisions"}],"wp:featuredmedia":[{"embeddable":true,"href":"https:\/\/www.europesays.com\/fr\/wp-json\/wp\/v2\/media\/550670"}],"wp:attachment":[{"href":"https:\/\/www.europesays.com\/fr\/wp-json\/wp\/v2\/media?parent=550669"}],"wp:term":[{"taxonomy":"category","embeddable":true,"href":"https:\/\/www.europesays.com\/fr\/wp-json\/wp\/v2\/categories?post=550669"},{"taxonomy":"post_tag","embeddable":true,"href":"https:\/\/www.europesays.com\/fr\/wp-json\/wp\/v2\/tags?post=550669"}],"curies":[{"name":"wp","href":"https:\/\/api.w.org\/{rel}","templated":true}]}}