{"id":550675,"date":"2025-11-22T05:45:32","date_gmt":"2025-11-22T05:45:32","guid":{"rendered":"https:\/\/www.europesays.com\/fr\/550675\/"},"modified":"2025-11-22T05:45:32","modified_gmt":"2025-11-22T05:45:32","slug":"je-suis-vraiment-desole-carlos-alcaraz-declare-forfait-pour-la-phase-finale","status":"publish","type":"post","link":"https:\/\/www.europesays.com\/fr\/550675\/","title":{"rendered":"\u00abJe suis vraiment d\u00e9sol\u00e9\u00bb, Carlos Alcaraz d\u00e9clare forfait pour la phase finale"},"content":{"rendered":"<p>\n    Touch\u00e9 \u00e0 la jambe droite, le num\u00e9ro un mondial ne participera pas au quart de finale de la Coupe Davis. L\u2019Espagne affronte la R\u00e9publique tch\u00e8que jeudi.<\/p>\n<p class=\"fig-paragraph\">Coup dur pour<a href=\"http:\/\/www.lefigaro.fr\/sports\/tennis\/atp-finals-je-pense-que-j-ai-vraiment-ete-proche-du-niveau-de-sinner-alcaraz-reste-confiant-20251116\" data-fig-type=\"NewsFlash\" data-gtm-custom-categorie=\"navigation\" data-gtm-custom-action=\"crossclick\" data-gtm-custom-label=\"Contextuel\" data-gtm-event=\"customEventSPE\" data-fig-domain=\"LEFIGARO\" target=\"_blank\" rel=\"noopener\">\u00a0Carlos Alcaraz.<\/a>\u00a0Le N.1 mondial, bless\u00e9 \u00e0 la jambe droite, a d\u00e9clar\u00e9 forfait mardi pour la phase finale de\u00a0<a href=\"https:\/\/www.lefigaro.fr\/sports\/tennis\/coupe-davis\" target=\"_blank\" data-fig-type=\"Section\" rel=\"sponsored noopener\" data-gtm-custom-categorie=\"navigation\" data-gtm-custom-action=\"crossclick\" data-gtm-custom-label=\"Contextuel\" data-gtm-event=\"customEventSPE\" data-fig-domain=\"LEFIGARO\">Coupe Davis<\/a>\u00a0\u00e0 Bologne, \u00e0 deux jours d&rsquo;un quart de finale relev\u00e9 pour l&rsquo;Espagne contre la R\u00e9publique tch\u00e8que.<\/p>\n<p class=\"fig-paragraph\">\u00abJe suis vraiment d\u00e9sol\u00e9 d\u2019annoncer que je ne pourrai pas jouer\u00bb, a \u00e9crit sur son compte X la principale t\u00eate d\u2019affiche du \u00abFinal 8\u00bb de la comp\u00e9tition, expliquant souffrir d\u2019un \u00ab\u0153d\u00e8me (&#8230;) \u00e0 la jambe droite\u00bb deux jours apr\u00e8s la finale du Masters de Turin perdue contre son grand rival Jannik Sinner (2e), durant laquelle il avait contract\u00e9 cette blessure.<\/p>\n<p>                                    <a class=\"fig-a11y-skip a11y-hidden\" href=\"#fig-a11y-skip-main-inarticle\"><br \/>\n        Passer la publicit\u00e9<br \/>\n    <\/a><\/p>\n<p class=\"fig-paragraph\">Selon un communiqu\u00e9 de la F\u00e9d\u00e9ration espagnole de tennis (RFET), le N.1 mondial a rejoint lundi ses \u00e9quipiers \u00e0 Bologne, o\u00f9 il a pass\u00e9 des examens m\u00e9dicaux qui ont r\u00e9v\u00e9l\u00e9 \u00abune surcharge musculaire importante avec un oed\u00e8me marqu\u00e9 dans l\u2019ischio-jambier de sa jambe droite\u00bb. Alcaraz, dont la saison s\u2019ach\u00e8ve ainsi sur un bilan de huit titres dont deux Grand Chelem, \u00abrentrera d\u00e8s mardi en Espagne\u00bb, a pr\u00e9cis\u00e9 la RFET.<\/p>\n<p>Zverev t\u00eate d\u2019affiche de la comp\u00e9tition<\/p>\n<p class=\"fig-paragraph\">Son forfait est un coup dur pour les organisateurs de la Coupe Davis, d\u00e9j\u00e0 priv\u00e9s des deux meilleurs joueurs italiens (le 2e mondial Jannik Sinner et le 8e Lorenzo Musetti) pour cette premi\u00e8re \u00e9dition de la phase finale en terres italiennes, apr\u00e8s plusieurs ann\u00e9es o\u00f9 elle s\u2019est disput\u00e9e \u00e0 Malaga. Le joueur le mieux class\u00e9 &#8211; et seul membre du top 10 &#8211; \u00e0 Bologne sera le N.3 mondial Alexander Zverev.<\/p>\n<p class=\"fig-paragraph\">En l\u2019absence d\u2019Alcaraz, l\u2019\u00e9quipe d\u2019Espagne sera emmen\u00e9e par Jaume Munar (36e). Le capitaine David Ferrer a \u00e9galement s\u00e9lectionn\u00e9 Pablo Carreno (89e) et Pedro Martinez (95e), et le sp\u00e9cialiste du double Marcel Granollers. La R\u00e9publique tch\u00e8que comptera, elle, sur Jiri Lehecka (17e), Jakub Mensik (19e) ou Tomas Machac (32e) en simple.<\/p>\n","protected":false},"excerpt":{"rendered":"Touch\u00e9 \u00e0 la jambe droite, le num\u00e9ro un mondial ne participera pas au quart de finale de la&hellip;\n","protected":false},"author":2,"featured_media":550676,"comment_status":"","ping_status":"","sticky":false,"template":"","format":"standard","meta":{"footnotes":""},"categories":[1415],"tags":[7779,1011,27,60,1467],"class_list":{"0":"post-550675","1":"post","2":"type-post","3":"status-publish","4":"format-standard","5":"has-post-thumbnail","7":"category-tennis","8":"tag-carlos-alcaraz","9":"tag-fr","10":"tag-france","11":"tag-sports","12":"tag-tennis"},"share_on_mastodon":{"url":"https:\/\/pubeurope.com\/@fr\/115591769211332925","error":""},"_links":{"self":[{"href":"https:\/\/www.europesays.com\/fr\/wp-json\/wp\/v2\/posts\/550675","targetHints":{"allow":["GET"]}}],"collection":[{"href":"https:\/\/www.europesays.com\/fr\/wp-json\/wp\/v2\/posts"}],"about":[{"href":"https:\/\/www.europesays.com\/fr\/wp-json\/wp\/v2\/types\/post"}],"author":[{"embeddable":true,"href":"https:\/\/www.europesays.com\/fr\/wp-json\/wp\/v2\/users\/2"}],"replies":[{"embeddable":true,"href":"https:\/\/www.europesays.com\/fr\/wp-json\/wp\/v2\/comments?post=550675"}],"version-history":[{"count":0,"href":"https:\/\/www.europesays.com\/fr\/wp-json\/wp\/v2\/posts\/550675\/revisions"}],"wp:featuredmedia":[{"embeddable":true,"href":"https:\/\/www.europesays.com\/fr\/wp-json\/wp\/v2\/media\/550676"}],"wp:attachment":[{"href":"https:\/\/www.europesays.com\/fr\/wp-json\/wp\/v2\/media?parent=550675"}],"wp:term":[{"taxonomy":"category","embeddable":true,"href":"https:\/\/www.europesays.com\/fr\/wp-json\/wp\/v2\/categories?post=550675"},{"taxonomy":"post_tag","embeddable":true,"href":"https:\/\/www.europesays.com\/fr\/wp-json\/wp\/v2\/tags?post=550675"}],"curies":[{"name":"wp","href":"https:\/\/api.w.org\/{rel}","templated":true}]}}