{"id":550677,"date":"2025-11-22T05:49:29","date_gmt":"2025-11-22T05:49:29","guid":{"rendered":"https:\/\/www.europesays.com\/fr\/550677\/"},"modified":"2025-11-22T05:49:29","modified_gmt":"2025-11-22T05:49:29","slug":"astana-xds-le-fils-vinokourov-devient-directeur-sportif-sports","status":"publish","type":"post","link":"https:\/\/www.europesays.com\/fr\/550677\/","title":{"rendered":"Astana-XDS : Le fils Vinokourov devient directeur sportif : Sports"},"content":{"rendered":"<p class=\"date\">\n                                                            Aur\u00e9lie Sacchelli, Media365, publi\u00e9 le vendredi 21 novembre 2025 \u00e0 16h07\n                                                    <\/p>\n<p>Alexandre Vinokourov Jr, le fils du c\u00e9l\u00e8bre cycliste kazakh, a obtenu son dipl\u00f4me de directeur sportif, quelques semaines apr\u00e8s avoir stopp\u00e9 sa carri\u00e8re de cycliste.<\/p>\n<p>L\u00e9gende du cycliste kazakh, Alexandre Vinokourov \u00e9tait devenu p\u00e8re de jumeaux en 2002, alors qu&rsquo;il portait le maillot de Deutsche Telekom. Les deux enfants sont devenus coureurs professionnels, et si Nicolas est sous contrat avec l&rsquo;\u00e9quipe XDS-Astana, jusqu&rsquo;\u00e0 la fin de l&rsquo;ann\u00e9e 2027, <a href=\"https:\/\/sports.orange.fr\/cyclisme\/article\/xds-astana-a-vinokourov-met-fin-a-sa-carriere-a-23-ans-CNT000002l5tpZ.html\" target=\"_blank\" rel=\"noopener\">son fr\u00e8re Alexandre Jr a d\u00e9cid\u00e9 d&rsquo;arr\u00eater sa carri\u00e8re le mois dernier en raison de blessures<\/a> subies apr\u00e8s avoir \u00e9t\u00e9 renvers\u00e9 \u00e0 l&rsquo;entra\u00eenement par un automobiliste. Il courait pour l&rsquo;\u00e9quipe de d\u00e9veloppement de XDS-Astana. Depuis, le jeune homme de 23 ans a effectu\u00e9 une formation de l&rsquo;UCI, et il a obtenu son dipl\u00f4me de directeur sportif.\u00a0 A partir de 2026, il sera donc directeur sportif stagiaire au sein de XDS-Astana, dont son p\u00e8re est le manager g\u00e9n\u00e9ral depuis 2013.<\/p>\n<p>Un stage en World Tour et en Continental Tour<\/p>\n<p>\u00ab Ces derni\u00e8res saisons, Alex a subi plusieurs blessures, dont la derni\u00e8re s&rsquo;est av\u00e9r\u00e9e tr\u00e8s grave, rappelle Alexandr Shefer, directeur sportif de l&rsquo;\u00e9quipe XDS Astana. Il a certes fait preuve d&rsquo;un grand caract\u00e8re et est parvenu \u00e0 revenir, participant \u00e0 plusieurs courses avec l&rsquo;\u00e9quipe continentale, mais sa d\u00e9cision de mettre un terme \u00e0 sa carri\u00e8re est tout \u00e0 fait compr\u00e9hensible. <strong>Parall\u00e8lement, c&rsquo;est formidable qu&rsquo;Alex ait d\u00e9cid\u00e9 de rester dans le cyclisme, de terminer ses \u00e9tudes, de r\u00e9ussir ses examens et d&rsquo;envisager d\u00e9sormais avec optimisme un nouveau r\u00f4le.<\/strong> Son stage au sein des deux \u00e9quipes, WorldTour et continentale, lui permettra d&rsquo;acqu\u00e9rir l&rsquo;exp\u00e9rience et la confiance n\u00e9cessaires, et de comprendre le fonctionnement du cyclisme professionnel de l&rsquo;autre c\u00f4t\u00e9. La transition du v\u00e9lo au volant d&rsquo;une voiture n&rsquo;est jamais facile, tout directeur sportif vous le dira, et j&rsquo;esp\u00e8re donc qu&rsquo;avec la rigueur et la d\u00e9termination n\u00e9cessaires, Alex r\u00e9ussira. \u00bb On le verra donc sans doute dans les prochains mois donner des conseils \u00e0 son fr\u00e8re au volant de la voiture bleu turquoise de XDS Astana, \u00e9quipe qui a d\u00e9croch\u00e9 32 victoires cette ann\u00e9e, contre 12 la saison pr\u00e9c\u00e9dente.<\/p>\n","protected":false},"excerpt":{"rendered":"Aur\u00e9lie Sacchelli, Media365, publi\u00e9 le vendredi 21 novembre 2025 \u00e0 16h07 Alexandre Vinokourov Jr, le fils du c\u00e9l\u00e8bre&hellip;\n","protected":false},"author":2,"featured_media":550678,"comment_status":"","ping_status":"","sticky":false,"template":"","format":"standard","meta":{"footnotes":""},"categories":[1411],"tags":[1154,207,1011,27,60],"class_list":{"0":"post-550677","1":"post","2":"type-post","3":"status-publish","4":"format-standard","5":"has-post-thumbnail","7":"category-cyclisme","8":"tag-cycling","9":"tag-cyclisme","10":"tag-fr","11":"tag-france","12":"tag-sports"},"share_on_mastodon":{"url":"https:\/\/pubeurope.com\/@fr\/115591785163985489","error":""},"_links":{"self":[{"href":"https:\/\/www.europesays.com\/fr\/wp-json\/wp\/v2\/posts\/550677","targetHints":{"allow":["GET"]}}],"collection":[{"href":"https:\/\/www.europesays.com\/fr\/wp-json\/wp\/v2\/posts"}],"about":[{"href":"https:\/\/www.europesays.com\/fr\/wp-json\/wp\/v2\/types\/post"}],"author":[{"embeddable":true,"href":"https:\/\/www.europesays.com\/fr\/wp-json\/wp\/v2\/users\/2"}],"replies":[{"embeddable":true,"href":"https:\/\/www.europesays.com\/fr\/wp-json\/wp\/v2\/comments?post=550677"}],"version-history":[{"count":0,"href":"https:\/\/www.europesays.com\/fr\/wp-json\/wp\/v2\/posts\/550677\/revisions"}],"wp:featuredmedia":[{"embeddable":true,"href":"https:\/\/www.europesays.com\/fr\/wp-json\/wp\/v2\/media\/550678"}],"wp:attachment":[{"href":"https:\/\/www.europesays.com\/fr\/wp-json\/wp\/v2\/media?parent=550677"}],"wp:term":[{"taxonomy":"category","embeddable":true,"href":"https:\/\/www.europesays.com\/fr\/wp-json\/wp\/v2\/categories?post=550677"},{"taxonomy":"post_tag","embeddable":true,"href":"https:\/\/www.europesays.com\/fr\/wp-json\/wp\/v2\/tags?post=550677"}],"curies":[{"name":"wp","href":"https:\/\/api.w.org\/{rel}","templated":true}]}}