{"id":550681,"date":"2025-11-22T05:51:20","date_gmt":"2025-11-22T05:51:20","guid":{"rendered":"https:\/\/www.europesays.com\/fr\/550681\/"},"modified":"2025-11-22T05:51:20","modified_gmt":"2025-11-22T05:51:20","slug":"carine-galli-sattire-les-foudres-des-internautes","status":"publish","type":"post","link":"https:\/\/www.europesays.com\/fr\/550681\/","title":{"rendered":"Carine Galli s\u2019attire les foudres des internautes"},"content":{"rendered":"<p>    Carine Galli sur RMC Story.<br \/>\n                Capture \u00e9cran.<\/p>\n<p>\n    <strong>REVUE DE TWEETS &#8211;<\/strong> La prise de position de la journaliste sportive sur les 35 heures a provoqu\u00e9 une avalanche de critiques.<\/p>\n<p class=\"fig-paragraph\">\u00ab Les Fran\u00e7ais ne travaillent pas assez\u00a0\u00bb, tranche\u00a0<a href=\"http:\/\/tvmag.lefigaro.fr\/programme-tv\/actu-tele\/c-etait-une-chance-d-etre-avec-vous-les-adieux-de-carine-galli-a-la-chaine-l-equipe-avant-de-rejoindre-rmc-20250715\" target=\"_blank\" data-fig-type=\"Article\" rel=\"noopener\" data-gtm-custom-categorie=\"navigation\" data-gtm-custom-action=\"crossclick\" data-gtm-custom-label=\"Contextuel\" data-gtm-event=\"customEventSPE\" data-fig-domain=\"TVMAG\"><strong>Carine Galli<\/strong><\/a> \u00a0hier dans \u00abEstelle midi\u00bb sur la cha\u00eene RMC Story. Si les propos de la journaliste ont cr\u00e9\u00e9 le d\u00e9bat sur le plateau anim\u00e9 par\u00a0<a href=\"http:\/\/tvmag.lefigaro.fr\/programme-tv\/actu-tele\/vous-sentez-encore-l-alcool-la-gueule-de-bois-de-vincent-moscato-dans-l-emission-d-estelle-denis-sur-rmc-story-20251104\" target=\"_blank\" data-fig-type=\"Article\" rel=\"noopener\" data-gtm-custom-categorie=\"navigation\" data-gtm-custom-action=\"crossclick\" data-gtm-custom-label=\"Contextuel\" data-gtm-event=\"customEventSPE\" data-fig-domain=\"TVMAG\">Estelle Denis<\/a>, ils ont aussi vivement fait r\u00e9agir les t\u00e9l\u00e9spectateurs.<\/p>\n<p class=\"fig-paragraph\">\u00abEn 2025, il y a des politiques qui nous font croire que potentiellement, on arrivera \u00e0 la retraite \u00e0 60 ans alors que l\u2019esp\u00e9rance de vie ne fait qu\u2019augmenter. On a des politiques qui nous disent que l\u2019oisivet\u00e9, la fain\u00e9antise, r\u00e9fl\u00e9chir, se poser, le droit \u00e0 la paresse, c\u2019est une possibilit\u00e9. Ces gens-l\u00e0 sont dangereux car il y en a qui adh\u00e8rent \u00e0 cette folie\u00bb, d\u00e9veloppe Carine Galli, \u00e9nerv\u00e9e.<\/p>\n<p>                                    <a class=\"fig-a11y-skip a11y-hidden\" href=\"#fig-a11y-skip-main-inarticle\"><br \/>\n        Passer la publicit\u00e9<br \/>\n    <\/a><\/p>\n<p class=\"fig-paragraph\">\u00abLe travail, ce n\u2019est pas toujours du plaisir. La p\u00e9nibilit\u00e9, \u00e7a fait partie de la vie, malheureusement\u00bb, ajoute-t-elle avant de conclure\u00a0: \u00abIl y a des gens qui ont un discours totalement \u00e0 c\u00f4t\u00e9, pour \u00eatre d\u00e9mago et rassembler le maximum de personnes. Ces gens-l\u00e0 nous foutent dans le mur depuis des ann\u00e9es. Les 35 heures c\u2019\u00e9taient une folie, la gauche nous a foutu dans le mur\u00bb.<\/p>\n<p>Une avalanche de critiques<\/p>\n<p class=\"fig-paragraph\">La vid\u00e9o sur le compte X de l\u2019\u00e9mission a d\u00e9j\u00e0 atteint 2.6 millions de vues et plus de 1000 commentaires. Parmi eux, beaucoup de m\u00e9contents \u00e0 l\u2019image d\u2019un certain Bil qui propose \u00e0 Carine Galli de venir avec lui \u00absur les chantiers sous la pluie ou la neige\u00bb. \u00abOn en reparle\u00bb, ass\u00e8ne-t-il dans son post.<\/p>\n<p class=\"fig-paragraph\">\u00abC\u2019est facile de l\u2019ouvrir puisqu\u2019ils n\u2019ont pas un travail p\u00e9nible justement\u00bb, s\u2019insurge un autre internaute. Une remarque qui se r\u00e9p\u00e8te. \u00abVa bosser au Smic en usine\u00bb, \u00abLes gens qui n\u2019ont aucune p\u00e9nibilit\u00e9 au travail et\/ou font un travail-passion nous expliquent qu\u2019il faut bosser plus\u00bb ou encore \u00abD\u00e9connect\u00e9e de la r\u00e9alit\u00e9\u00bb, peut-on lire.<\/p>\n<p>\u00abMontre-lui Ruffin\u00bb<\/p>\n<p class=\"fig-paragraph\">Certains ont m\u00eame l\u2019id\u00e9e de faire appel \u00e0 Fran\u00e7ois Ruffin pour un second film Au boulot\u00a0! \u00abMontre-lui\u00bb, interpelle un certain Pablo. Le d\u00e9put\u00e9 avait tourn\u00e9 en 2024 un documentaire dans lequel il confrontait\u00a0<a href=\"http:\/\/tvmag.lefigaro.fr\/programme-tv\/actu-tele\/allez-travailler-a-l-usine-vous-allez-voir-accrochage-entre-sarah-saldmann-et-pascal-praud-sur-cnews-20250618\" target=\"_blank\" data-fig-type=\"Article\" rel=\"noopener\" data-gtm-custom-categorie=\"navigation\" data-gtm-custom-action=\"crossclick\" data-gtm-custom-label=\"Contextuel\" data-gtm-event=\"customEventSPE\" data-fig-domain=\"TVMAG\">Sarah Saldmann<\/a>\u00a0\u00e0 des m\u00e9tiers p\u00e9nibles et \u00e0 bas salaires. L\u2019id\u00e9e lui \u00e9tait venue suite aux d\u00e9clarations de l\u2019avocate et chroniqueuse sur le plateau des \u00abGrandes Gueules\u00bb qui avaient qualifi\u00e9 la France de \u00abpays d\u2019assist\u00e9s et de feignasses\u00bb. \u00abLe Smic, c\u2019est d\u00e9j\u00e0 pas mal\u00bb, avait-elle ajout\u00e9.<\/p>\n<p class=\"fig-paragraph\"><strong>\u00c0 VOIR AUSSI &#8211;<\/strong> Pourquoi Sarah Saldmann a \u00e9t\u00e9 \u00e9cart\u00e9e du film de Fran\u00e7ois Ruffin au milieu du tournage<\/p>\n","protected":false},"excerpt":{"rendered":"Carine Galli sur RMC Story. Capture \u00e9cran. REVUE DE TWEETS &#8211; La prise de position de la journaliste&hellip;\n","protected":false},"author":2,"featured_media":550682,"comment_status":"","ping_status":"","sticky":false,"template":"","format":"standard","meta":{"footnotes":""},"categories":[1359],"tags":[58,59,17945,1011,27,973,10319],"class_list":{"0":"post-550681","1":"post","2":"type-post","3":"status-publish","4":"format-standard","5":"has-post-thumbnail","7":"category-people","8":"tag-divertissement","9":"tag-entertainment","10":"tag-estelle-denis","11":"tag-fr","12":"tag-france","13":"tag-people","14":"tag-rmc"},"share_on_mastodon":{"url":"https:\/\/pubeurope.com\/@fr\/115591792802113278","error":""},"_links":{"self":[{"href":"https:\/\/www.europesays.com\/fr\/wp-json\/wp\/v2\/posts\/550681","targetHints":{"allow":["GET"]}}],"collection":[{"href":"https:\/\/www.europesays.com\/fr\/wp-json\/wp\/v2\/posts"}],"about":[{"href":"https:\/\/www.europesays.com\/fr\/wp-json\/wp\/v2\/types\/post"}],"author":[{"embeddable":true,"href":"https:\/\/www.europesays.com\/fr\/wp-json\/wp\/v2\/users\/2"}],"replies":[{"embeddable":true,"href":"https:\/\/www.europesays.com\/fr\/wp-json\/wp\/v2\/comments?post=550681"}],"version-history":[{"count":0,"href":"https:\/\/www.europesays.com\/fr\/wp-json\/wp\/v2\/posts\/550681\/revisions"}],"wp:featuredmedia":[{"embeddable":true,"href":"https:\/\/www.europesays.com\/fr\/wp-json\/wp\/v2\/media\/550682"}],"wp:attachment":[{"href":"https:\/\/www.europesays.com\/fr\/wp-json\/wp\/v2\/media?parent=550681"}],"wp:term":[{"taxonomy":"category","embeddable":true,"href":"https:\/\/www.europesays.com\/fr\/wp-json\/wp\/v2\/categories?post=550681"},{"taxonomy":"post_tag","embeddable":true,"href":"https:\/\/www.europesays.com\/fr\/wp-json\/wp\/v2\/tags?post=550681"}],"curies":[{"name":"wp","href":"https:\/\/api.w.org\/{rel}","templated":true}]}}