{"id":550687,"date":"2025-11-22T05:55:12","date_gmt":"2025-11-22T05:55:12","guid":{"rendered":"https:\/\/www.europesays.com\/fr\/550687\/"},"modified":"2025-11-22T05:55:12","modified_gmt":"2025-11-22T05:55:12","slug":"serge-lama-regrettables-ces-chanteurs-dont-il-ne-veut-a-aucun-prix-suivre-les-traces","status":"publish","type":"post","link":"https:\/\/www.europesays.com\/fr\/550687\/","title":{"rendered":"Serge Lama : \u00ab\u00a0Regrettables\u00a0\u00bb, ces chanteurs dont il ne veut \u00e0 aucun prix suivre les traces"},"content":{"rendered":"<p>R\u00e9v\u00e9l\u00e9 dans les ann\u00e9es 1960 avec les titres \u00c0 15 ans,<br \/>\nLes Ballons rouges et D\u2019aventures en aventures,<br \/>\n<strong>Serge Lama<\/strong> est aujourd\u2019hui consid\u00e9r\u00e9 comme<br \/>\n<strong>l\u2019une des plus belles voix de la chanson<br \/>\nfran\u00e7aise.<\/strong> Ses vingt-quatre albums studios, dans lesquels<br \/>\non trouve Je suis malade, Les P&rsquo;tites Femmes de Pigalle ou<br \/>\nencore Je t\u2019aime \u00e0 la folie ont marqu\u00e9 notre patrimoine<br \/>\nmusical, tout comme ses milliers de concerts donn\u00e9s \u00e0 travers la<br \/>\nFrance\u2026<\/p>\n<p>Mais toutes les bonnes choses ont une fin. En septembre 2022,<br \/>\napr\u00e8s de longues ann\u00e9es de douleur li\u00e9e \u00e0 une blessure \u00e0 la jambe<br \/>\ndatant de 1965, <a href=\"https:\/\/www.closermag.fr\/people\/j-ai-decide-que-c-etait-fini-face-a-ses-problemes-de-sante-serge-lama-prend-une-grande-decision-1651145\" rel=\"nofollow noopener\" target=\"_blank\"><br \/>\nSerge Lama a annonc\u00e9 la fin de sa carri\u00e8re<\/a> \u00e0 l\u2019\u00e2ge de 80 ans.<br \/>\n\u00ab\u00a0Je n\u2019ai pas cess\u00e9 d\u2019\u00eatre tout cass\u00e9, j\u2019ai eu 14 op\u00e9rations<br \/>\ndans ma vie, et maintenant, je suis comme un cheval fourbu\u00a0\u00bb,<br \/>\nconfiait-il alors dans les colonnes du Dauphin\u00e9<br \/>\nLib\u00e9r\u00e9.<\/p>\n<p>Serge Lama\u00a0: \u00ab\u00a0Je ne voulais pas chanter assis comme<br \/>\nCharles Trenet\u00a0\u00bb<\/p>\n<p>Si l\u2019interpr\u00e8te de Je suis malade aurait aim\u00e9 continuer<br \/>\n\u00e0 se produire, <strong>une chose lui faisait plus peur encore que<br \/>\nd\u2019arr\u00eater la sc\u00e8ne\u00a0: finir comme certains autres<br \/>\nartistes.<\/strong> C\u2019est en tout cas ce qu\u2019il avait r\u00e9v\u00e9l\u00e9 en 2023,<br \/>\ndans un entretien accord\u00e9 au Figaro\u00a0:<\/p>\n<p>\u00ab\u00a0C\u2019est l\u2019angoisse et la peur depuis mon accident de voiture<br \/>\nqui m\u2019ont forc\u00e9 \u00e0 passer au-dessus de moi-m\u00eame et de me<br \/>\nd\u00e9multiplier en quelque sorte. Je suis devenu presque quelqu\u2019un<br \/>\nd\u2019autre. Il fallait que je sois plus fort que la vie. C\u2019est<br \/>\nd\u2019ailleurs pour cela que je m\u2019arr\u00eate car il y a un moment o\u00f9 c&rsquo;est<br \/>\nla vie qui est plus forte que vous. <strong>J\u2019ai vu des chanteurs<br \/>\nqui s\u2019arr\u00eataient trop tard. On voyait des choses sur sc\u00e8nes qui<br \/>\n\u00e9taient tr\u00e8s regrettables.<\/strong> Je ne voulais pas que \u00e7a<br \/>\nm\u2019arrive et chanter assis comme <a href=\"https:\/\/www.closermag.fr\/people\/charles-trenet-de-quoi-est-mort-le-chanteur-1456373\" rel=\"nofollow noopener\" target=\"_blank\"><br \/>\nCharles Trenet<\/a>\u00ab\u00a0\u00b8 avait-il confi\u00e9.<\/p>\n<p>Plus de sc\u00e8ne, mais un 25e<br \/>\nalbum<\/p>\n<p>S\u2019il a dit adieu \u00e0 la sc\u00e8ne, le parolier n\u2019a pas quitt\u00e9 le<br \/>\nstudio pour autant. Ce vendredi 21 novembre, <strong>il d\u00e9voile<br \/>\nPo\u00e8tes, un album r\u00e9citatif<\/strong> dans lequel il chante<br \/>\nles mots des po\u00e8tes qu\u2019il affectionne. \u00ab\u00a0Je nourrissais depuis<br \/>\nlongtemps l&rsquo;id\u00e9e d&rsquo;un album r\u00e9citatif autour de la po\u00e9sie. A chaque<br \/>\nfois, le temps me manquait. (\u2026) Le r\u00e9sultat est un genre d&rsquo;objet<br \/>\nculturel non identifi\u00e9, une sorte de <strong>raz-de-mar\u00e9e de po\u00e9sie<br \/>\nqui parle et qui apaise l&rsquo;\u00e2me.<\/strong> \u00c0 notre \u00e9poque, c&rsquo;est<br \/>\nimportant. Ce sera l&rsquo;occasion pour le public de retrouver sous une<br \/>\nforme nouvelle les po\u00e9sies que l&rsquo;on a aim\u00e9es \u00e0 l&rsquo;\u00e9cole\u00a0\u00bb,<br \/>\nexplique-t-il \u00e0 RTBF.<\/p>\n<p>Les po\u00e8mes de Victor Hugo, Verlaine ou encore Rimbaud figurent<br \/>\nsur ce recueil. Pour en c\u00e9l\u00e9brer la sortie, France 3 diffuse ce<br \/>\nvendredi Serge Lama\u00a0: le dernier rappel, une \u00e9mission<br \/>\nconsacr\u00e9e \u00e0 la carri\u00e8re exceptionnelle de ce dernier.<\/p>\n","protected":false},"excerpt":{"rendered":"R\u00e9v\u00e9l\u00e9 dans les ann\u00e9es 1960 avec les titres \u00c0 15 ans, Les Ballons rouges et D\u2019aventures en aventures,&hellip;\n","protected":false},"author":2,"featured_media":550688,"comment_status":"","ping_status":"","sticky":false,"template":"","format":"standard","meta":{"footnotes":""},"categories":[1355],"tags":[10281,58,59,1011,27,1361,873],"class_list":{"0":"post-550687","1":"post","2":"type-post","3":"status-publish","4":"format-standard","5":"has-post-thumbnail","7":"category-musique","8":"tag-buzz-nonli","9":"tag-divertissement","10":"tag-entertainment","11":"tag-fr","12":"tag-france","13":"tag-music","14":"tag-musique"},"share_on_mastodon":{"url":"https:\/\/pubeurope.com\/@fr\/115591808529756655","error":""},"_links":{"self":[{"href":"https:\/\/www.europesays.com\/fr\/wp-json\/wp\/v2\/posts\/550687","targetHints":{"allow":["GET"]}}],"collection":[{"href":"https:\/\/www.europesays.com\/fr\/wp-json\/wp\/v2\/posts"}],"about":[{"href":"https:\/\/www.europesays.com\/fr\/wp-json\/wp\/v2\/types\/post"}],"author":[{"embeddable":true,"href":"https:\/\/www.europesays.com\/fr\/wp-json\/wp\/v2\/users\/2"}],"replies":[{"embeddable":true,"href":"https:\/\/www.europesays.com\/fr\/wp-json\/wp\/v2\/comments?post=550687"}],"version-history":[{"count":0,"href":"https:\/\/www.europesays.com\/fr\/wp-json\/wp\/v2\/posts\/550687\/revisions"}],"wp:featuredmedia":[{"embeddable":true,"href":"https:\/\/www.europesays.com\/fr\/wp-json\/wp\/v2\/media\/550688"}],"wp:attachment":[{"href":"https:\/\/www.europesays.com\/fr\/wp-json\/wp\/v2\/media?parent=550687"}],"wp:term":[{"taxonomy":"category","embeddable":true,"href":"https:\/\/www.europesays.com\/fr\/wp-json\/wp\/v2\/categories?post=550687"},{"taxonomy":"post_tag","embeddable":true,"href":"https:\/\/www.europesays.com\/fr\/wp-json\/wp\/v2\/tags?post=550687"}],"curies":[{"name":"wp","href":"https:\/\/api.w.org\/{rel}","templated":true}]}}