{"id":550689,"date":"2025-11-22T05:56:21","date_gmt":"2025-11-22T05:56:21","guid":{"rendered":"https:\/\/www.europesays.com\/fr\/550689\/"},"modified":"2025-11-22T05:56:21","modified_gmt":"2025-11-22T05:56:21","slug":"derushage-a-froid-par-sergent_pepper","status":"publish","type":"post","link":"https:\/\/www.europesays.com\/fr\/550689\/","title":{"rendered":"D\u00e9rushage \u00e0 froid par Sergent_Pepper"},"content":{"rendered":"<p>Apr\u00e8s le succ\u00e8s surprise de <strong>La Nuit du 12<\/strong>, Dominik Moll poursuit sa dissection des services de police et investit l\u2019IGPN, en pleine surchauffe lorsque les plaintes pour violence polici\u00e8re affluent \u00e0 la suite des manifestations des gilets jaunes. <\/p>\n<p>Plus encore que pour le film pr\u00e9c\u00e9dent, le cin\u00e9aste renoue avec un cin\u00e9ma \u00e0 l\u2019ancienne, pour un film dossier qui se voudrait exhaustif, document\u00e9 et pol\u00e9mique. L\u2019enqu\u00eate men\u00e9e par le personnage de <strong>L\u00e9a Drucker<\/strong> d\u00e9plie les r\u00e9cits, remonte les sources et tente, avec difficult\u00e9, de transformer la mati\u00e8re premi\u00e8re violente, spontan\u00e9e et incontr\u00f4l\u00e9e des comportements en faits justiciables. <\/p>\n<p>Le film assume de ne proc\u00e9der qu\u2019\u00e0 un zoom au sein d\u2019une situation complexe et chaotique. La question qu\u2019il pose, tr\u00e8s simple, est celle du rapport \u00e0 la loi de ceux qui la repr\u00e9sentent, et qui devront rendre des comptes en cas d\u2019\u00e9cart. L\u2019enqu\u00eate, pr\u00e9cise, multiplie les angles et les t\u00e9moignages, par un montage altern\u00e9 assez efficace opposant les divers interrogatoires \u00e0 la r\u00e9alit\u00e9 embarrassante des faits. Chacun se d\u00e9douane, explique, justifie, esquive, comme s\u2019il s\u2019agissait d\u00e9j\u00e0 d\u2019une bataille rh\u00e9torique au sein d\u2019un pr\u00e9toire. <\/p>\n<p>C\u2019est l\u00e0 le principal int\u00e9r\u00eat du film, qui met au jour les remous int\u00e9rieurs d\u2019une investigation d\u00e9licate, dont les hautes sph\u00e8res s\u2019emparent rapidement pour \u00e9touffer le scandale. \u00c0 l\u2019heure o\u00f9 les \u00ab r\u00e9v\u00e9lations \u00bb sont devenues le lot commun des r\u00e9seaux sociaux, o\u00f9 des images brutes et d\u00e9contextualis\u00e9es emp\u00eachent le rapport \u00e0 la v\u00e9rit\u00e9 des faits, le film oppose cette lente d\u00e9construction, la parole, la reconstitution et la confrontation aux contradictions. <\/p>\n<p>On pourra regretter tout le remplissage qui entoure cette ligne directrice, que ce soit dans les p\u00e9rip\u00e9ties annexes (la poursuite du t\u00e9moin dans le m\u00e9tro, le harc\u00e8lement au supermarch\u00e9\u2026) ou les \u00e9changes dissertatifs les diff\u00e9rents partis, repr\u00e9sent\u00e9s caricaturalement par l\u2019ex, sa petite amie ou l\u2019enfant. Comme s\u2019il fallait forc\u00e9ment passer par ces ingr\u00e9dients, concessions frileuses pour \u00e9viter le documentaire brut que constitue le c\u0153ur du sujet. <\/p>\n<p>Car c\u2019est bien cette brutalit\u00e9 des faits qui reste en m\u00e9moire lors de cet \u00e9pilogue o\u00f9 les man\u0153uvres et le culot cynique convoquent la \u00ab d\u00e9ontologie \u00bb et l\u2019exemplarit\u00e9 pour justifier d\u2019enterrer l\u2019affaire. Les images continuent d\u2019affluer, comme celles, depuis, de Sainte-Soline, et on esp\u00e8re qu\u2019elles pourront subir un tel traitement \u00e0 froid, dans l&rsquo;effrayante v\u00e9rit\u00e9 des faits. <\/p>\n<p>(6.5\/10)<\/p>\n","protected":false},"excerpt":{"rendered":"Apr\u00e8s le succ\u00e8s surprise de La Nuit du 12, Dominik Moll poursuit sa dissection des services de police&hellip;\n","protected":false},"author":2,"featured_media":550690,"comment_status":"","ping_status":"","sticky":false,"template":"","format":"standard","meta":{"footnotes":""},"categories":[1354],"tags":[58,59,1346,1011,27,1360],"class_list":{"0":"post-550689","1":"post","2":"type-post","3":"status-publish","4":"format-standard","5":"has-post-thumbnail","7":"category-films","8":"tag-divertissement","9":"tag-entertainment","10":"tag-films","11":"tag-fr","12":"tag-france","13":"tag-movies"},"share_on_mastodon":{"url":"https:\/\/pubeurope.com\/@fr\/115591812522045736","error":""},"_links":{"self":[{"href":"https:\/\/www.europesays.com\/fr\/wp-json\/wp\/v2\/posts\/550689","targetHints":{"allow":["GET"]}}],"collection":[{"href":"https:\/\/www.europesays.com\/fr\/wp-json\/wp\/v2\/posts"}],"about":[{"href":"https:\/\/www.europesays.com\/fr\/wp-json\/wp\/v2\/types\/post"}],"author":[{"embeddable":true,"href":"https:\/\/www.europesays.com\/fr\/wp-json\/wp\/v2\/users\/2"}],"replies":[{"embeddable":true,"href":"https:\/\/www.europesays.com\/fr\/wp-json\/wp\/v2\/comments?post=550689"}],"version-history":[{"count":0,"href":"https:\/\/www.europesays.com\/fr\/wp-json\/wp\/v2\/posts\/550689\/revisions"}],"wp:featuredmedia":[{"embeddable":true,"href":"https:\/\/www.europesays.com\/fr\/wp-json\/wp\/v2\/media\/550690"}],"wp:attachment":[{"href":"https:\/\/www.europesays.com\/fr\/wp-json\/wp\/v2\/media?parent=550689"}],"wp:term":[{"taxonomy":"category","embeddable":true,"href":"https:\/\/www.europesays.com\/fr\/wp-json\/wp\/v2\/categories?post=550689"},{"taxonomy":"post_tag","embeddable":true,"href":"https:\/\/www.europesays.com\/fr\/wp-json\/wp\/v2\/tags?post=550689"}],"curies":[{"name":"wp","href":"https:\/\/api.w.org\/{rel}","templated":true}]}}