{"id":550698,"date":"2025-11-22T06:02:32","date_gmt":"2025-11-22T06:02:32","guid":{"rendered":"https:\/\/www.europesays.com\/fr\/550698\/"},"modified":"2025-11-22T06:02:32","modified_gmt":"2025-11-22T06:02:32","slug":"porsche-fait-courir-la-918-spyder-contre-le-cayenne-electrique","status":"publish","type":"post","link":"https:\/\/www.europesays.com\/fr\/550698\/","title":{"rendered":"Porsche fait courir la 918 Spyder contre le Cayenne \u00e9lectrique"},"content":{"rendered":"<p>Il est difficile de croire que 12 ans se sont \u00e9coul\u00e9s depuis que <a href=\"https:\/\/fr.motor1.com\/news\/779492\/porsche-cayenne-turbo-electric-d\u00e9buts\/\" data-inline-widget=\"internal-links\" data-type-id=\"0\" data-params=\"%7B%22article_edition_id%22%3A%22779492%22%2C%22section%22%3A%221%22%2C%22alias%22%3A%22porsche-cayenne-turbo-electric-d%C3%A9buts%22%7D\" target=\"_blank\" rel=\"noopener\">Porsche<\/a> a d\u00e9voil\u00e9 la <a href=\"https:\/\/fr.motor1.com\/news\/704044\/porsche-918-spyder-rm-sothebys\/\" data-inline-widget=\"internal-links\" data-type-id=\"0\" data-params=\"%7B%22article_edition_id%22%3A%22704044%22%2C%22section%22%3A%221%22%2C%22alias%22%3A%22porsche-918-spyder-rm-sothebys%22%7D\" target=\"_blank\" rel=\"noopener\">918 Spyder<\/a>. Lors de son lancement en septembre 2013 au <strong>Salon de l&rsquo;automobile de Francfort<\/strong>, la supercar \u00e9lectrifi\u00e9e a \u00e9t\u00e9 couronn\u00e9e en tant que mod\u00e8le de production le plus rapide de Zuffenhausen en termes d&rsquo;acc\u00e9l\u00e9ration. Pour passer de 0 \u00e0 100 km\/h, elle n&rsquo;avait besoin que de 2,6 secondes. Avan\u00e7ons jusqu&rsquo;en 2025, et m\u00eame un SUV beaucoup plus lourd bat d\u00e9sormais l&rsquo;ancien porte-drapeau sur ce sprint. Enfin, en quelque sorte.<\/p>\n<p><a href=\"https:\/\/fr.motor1.com\/news\/779492\/porsche-cayenne-turbo-electric-d\u00e9buts\/\" data-inline-widget=\"internal-links\" data-type-id=\"0\" data-params=\"%7B%22article_edition_id%22%3A%22779492%22%2C%22section%22%3A%221%22%2C%22alias%22%3A%22porsche-cayenne-turbo-electric-d%C3%A9buts%22%7D\" target=\"_blank\" rel=\"noopener\">Porsche<\/a> a organis\u00e9 une drag race entre la <a href=\"https:\/\/fr.motor1.com\/news\/556289\/porsche-918-spyder-annonce-vendre\/\" data-inline-widget=\"internal-links\" data-type-id=\"0\" data-params=\"%7B%22article_edition_id%22%3A%22556289%22%2C%22section%22%3A%221%22%2C%22alias%22%3A%22porsche-918-spyder-annonce-vendre%22%7D\" target=\"_blank\" rel=\"noopener\">918 Spyder<\/a> et le <a href=\"https:\/\/fr.motor1.com\/news\/779495\/cayenne-turbo-electric-porsche-plus-lourde\/\" data-inline-widget=\"internal-links\" data-type-id=\"0\" data-params=\"%7B%22article_edition_id%22%3A%22779495%22%2C%22section%22%3A%221%22%2C%22alias%22%3A%22cayenne-turbo-electric-porsche-plus-lourde%22%7D\" target=\"_blank\" rel=\"noopener\">Cayenne Turbo Electric<\/a> pour montrer comment son v\u00e9hicule de production le plus lourd se montre le plus rapide au d\u00e9marrage. Le mastodonte de 2 645 kilogrammes a besoin de deux secondes et demie pour accomplir la t\u00e2che, \u00e9galant ainsi la derni\u00e8re <strong>911 Turbo S<\/strong>. Cependant, cette derni\u00e8re est toujours en t\u00eate<strong> jusqu&rsquo;\u00e0 200 km\/h, r\u00e9alisant l&rsquo;exploit en 7,3 secondes<\/strong>, soit un dixi\u00e8me de seconde plus rapide que le Cayenne sans combustion.<\/p>\n<p>La vid\u00e9o promotionnelle, mettant en sc\u00e8ne <strong>Mark Webber<\/strong> et la pilote de d\u00e9veloppement de Formule E <strong>Gabriela J\u00edlkov\u00e1<\/strong>, montre le duel entre deux voitures tr\u00e8s diff\u00e9rentes se terminant commod\u00e9ment par une \u00e9galit\u00e9. Quel est l&rsquo;objectif ? C&rsquo;est un effort marketing visant \u00e0 mettre en avant les avantages \u00e9vidents de la r\u00e9ponse quasiment instantan\u00e9e d&rsquo;un moteur \u00e9lectrique, m\u00eame lorsque le v\u00e9hicule est un poids lourd. Mais dans toute autre mesure de performance, la 918 Spyder surpasse largement le <strong>Cayenne Turbo Electric<\/strong>.<\/p>\n<p>Si nous parlons strictement de performances de 0 \u00e0 100 km\/h, le <strong>Cayenne \u00e9lectrique<\/strong> n&rsquo;est toujours pas le plus rapide de <strong>Porsche<\/strong>. Ce titre appartient au <strong>Taycan Turbo GT<\/strong> avec le Pack Weissach, qui boucle l&rsquo;exercice en 2,2 secondes. Le moins radical<strong> Taycan Turbo S<\/strong> est \u00e9galement plus rapide que le luxueux Cayenne avec 2,4 secondes. Le <strong>Cayenne Turbo Electric<\/strong> a tout de m\u00eame une plume dans son chapeau : la <strong>Porsche<\/strong> la plus puissante jamais produite, avec une puissance incroyable de 1 139 ch.<\/p>\n<p> <img decoding=\"async\" class=\"sizer\" draggable=\"false\" src=\"data:image\/png;base64,iVBORw0KGgoAAAANSUhEUgAAABAAAAAJCAYAAAA7KqwyAAAAGXRFWHRTb2Z0d2FyZQBBZG9iZSBJbWFnZVJlYWR5ccllPAAAABpJREFUeNpi\/P\/\/PwMlgImBQjBqwLAwACDAAOVfAw9\/ZDvcAAAAAElFTkSuQmCC\" alt=\"\"\/> <\/p>\n<p>La seule Porsche qui pourrait am\u00e9liorer ces chiffres est la <strong>Mission X<\/strong>. Cependant, la soci\u00e9t\u00e9 ne s&rsquo;est pas encore engag\u00e9e \u00e0 produire une version de s\u00e9rie du concept de l&rsquo;hypercar \u00e9lectrique pr\u00e9sent\u00e9 en 2023. \u00c9tant donn\u00e9 que les v\u00e9hicules \u00e9lectriques de performance n&rsquo;ont pas rencontr\u00e9 le succ\u00e8s escompt\u00e9 en termes de popularit\u00e9, la r\u00e9ticence de Porsche \u00e0 donner le feu vert au projet est compr\u00e9hensible.<\/p>\n<p>La nouvelle affection de Porsche pour les moteurs \u00e0 combustion sugg\u00e8re que la Mission X ne verra pas les rues de sit\u00f4t. Si un successeur de la 918 Spyder devait arriver en tant que v\u00e9hicule enti\u00e8rement \u00e9lectrique, les objectifs sont d\u00e9j\u00e0 fix\u00e9s : la voiture de route la plus rapide sur le N\u00fcrburgring, un rapport poids\/puissance de 1:1, et plus d&rsquo;appui a\u00e9rodynamique que la <strong>911 GT3 RS.<\/strong><\/p>\n<p>                            <a href=\"http:\/\/fr.motor1.com\/photos\/916422\/porsche-cayenne-electrique-2026-et-porsche-cayenne-turbo-electrique-2026\/#8316647_porsche-cayenne-turbo-electrique\" class=\"msnt-photo-thumb-gallery-main-photo-box\" target=\"_blank\" rel=\"noopener\"><\/p>\n<p>                                    <img decoding=\"async\" src=\"https:\/\/www.europesays.com\/fr\/wp-content\/uploads\/2025\/04\/16x9-tr.png\" loading=\"lazy\" alt=\"Porsche Cayenne Turbo \u00c9lectrique\" width=\"16\" height=\"9\"\/><\/p>\n<p>                            <\/a><\/p>\n<p>                                    <a href=\"http:\/\/fr.motor1.com\/photos\/916422\/porsche-cayenne-electrique-2026-et-porsche-cayenne-turbo-electrique-2026\/#8316647_porsche-cayenne-turbo-electrique\" target=\"_blank\" rel=\"noopener\"><\/p>\n<p>                                            <img decoding=\"async\" src=\"https:\/\/www.europesays.com\/fr\/wp-content\/uploads\/2025\/11\/porsche-cayenne-turbo-electric.jpg\" loading=\"lazy\" alt=\"Porsche Cayenne Turbo \u00c9lectrique\" width=\"16\" height=\"9\"\/><\/p>\n<p>                                    <\/a><\/p>\n<p>\n                            Source: Porsche                        <\/p>\n","protected":false},"excerpt":{"rendered":"Il est difficile de croire que 12 ans se sont \u00e9coul\u00e9s depuis que Porsche a d\u00e9voil\u00e9 la 918&hellip;\n","protected":false},"author":2,"featured_media":550699,"comment_status":"","ping_status":"","sticky":false,"template":"","format":"standard","meta":{"footnotes":""},"categories":[6],"tags":[35,66820,33,34,1011,27,6027],"class_list":{"0":"post-550698","1":"post","2":"type-post","3":"status-publish","4":"format-standard","5":"has-post-thumbnail","7":"category-economie","8":"tag-business","9":"tag-drag-races","10":"tag-economie","11":"tag-economy","12":"tag-fr","13":"tag-france","14":"tag-porsche"},"share_on_mastodon":{"url":"https:\/\/pubeurope.com\/@fr\/115591836293346732","error":""},"_links":{"self":[{"href":"https:\/\/www.europesays.com\/fr\/wp-json\/wp\/v2\/posts\/550698","targetHints":{"allow":["GET"]}}],"collection":[{"href":"https:\/\/www.europesays.com\/fr\/wp-json\/wp\/v2\/posts"}],"about":[{"href":"https:\/\/www.europesays.com\/fr\/wp-json\/wp\/v2\/types\/post"}],"author":[{"embeddable":true,"href":"https:\/\/www.europesays.com\/fr\/wp-json\/wp\/v2\/users\/2"}],"replies":[{"embeddable":true,"href":"https:\/\/www.europesays.com\/fr\/wp-json\/wp\/v2\/comments?post=550698"}],"version-history":[{"count":0,"href":"https:\/\/www.europesays.com\/fr\/wp-json\/wp\/v2\/posts\/550698\/revisions"}],"wp:featuredmedia":[{"embeddable":true,"href":"https:\/\/www.europesays.com\/fr\/wp-json\/wp\/v2\/media\/550699"}],"wp:attachment":[{"href":"https:\/\/www.europesays.com\/fr\/wp-json\/wp\/v2\/media?parent=550698"}],"wp:term":[{"taxonomy":"category","embeddable":true,"href":"https:\/\/www.europesays.com\/fr\/wp-json\/wp\/v2\/categories?post=550698"},{"taxonomy":"post_tag","embeddable":true,"href":"https:\/\/www.europesays.com\/fr\/wp-json\/wp\/v2\/tags?post=550698"}],"curies":[{"name":"wp","href":"https:\/\/api.w.org\/{rel}","templated":true}]}}