{"id":550704,"date":"2025-11-22T06:06:39","date_gmt":"2025-11-22T06:06:39","guid":{"rendered":"https:\/\/www.europesays.com\/fr\/550704\/"},"modified":"2025-11-22T06:06:39","modified_gmt":"2025-11-22T06:06:39","slug":"une-taxe-sur-les-baignoires-les-lavabos-et-leau-courante-le-ridicule-de-limpot-ne-tue-visiblement-pas","status":"publish","type":"post","link":"https:\/\/www.europesays.com\/fr\/550704\/","title":{"rendered":"\u00abUne taxe sur les baignoires, les lavabos et l\u2019eau courante&#8230; le ridicule de l\u2019imp\u00f4t ne tue visiblement pas\u00bb"},"content":{"rendered":"<p>\n    <strong>FIGAROVOX\/HUMEUR &#8211;<\/strong> Le gouvernement souhaite r\u00e9viser d\u00e8s 2026 le calcul de la taxe fonci\u00e8re en ajoutant des \u00ab m\u00b2 fictifs\u00a0\u00bb pour six \u00e9l\u00e9ments dits \u00abde confort\u00bb, tels que la pr\u00e9sence d\u2019eau courante ou de lavabos dans le logement. L\u2019enseignante Oph\u00e9lie Roque raille cette r\u00e9forme, absurde et in\u00e9quitable.<\/p>\n<p class=\"fig-paragraph\">Oph\u00e9lie Roque est professeur de fran\u00e7ais en banlieue parisienne. Elle a notamment publi\u00e9\u00a0Antis\u00e8ches d\u2019une prof. Pour survivre \u00e0 l\u2019\u00c9ducation nationale\u00a0(Les Presses de la cit\u00e9, 2025).<\/p>\n<p class=\"fig-paragraph\">Il y a de ces projets de r\u00e9forme qui, \u00e0 peine annonc\u00e9s, parviennent &#8211; tout de suite &#8211; \u00e0 sid\u00e9rer le chaland. Le dernier en date en fait assur\u00e9ment partie. Il faut croire que le minist\u00e8re de l\u2019\u00c9conomie et des Finances, d\u00e9cid\u00e9ment \u00e0 la recherche du moindre sou, devient \u00e0 court d\u2019id\u00e9es sur la mani\u00e8re de racketter le contribuable. La derni\u00e8re lubie en t\u00eate mise tout et ne vise \u00e0 rien moins que modifier les modalit\u00e9s de<a href=\"http:\/\/www.lefigaro.fr\/economie\/impots-locaux-qui-paye-encore-la-taxe-d-habitation-20251108\" target=\"_blank\" data-fig-type=\"Article\" rel=\"noopener\" data-gtm-custom-categorie=\"navigation\" data-gtm-custom-action=\"crossclick\" data-gtm-custom-label=\"Contextuel\" data-gtm-event=\"customEventSPE\" data-fig-domain=\"LEFIGARO\">\u00a0calcul de la taxe fonci\u00e8re<\/a>. Et ce d\u00e8s 2026\u00a0! En langage administratif, on parle d\u2019une \u00ab volont\u00e9 de fiabiliser les bases fonci\u00e8res\u00a0\u00bb. Comme en des termes pr\u00e9cieux ces choses-l\u00e0 sont joliment dites\u00a0! Quel beau pays que le n\u00f4tre o\u00f9 le ran\u00e7onnage, comme le ridicule, sait se faire si pr\u00e9cieux\u00a0!<\/p>\n<p>                                    <a class=\"fig-a11y-skip a11y-hidden\" href=\"#fig-a11y-skip-main-inarticle\"><br \/>\n        Passer la publicit\u00e9<br \/>\n    <\/a><\/p>\n<p class=\"fig-paragraph\">Concr\u00e8tement, qu\u2019est-ce qui nous attend\u00a0? Ici l\u2019objectif est d\u2019enrichir le cadastre de six \u00ab \u00e9l\u00e9ments de confort\u00a0\u00bb souvent apparus au cours des soixante derni\u00e8res ann\u00e9es. Pour la seule m\u00e9tropole, pr\u00e8s de 7,4 millions de logements seraient concern\u00e9s (soit 10 % du parc immobilier taxable). En gros, si vous avez achet\u00e9 un bien dont la construction remonte aux calendes grecques (j\u2019exag\u00e8re un tantinet, disons dont l\u2019existence est ant\u00e9rieure \u00e0 la Seconde Guerre mondiale) vous \u00eates susceptible d\u2019\u00eatre impact\u00e9 par cette r\u00e9forme qui devrait rapporter &#8211; selon les premi\u00e8res estimations &#8211; la bagatelle de 466 millions d\u2019euros.<\/p>\n<p class=\"fig-paragraph\">L\u00e0 o\u00f9 la chose devient \u00e9trange, c\u2019est que ces six \u00ab \u00e9l\u00e9ments de confort\u00a0\u00bb seront comptabilis\u00e9s comme des m\u00e8tres carr\u00e9s fictifs. Et que personne ne se fasse de faux espoirs en croyant na\u00efvement pouvoir \u00e9chapper \u00e0 ce nouveau brigandage\u00a0! Vous serez tous concern\u00e9s tant la notion de confort est finalement plus proche du concept de premi\u00e8re n\u00e9cessit\u00e9 qu\u2019autre chose. Penchons-nous en d\u00e9tail sur ces mesures\u00a0: le raccordement \u00e0 l\u2019eau courante \u00e9quivaudrait \u00e0 4 m\u00b2 suppl\u00e9mentaires, le raccordement \u00e0 l\u2019\u00e9lectricit\u00e9 \u00e0 2 m\u00b2, la pr\u00e9sence d\u2019une baignoire \u00e0 5 m\u00b2, une douche \u00e9quivaudrait \u00e0 3 m\u00b2 tout comme les WC en int\u00e9rieur, chaque lavabo compterait pour 2 m\u00b2 ainsi que chaque pi\u00e8ce disposant d\u2019un\u00a0<a href=\"http:\/\/www.lefigaro.fr\/maison\/faut-il-vraiment-chauffer-son-logement-a-190c-cet-hiver-20251118\" target=\"_blank\" data-fig-type=\"Article\" rel=\"noopener\" data-gtm-custom-categorie=\"navigation\" data-gtm-custom-action=\"crossclick\" data-gtm-custom-label=\"Contextuel\" data-gtm-event=\"customEventSPE\" data-fig-domain=\"LEFIGARO\">chauffage<\/a>\u00a0ou d\u2019une clim. Autant d\u2019opulentes commodit\u00e9s qui serviront \u00e0 gonfler le prix \u00e0 payer.<\/p>\n<p>Am\u00e9lie de Montchalin, pas la derni\u00e8re \u00e0 sortir une merveille, \u00e9voque une \u00ab question d\u2019\u00e9quit\u00e9 et d\u2019efficacit\u00e9\u00a0\u00bb afin \u00ab que chacun puisse payer selon le type de logement qu\u2019il d\u00e9tient\u00a0\u00bb.<\/p>\n<p class=\"fig-paragraph\">Ceci dit l\u2019\u00c9tat, toujours magnanime, nous fait une fleur et nous promet de ne se pencher que sur les logements estampill\u00e9s \u00ab luxueux\u00a0\u00bb jusqu\u2019aux \u00ab ordinaires\u00a0\u00bb et de fermer les yeux sur les biens d\u00e9labr\u00e9s et\/ou non r\u00e9habilit\u00e9s. Merci \u00e0 vous Monseigneur de ne point vous abaisser jusqu\u2019\u00e0 aller inspecter notre si indigne mansarde ; \u00e0 toutes fins utiles nous vous pr\u00e9cisons que la niche du chien (aussi) est d\u00e9pourvue d\u2019un climatiseur.<\/p>\n<p class=\"fig-paragraph\">Je me suis amus\u00e9e \u00e0 calculer le gain en m\u00b2 d\u2019un jeune propri\u00e9taire venant tout juste d\u2019acheter une studette de 13 m\u00b2 \u00e0 Paris avec\u00a0: branchement au r\u00e9seau d\u2019eau courante, raccordement \u00e9lectrique, pr\u00e9sence d\u2019une douche et d\u2019au moins un lavabo ainsi que d\u2019un pauvre grille-pain comptabilis\u00e9 comme un radiateur (heureusement pour lui, les WC sont \u00e0 l\u2019ext\u00e9rieur\u00a0!). Si l\u2019on prend en compte l\u2019enti\u00e8ret\u00e9 de ce luxe insens\u00e9 nous parvenons rapidement \u00e0 l\u2019addition suivante\u00a0: 4 m\u00b2 + 2 m\u00b2 +3 m\u00b2 + 2 m\u00b2 + 2 m\u00b2 + 0 m\u00b2 (b\u00e9nis soient les sanitaires sur le palier) = 13 m\u00b2 en plus\u00a0! Selon la sainte loi de la taxe fonci\u00e8re vous n\u2019\u00eates plus le maigrelet propri\u00e9taire d\u2019une simple studette mais vous touchez presque au statut de rentier puisque vous voil\u00e0 propri\u00e9taire d\u2019un 26 m\u00b2 en la capitale. Ce n\u2019est pas rien, c\u2019est m\u00eame \u00e9norme\u00a0! L\u2019\u00c9tat vient de vous offrir 13 m\u00b2 suppl\u00e9mentaires, soit le double de votre taudis\u00a0! Merci \u00e0 toi patrie aux mamelles nourrici\u00e8res jamais taries\u00a0! L\u2019enfant reconnaissant te salue.<\/p>\n<p class=\"fig-body-link\">\n            \u00c0 lire aussi<br \/>\n        <a class=\"fig-body-link__link fig-premium-mark\" href=\"http:\/\/www.lefigaro.fr\/conjoncture\/taxe-fonciere-frais-de-notaire-ces-impots-locaux-qui-vont-encore-augmenter-cette-annee-20250313\" target=\"_blank\" data-fig-type=\"Article\" rel=\"noopener\" data-gtm-custom-categorie=\"navigation\" data-gtm-custom-action=\"crossclick\" data-gtm-custom-label=\"Contextuel\" data-gtm-event=\"customEventSPE\" data-fig-domain=\"LEFIGARO\"><\/p>\n<p>        Taxe fonci\u00e8re, frais de notaire\u2026 Ces imp\u00f4ts locaux qui vont encore augmenter cette ann\u00e9e<br \/>\n    <\/a>\n<\/p>\n<p class=\"fig-paragraph\">En revanche, vous avez achet\u00e9 une vieille grange en belles pierres de taille pour la retaper\u00a0? Grave erreur\u00a0! Am\u00e9lie de\u00a0Montchalin, pas la derni\u00e8re \u00e0 sortir une merveille, \u00e9voque une \u00ab question d\u2019\u00e9quit\u00e9 et d\u2019efficacit\u00e9\u00a0\u00bb afin \u00ab que chacun puisse payer selon le type de logement qu\u2019il d\u00e9tient\u00a0\u00bb. Qu\u2019avez-vous besoin de sanitaires (bourgeois que vous \u00eates) quand un simple trou au sol suffit\u00a0? Certes ceci favorise la propagation du chol\u00e9ra mais la question n\u2019est pas l\u00e0\u00a0! Surtout qu\u2019en termes d\u2019impositions saugrenues la France s\u2019est toujours bien class\u00e9e, pas une \u00e9poque n\u2019a su \u00e9chapper au ridicule de l\u2019imp\u00f4t. Des taxes en veux-tu en voil\u00e0 et sur tout et n\u2019importe quoi. Avec parfois des effets visibles sur le tr\u00e8s long terme.<\/p>\n<p>                                    <a class=\"fig-a11y-skip a11y-hidden\" href=\"#fig-a11y-skip-main-inarticle_mtf\"><br \/>\n        Passer la publicit\u00e9<br \/>\n    <\/a><\/p>\n<p class=\"fig-paragraph\">Ne vous \u00eates-vous jamais demand\u00e9 pourquoi il y avait autant de fen\u00eatres condamn\u00e9es sur les fa\u00e7ades de nos vieux immeubles\u00a0? Tout simplement parce que, de 1798 \u00e0 1926, a couru l\u2019<a href=\"http:\/\/www.lefigaro.fr\/conjoncture\/10-des-menages-francais-paient-trois-quarts-de-l-impot-sur-le-revenu-les-plus-aises-toujours-plus-taxes-20251118\" target=\"_blank\" data-fig-type=\"NewsFlash\" rel=\"noopener\" data-gtm-custom-categorie=\"navigation\" data-gtm-custom-action=\"crossclick\" data-gtm-custom-label=\"Contextuel\" data-gtm-event=\"customEventSPE\" data-fig-domain=\"LEFIGARO\">imp\u00f4t<\/a>\u00a0sur les portes et fen\u00eatres. Plus votre logis comportait d\u2019ouvertures sur l\u2019ext\u00e9rieur, plus le prix \u00e0 payer se faisait exorbitant, ce qui a valu \u00e0 beaucoup de nos b\u00e2timents d\u2019\u00eatre impitoyablement \u00e9borgn\u00e9s. \u00c0 la h\u00e2te, les fen\u00eatres furent rebouch\u00e9es et les portes non n\u00e9cessaires mur\u00e9es. On vivra dans le noir mais, tant pis, on vivra riche. Ah \u00e7a ira, \u00e7a ira, \u00e7a ira, c\u2019est autant \u00e7a que l\u2019Etat n\u2019aura pas\u00a0!<\/p>\n","protected":false},"excerpt":{"rendered":"FIGAROVOX\/HUMEUR &#8211; Le gouvernement souhaite r\u00e9viser d\u00e8s 2026 le calcul de la taxe fonci\u00e8re en ajoutant des \u00ab&hellip;\n","protected":false},"author":2,"featured_media":550705,"comment_status":"","ping_status":"","sticky":false,"template":"","format":"standard","meta":{"footnotes":""},"categories":[2],"tags":[11,1003,1011,27,342,12,2549],"class_list":{"0":"post-550704","1":"post","2":"type-post","3":"status-publish","4":"format-standard","5":"has-post-thumbnail","7":"category-actualites","8":"tag-actualites","9":"tag-budget","10":"tag-fr","11":"tag-france","12":"tag-impots","13":"tag-news","14":"tag-taxe"},"share_on_mastodon":{"url":"https:\/\/pubeurope.com\/@fr\/115591851882012314","error":""},"_links":{"self":[{"href":"https:\/\/www.europesays.com\/fr\/wp-json\/wp\/v2\/posts\/550704","targetHints":{"allow":["GET"]}}],"collection":[{"href":"https:\/\/www.europesays.com\/fr\/wp-json\/wp\/v2\/posts"}],"about":[{"href":"https:\/\/www.europesays.com\/fr\/wp-json\/wp\/v2\/types\/post"}],"author":[{"embeddable":true,"href":"https:\/\/www.europesays.com\/fr\/wp-json\/wp\/v2\/users\/2"}],"replies":[{"embeddable":true,"href":"https:\/\/www.europesays.com\/fr\/wp-json\/wp\/v2\/comments?post=550704"}],"version-history":[{"count":0,"href":"https:\/\/www.europesays.com\/fr\/wp-json\/wp\/v2\/posts\/550704\/revisions"}],"wp:featuredmedia":[{"embeddable":true,"href":"https:\/\/www.europesays.com\/fr\/wp-json\/wp\/v2\/media\/550705"}],"wp:attachment":[{"href":"https:\/\/www.europesays.com\/fr\/wp-json\/wp\/v2\/media?parent=550704"}],"wp:term":[{"taxonomy":"category","embeddable":true,"href":"https:\/\/www.europesays.com\/fr\/wp-json\/wp\/v2\/categories?post=550704"},{"taxonomy":"post_tag","embeddable":true,"href":"https:\/\/www.europesays.com\/fr\/wp-json\/wp\/v2\/tags?post=550704"}],"curies":[{"name":"wp","href":"https:\/\/api.w.org\/{rel}","templated":true}]}}