{"id":550724,"date":"2025-11-22T06:23:16","date_gmt":"2025-11-22T06:23:16","guid":{"rendered":"https:\/\/www.europesays.com\/fr\/550724\/"},"modified":"2025-11-22T06:23:16","modified_gmt":"2025-11-22T06:23:16","slug":"a-rennes-une-cour-decole-est-polluee-aux-metaux-lourds-la-terre-de-15-autres-etablissements-va-etre-analysee","status":"publish","type":"post","link":"https:\/\/www.europesays.com\/fr\/550724\/","title":{"rendered":"\u00c0 Rennes, une cour d\u2019\u00e9cole est pollu\u00e9e aux m\u00e9taux lourds\u00a0: \u00ab\u00a0La terre de 15 autres \u00e9tablissements va \u00eatre analys\u00e9e\u00a0\u00bb"},"content":{"rendered":"<p>Il est 10 h 30, ce vendredi 21 novembre 2025. L\u2019heure de la r\u00e9cr\u00e9ation au sein de l\u2019\u00e9cole maternelle de l\u2019Ille, boulevard de Verdun. Comme dans toutes les \u00e9coles, \u00e7a joue, \u00e7a court, \u00e7a crie (un peu). Mais ici, certaines zones de la jolie cour arbor\u00e9e et v\u00e9g\u00e9talis\u00e9e ne sont plus accessibles aux enfants. La raison ? Une partie de la terre de la cour est pollu\u00e9e aux m\u00e9taux lourds, notamment au plomb.<\/p>\n<p>Une \u00ab mesure de pr\u00e9caution, explique Yannick Nadesan, adjoint \u00e0 la sant\u00e9 \u00e0 la Ville de Rennes. La teneur en m\u00e9taux lourds retrouv\u00e9s dans cette terre agricole est tr\u00e8s faible et ne pr\u00e9sente pas de danger pour la sant\u00e9. Cette terre n\u2019\u00e9tait pas en contact avec les enfants car elle est pr\u00e9sente sous dix centim\u00e8tres de gravier \u00bb.<\/p>\n<p>\u00ab 23 sondages dans 15 zones de la cour \u00bb<\/p>\n<p>La cour de r\u00e9cr\u00e9ation de cette \u00e9cole du quartier de Bourg-L\u2019Ev\u00eaque a \u00e9t\u00e9 rev\u00e9g\u00e9talis\u00e9e en 2021-2022. Au printemps, la m\u00e8re d\u2019un enfant qui y est scolaris\u00e9 a demand\u00e9 que des analyses de cette terre rapport\u00e9e soient r\u00e9alis\u00e9es. \u00ab On a donc effectu\u00e9 23 sondages sur 15 zones de la cour. Les endroits sur lesquels on a trouv\u00e9 des pollutions \u00e0 certains m\u00e9taux lourds ont \u00e9t\u00e9 isol\u00e9s et la terre sera remplac\u00e9e pendant l\u2019hiver \u00bb. Un courrier a \u00e9galement \u00e9t\u00e9 adress\u00e9 cette semaine aux familles des quelque 200 \u00e9l\u00e8ves qui composent cette \u00e9cole maternelle.<\/p>\n<p><img decoding=\"async\" src=\"https:\/\/www.europesays.com\/fr\/wp-content\/uploads\/2025\/11\/6920aa354567fd4a8c07bf49.1.jpeg\" width=\"480\" height=\"300\" class=\"web_golden_m\" loading=\"lazy\" alt=\"Le groupe scolaire de l\u2019Ille est touch\u00e9 par une pollution aux m\u00e9taux lourds.\"\/>Le groupe scolaire de l\u2019Ille est touch\u00e9 par une pollution aux m\u00e9taux lourds. (Photo Le T\u00e9l\u00e9gramme\/Romain Leroux)<\/p>\n<p>Cette pollution, si elle ne pr\u00e9sente pas, selon les analyses, de danger pour la sant\u00e9 des enfants, a amen\u00e9 la Ville de Rennes \u00e0 changer son fonctionnement lorsqu\u2019elle rev\u00e9g\u00e9talise les cours d\u2019\u00e9cole. Si les analyses du sol \u00ab sont syst\u00e9matiques \u00bb lors de la construction d\u2019un nouvel \u00e9tablissement, elles ne l\u2019\u00e9taient pas dans le cadre du programme de v\u00e9g\u00e9talisation des cours d\u2019\u00e9cole lanc\u00e9 sur ce mandat. \u00ab Depuis 2020, on a v\u00e9g\u00e9talis\u00e9 une quinzaine d\u2019\u00e9coles. Suite \u00e0 cet \u00e9pisode, on met un programme en place. Depuis cet \u00e9t\u00e9, on a commenc\u00e9 \u00e0 analyser les terres rapport\u00e9es dans les cours. Par pr\u00e9caution, on va donc analyser la terre des 15 \u00e9tablissements v\u00e9g\u00e9talis\u00e9s durant ce mandat \u00bb.<\/p>\n","protected":false},"excerpt":{"rendered":"Il est 10 h 30, ce vendredi 21 novembre 2025. L\u2019heure de la r\u00e9cr\u00e9ation au sein de l\u2019\u00e9cole&hellip;\n","protected":false},"author":2,"featured_media":550725,"comment_status":"","ping_status":"","sticky":false,"template":"","format":"standard","meta":{"footnotes":""},"categories":[2821],"tags":[1111,11,829,1057,765,1777,674,3384,1011,27,848,12,584,25],"class_list":{"0":"post-550724","1":"post","2":"type-post","3":"status-publish","4":"format-standard","5":"has-post-thumbnail","7":"category-rennes","8":"tag-actu","9":"tag-actualites","10":"tag-bretagne","11":"tag-education","12":"tag-en-continu","13":"tag-eu","14":"tag-europe","15":"tag-exclusif","16":"tag-fr","17":"tag-france","18":"tag-ille-et-vilaine","19":"tag-news","20":"tag-rennes","21":"tag-republique-francaise"},"share_on_mastodon":{"url":"https:\/\/pubeurope.com\/@fr\/115591919645443717","error":""},"_links":{"self":[{"href":"https:\/\/www.europesays.com\/fr\/wp-json\/wp\/v2\/posts\/550724","targetHints":{"allow":["GET"]}}],"collection":[{"href":"https:\/\/www.europesays.com\/fr\/wp-json\/wp\/v2\/posts"}],"about":[{"href":"https:\/\/www.europesays.com\/fr\/wp-json\/wp\/v2\/types\/post"}],"author":[{"embeddable":true,"href":"https:\/\/www.europesays.com\/fr\/wp-json\/wp\/v2\/users\/2"}],"replies":[{"embeddable":true,"href":"https:\/\/www.europesays.com\/fr\/wp-json\/wp\/v2\/comments?post=550724"}],"version-history":[{"count":0,"href":"https:\/\/www.europesays.com\/fr\/wp-json\/wp\/v2\/posts\/550724\/revisions"}],"wp:featuredmedia":[{"embeddable":true,"href":"https:\/\/www.europesays.com\/fr\/wp-json\/wp\/v2\/media\/550725"}],"wp:attachment":[{"href":"https:\/\/www.europesays.com\/fr\/wp-json\/wp\/v2\/media?parent=550724"}],"wp:term":[{"taxonomy":"category","embeddable":true,"href":"https:\/\/www.europesays.com\/fr\/wp-json\/wp\/v2\/categories?post=550724"},{"taxonomy":"post_tag","embeddable":true,"href":"https:\/\/www.europesays.com\/fr\/wp-json\/wp\/v2\/tags?post=550724"}],"curies":[{"name":"wp","href":"https:\/\/api.w.org\/{rel}","templated":true}]}}