{"id":550726,"date":"2025-11-22T06:24:16","date_gmt":"2025-11-22T06:24:16","guid":{"rendered":"https:\/\/www.europesays.com\/fr\/550726\/"},"modified":"2025-11-22T06:24:16","modified_gmt":"2025-11-22T06:24:16","slug":"a-bordeaux-un-candidat-aux-municipales-de-2026-fait-leloge-du-metro-de-rennes","status":"publish","type":"post","link":"https:\/\/www.europesays.com\/fr\/550726\/","title":{"rendered":"\u00e0 Bordeaux un candidat aux municipales de 2026 fait l&rsquo;\u00e9loge du m\u00e9tro de Rennes"},"content":{"rendered":"<p>                    Par<br \/>\n        <strong><br \/>\n            <a href=\"https:\/\/actu.fr\/auteur\/laurene-fertin\" title=\"Consulter tous les articles de Laur\u00e8ne Fertin\" target=\"_blank\" rel=\"noopener\">Laur\u00e8ne Fertin<\/a><br \/>\n                    <\/strong><\/p>\n<p>        Publi\u00e9 le<\/p>\n<p>            22 nov. 2025 \u00e0 6h32        <\/p>\n<p>Si les Rennais et les Rennaises le maudissent parfois, <a href=\"https:\/\/actu.fr\/bretagne\/rennes_35238\/ligne-b-du-metro-a-rennes-pourquoi-continue-t-elle-regulierement-de-tomber-en-panne_63106310.html\" target=\"_blank\" rel=\"noopener\">alors que les retards s\u2019accumulent sur la ligne B<\/a>, et <a href=\"https:\/\/actu.fr\/bretagne\/rennes_35238\/rennes-nouvelles-rames-nouveau-quai-trafic-interrompu-un-enorme-chantier-demarre-sur-la-ligne-a-du-metro_62476950.html\" target=\"_blank\" rel=\"noopener\">qu\u2019un chantier cons\u00e9quent se profile sur la ligne A<\/a>, <strong>le m\u00e9tro de Rennes<\/strong> fait pourtant <strong>l\u2019unanimit\u00e9<\/strong> aupr\u00e8s de <strong>Micka\u00ebl Baubonne.<\/strong> Ce \u00ab\u2009Monsieur m\u00e9tro\u2009\u00bb et <strong>candidat \u00ab\u2009libre\u2009\u00bb<\/strong> aux \u00e9lections municipales de Bordeaux en 2026 s\u2019en fait <strong>l\u2019\u00e9loge<\/strong> dans deux vid\u00e9os incarn\u00e9es, <a href=\"https:\/\/www.instagram.com\/mickaelbaubonne\/\" target=\"_blank\" rel=\"noopener\">sur les r\u00e9seaux sociaux<\/a>.<\/p>\n<p>Un m\u00e9tro automatique<\/p>\n<p class=\" wall-content\">Micka\u00ebl Baubonne est en effet <strong>un fervent d\u00e9fenseur du m\u00e9tro,<\/strong> et <strong>militant<\/strong> depuis une vingtaine d\u2019ann\u00e9es pour sa cr\u00e9ation dans la ville de Bordeaux,<a href=\"https:\/\/actu.fr\/nouvelle-aquitaine\/bordeaux_33063\/grand-partisan-du-metro-a-bordeaux-cet-inconnu-en-politique-est-candidat-a-la-succession-de-pierre-hurmic_62134939.html\" target=\"_blank\" rel=\"noopener\"> comme l\u2019indiquent nos coll\u00e8gues d\u2019actu Bordeaux.<\/a><\/p>\n<p class=\" wall-content\">\u00c0 Rennes, selon lui, le m\u00e9tro est <strong>un mod\u00e8le \u00e0 copier-coller<\/strong> dans cette m\u00e9tropole du sud-ouest. Dans la capitale bretonne, le choix d\u2019y construire un m\u00e9tro <strong>automatique<\/strong> \u00ab\u2009a profond\u00e9ment chang\u00e9 le quotidien des Rennais et le visage de la ville\u2009\u00bb.<\/p>\n<p class=\" wall-content\">Il raconte sa <strong>modernit\u00e9,<\/strong> \u00ab\u2009loin des clich\u00e9s du m\u00e9tro parisien\u2009\u00bb mais \u00e9galement sa lisibilit\u00e9, sa clart\u00e9 dans les stations et <strong>son acc\u00e8s aux personnes \u00e0 mobilit\u00e9 r\u00e9duite<\/strong>\u2009: \u00ab\u2009Pas de couloir sombre, pas de labyrinthe, on voit tout, on comprend tout. C\u2019est <strong>moderne, propre<\/strong> et <strong>efficace\u2009\u00bb,<\/strong> r\u00e9sume ce professeur en droit de 37\u00a0ans.<\/p>\n<p class=\" wall-content\"><a href=\"https:\/\/www.instagram.com\/p\/DRAY99NDA3l\/embed\" title=\"Ouvrir le lien sur Instagram\" target=\"_blank\" rel=\"noopener\">Visualiser le contenu sur Instagram<\/a><\/p>\n<p>La fr\u00e9quence des rames<\/p>\n<p class=\" wall-content\">Autre atout, toujours selon Micka\u00ebl Baubonne\u2009: <strong>sa fr\u00e9quence.<\/strong><\/p>\n<blockquote class=\"ac-article-quote wall-content\">\n<p>Sur la ligne B du m\u00e9tro de Rennes, les rames se succ\u00e8dent toutes les deux \u00e0 trois minutes, et c&rsquo;est m\u00eame toutes les 80 secondes sur la ligne A aux heures de pointe. Les noctambules et ceux qui travaillent t\u00f4t profitent d&rsquo;un m\u00e9tro toutes les cinq minutes maximum, pas besoin de v\u00e9rifier les horaires,\u00a0on vient, on monte.<\/p>\n<p>    <strong>Micka\u00ebl Baubonne<\/strong>\n            <\/p><\/blockquote>\n<p class=\" wall-content\">A contrario, \u00e0 Bordeaux, sur les itin\u00e9raires possibles dessin\u00e9s par la M\u00e9tropole qui se lance dans le projet de sa construction, sur la ligne A, \u00ab\u2009tr\u00e8s t\u00f4t le matin et \u00e0 partir de 20h30, la fr\u00e9quence [ne serait] que de 20\u00a0minutes et [ce serait] encore pire le week-end\u2009\u00bb, estime Micka\u00ebl Baubonne. Qui plus est, si le m\u00e9tro de Rennes roule \u00e0 environ <strong>40\u00a0km\/h,<\/strong> celui de Bordeaux n\u2019exc\u00e9derait pas les 20\u00a0km\/h.<\/p>\n<p>Votre r\u00e9gion, votre actu !<\/p>\n<p>Recevez chaque jour les infos qui comptent pour vous.<\/p>\n<p>\t<a href=\"https:\/\/actu.fr\/newsletter\" class=\"ac-btn ac-btn--corner ac-btn--medium ac-btn--blue800\" target=\"_blank\" rel=\"noopener\">S&rsquo;incrire<\/a><br \/>\nPlus \u00e9cologique<\/p>\n<p class=\" wall-content\">Dernier avantage, selon Micka\u00ebl Baubonne, l\u2019exploitation d\u2019un m\u00e9tro automatique serait \u00ab\u2009plus souple, plus \u00e9cologique et plus rentable\u2009\u00bb.<\/p>\n<blockquote class=\"ac-article-quote wall-content\">\n<p>Il n&rsquo;a pas besoin de conducteur, alors qu&rsquo;\u00e0 Bordeaux, on peine \u00e0 assurer tous les d\u00e9parts de tram et de bus, pour des probl\u00e8mes de recrutement.<\/p>\n<p>    <strong>Micka\u00ebl Baubonne<\/strong>\n            <\/p><\/blockquote>\n<p class=\" wall-content\">Le m\u00e9tro automatique consomme \u00e9galement \u00ab\u2009moins d\u2019\u00e9nergie\u2009\u00bb. \u00ab\u2009Ce m\u00e9tro\u2009\u00bb, conclut le candidat aux municipales, <strong>\u00ab\u2009c\u2019est exactement ce qu\u2019il faut<\/strong> \u00e0 Bordeaux. On a les besoins, le potentiel et surtout l\u2019urgence\u2009\u00bb.<\/p>\n<p class=\" wall-content\">Personnalisez votre actualit\u00e9 en ajoutant vos villes et m\u00e9dias en favori avec <a href=\"https:\/\/moncompte.actu.fr\" title=\"D\u00e9couvez Mon Actu\" rel=\"nofollow noopener\" data-trk=\"{&quot;cta&quot;:{&quot;action&quot;:&quot;https:\\\/\\\/moncompte.actu.fr&quot;,&quot;category&quot;:&quot;mon compte&quot;,&quot;from&quot;:&quot;article footer&quot;,&quot;name&quot;:&quot;Mon actu&quot;,&quot;type&quot;:&quot;cta&quot;}}\" target=\"_blank\">Mon Actu<\/a>.<\/p>\n<p>                    <script async src=\"\/\/www.instagram.com\/embed.js\"><\/script><\/p>\n","protected":false},"excerpt":{"rendered":"Par Laur\u00e8ne Fertin Publi\u00e9 le 22 nov. 2025 \u00e0 6h32 Si les Rennais et les Rennaises le maudissent&hellip;\n","protected":false},"author":2,"featured_media":476443,"comment_status":"","ping_status":"","sticky":false,"template":"","format":"standard","meta":{"footnotes":""},"categories":[2821],"tags":[1111,11,2904,829,1777,674,1011,27,5000,12,584,25,104],"class_list":{"0":"post-550726","1":"post","2":"type-post","3":"status-publish","4":"format-standard","5":"has-post-thumbnail","7":"category-rennes","8":"tag-actu","9":"tag-actualites","10":"tag-bordeaux-metropole","11":"tag-bretagne","12":"tag-eu","13":"tag-europe","14":"tag-fr","15":"tag-france","16":"tag-metro-de-rennes","17":"tag-news","18":"tag-rennes","19":"tag-republique-francaise","20":"tag-societe"},"share_on_mastodon":{"url":"https:\/\/pubeurope.com\/@fr\/115591922514129097","error":""},"_links":{"self":[{"href":"https:\/\/www.europesays.com\/fr\/wp-json\/wp\/v2\/posts\/550726","targetHints":{"allow":["GET"]}}],"collection":[{"href":"https:\/\/www.europesays.com\/fr\/wp-json\/wp\/v2\/posts"}],"about":[{"href":"https:\/\/www.europesays.com\/fr\/wp-json\/wp\/v2\/types\/post"}],"author":[{"embeddable":true,"href":"https:\/\/www.europesays.com\/fr\/wp-json\/wp\/v2\/users\/2"}],"replies":[{"embeddable":true,"href":"https:\/\/www.europesays.com\/fr\/wp-json\/wp\/v2\/comments?post=550726"}],"version-history":[{"count":0,"href":"https:\/\/www.europesays.com\/fr\/wp-json\/wp\/v2\/posts\/550726\/revisions"}],"wp:featuredmedia":[{"embeddable":true,"href":"https:\/\/www.europesays.com\/fr\/wp-json\/wp\/v2\/media\/476443"}],"wp:attachment":[{"href":"https:\/\/www.europesays.com\/fr\/wp-json\/wp\/v2\/media?parent=550726"}],"wp:term":[{"taxonomy":"category","embeddable":true,"href":"https:\/\/www.europesays.com\/fr\/wp-json\/wp\/v2\/categories?post=550726"},{"taxonomy":"post_tag","embeddable":true,"href":"https:\/\/www.europesays.com\/fr\/wp-json\/wp\/v2\/tags?post=550726"}],"curies":[{"name":"wp","href":"https:\/\/api.w.org\/{rel}","templated":true}]}}