{"id":550727,"date":"2025-11-22T06:25:16","date_gmt":"2025-11-22T06:25:16","guid":{"rendered":"https:\/\/www.europesays.com\/fr\/550727\/"},"modified":"2025-11-22T06:25:16","modified_gmt":"2025-11-22T06:25:16","slug":"grand-est-de-laide-pour-transmettre-son-exploitation-agricole","status":"publish","type":"post","link":"https:\/\/www.europesays.com\/fr\/550727\/","title":{"rendered":"Grand Est. De l\u2019aide pour transmettre son exploitation agricole"},"content":{"rendered":"<p>Dans le Grand Est, un agriculteur sur deux partira \u00e0 la retraite d\u2019ici 2050, 14 350 des exploitants (40 %) sont \u00e2g\u00e9s de 55 ans et plus. Dans ce contexte, les Chambres d\u2019agriculture du Grand Est organisent en novembre la 10e \u00e9dition de la Quinzaine de la transmission. L\u2019objectif est de sensibiliser et accompagner les agriculteurs \u00e0 travers des r\u00e9unions, th\u00e9\u00e2tres forums, formations, visites de fermes et de valoriser les dispositifs d\u2019accompagnement comme le r\u00e9seau des Points information transmission (PIT) qui accompagne les c\u00e9dants dans la pr\u00e9paration de leur transmission. Une r\u00e9union d\u2019information est organis\u00e9e par la Chambre d\u2019agriculture d\u2019Alsace, mardi 25 novembre de 13 h 30 \u00e0 16 h 30, \u00e0 la Maison de l\u2019Agriculture \u00e0 Schiltigheim. La Chambre r\u00e9gionale d\u2019agriculture du Grand Est a \u00e9labor\u00e9 un <a href=\"https:\/\/grandest.chambres-agriculture.fr\/fileadmin\/user_upload\/273_chambre_dagriculture_grand_est\/Etre_accompagne\/S_installer_et_transmettre\/Guide_transmission___Grand_Est_-_Edition_2025.pdf\" target=\"_blank\" rel=\"noopener\">guide transmission<\/a> \u00e0 t\u00e9l\u00e9charger sur son site.<\/p>\n","protected":false},"excerpt":{"rendered":"Dans le Grand Est, un agriculteur sur deux partira \u00e0 la retraite d\u2019ici 2050, 14 350 des exploitants&hellip;\n","protected":false},"author":2,"featured_media":550728,"comment_status":"","ping_status":"","sticky":false,"template":"","format":"standard","meta":{"footnotes":""},"categories":[2820],"tags":[1111,11,327,2389,33,1777,674,107,1011,27,775,12,25,640],"class_list":{"0":"post-550727","1":"post","2":"type-post","3":"status-publish","4":"format-standard","5":"has-post-thumbnail","7":"category-strasbourg","8":"tag-actu","9":"tag-actualites","10":"tag-agriculture","11":"tag-alsace","12":"tag-economie","13":"tag-eu","14":"tag-europe","15":"tag-fil-info","16":"tag-fr","17":"tag-france","18":"tag-grand-est","19":"tag-news","20":"tag-republique-francaise","21":"tag-strasbourg"},"share_on_mastodon":{"url":"https:\/\/pubeurope.com\/@fr\/115591926626542721","error":""},"_links":{"self":[{"href":"https:\/\/www.europesays.com\/fr\/wp-json\/wp\/v2\/posts\/550727","targetHints":{"allow":["GET"]}}],"collection":[{"href":"https:\/\/www.europesays.com\/fr\/wp-json\/wp\/v2\/posts"}],"about":[{"href":"https:\/\/www.europesays.com\/fr\/wp-json\/wp\/v2\/types\/post"}],"author":[{"embeddable":true,"href":"https:\/\/www.europesays.com\/fr\/wp-json\/wp\/v2\/users\/2"}],"replies":[{"embeddable":true,"href":"https:\/\/www.europesays.com\/fr\/wp-json\/wp\/v2\/comments?post=550727"}],"version-history":[{"count":0,"href":"https:\/\/www.europesays.com\/fr\/wp-json\/wp\/v2\/posts\/550727\/revisions"}],"wp:featuredmedia":[{"embeddable":true,"href":"https:\/\/www.europesays.com\/fr\/wp-json\/wp\/v2\/media\/550728"}],"wp:attachment":[{"href":"https:\/\/www.europesays.com\/fr\/wp-json\/wp\/v2\/media?parent=550727"}],"wp:term":[{"taxonomy":"category","embeddable":true,"href":"https:\/\/www.europesays.com\/fr\/wp-json\/wp\/v2\/categories?post=550727"},{"taxonomy":"post_tag","embeddable":true,"href":"https:\/\/www.europesays.com\/fr\/wp-json\/wp\/v2\/tags?post=550727"}],"curies":[{"name":"wp","href":"https:\/\/api.w.org\/{rel}","templated":true}]}}