{"id":550729,"date":"2025-11-22T06:26:18","date_gmt":"2025-11-22T06:26:18","guid":{"rendered":"https:\/\/www.europesays.com\/fr\/550729\/"},"modified":"2025-11-22T06:26:18","modified_gmt":"2025-11-22T06:26:18","slug":"voici-quand-venir-pour-eviter-la-foule","status":"publish","type":"post","link":"https:\/\/www.europesays.com\/fr\/550729\/","title":{"rendered":"voici quand venir pour \u00e9viter la foule"},"content":{"rendered":"<p>                    Par<br \/>\n        <strong><br \/>\n            <a href=\"https:\/\/actu.fr\/auteur\/ivan-capecchi\" title=\"Consulter tous les articles de Ivan CAPECCHI\" target=\"_blank\" rel=\"noopener\">Ivan CAPECCHI<\/a><br \/>\n                    <\/strong><\/p>\n<p>        Publi\u00e9 le<\/p>\n<p>            22 nov. 2025 \u00e0 7h02        <\/p>\n<p>        Enregistrer<\/p>\n<p>            <a href=\"https:\/\/actu.fr\/espace-debat\/commentaires\/63464332?initArgument=true&amp;utm_source=article&amp;utm_campaign=63464332&amp;utm_content=63464332\" class=\"ac-btn ac-btn--round ac-btn--border-gray ac-btn--commentaire\" data-trk=\"{&quot;cta&quot;:{&quot;action&quot;:&quot;&quot;,&quot;category&quot;:&quot;mon compte&quot;,&quot;from&quot;:&quot;article actions&quot;,&quot;name&quot;:&quot;Commentaires&quot;,&quot;type&quot;:&quot;cta&quot;}}\" title=\"Commenter l&#039;article\" target=\"_blank\" rel=\"noopener\"><br \/>\n            Commentaires<br \/>\n        <\/a><\/p>\n<p>        Partager<\/p>\n<ul id=\"share\" class=\"ac-article-actions__share \">\n<li>\n            <a target=\"_blank\" href=\"http:\/\/www.facebook.com\/sharer.php?u=https:\/\/actu.fr\/grand-est\/strasbourg_67482\/marche-de-noel-de-strasbourg-2025-voici-quand-venir-pour-eviter-la-foule_63464332.html\" class=\"ac-btn-social ac-btn-social--blue ac-btn-social--facebook\" title=\"Partagez sur Facebook - Nouvelle fen\u00eatre\" data-trk=\"{&quot;social&quot;:{&quot;network&quot;:&quot;facebook&quot;},&quot;article&quot;:{&quot;id_contenu&quot;:63464332,&quot;titre_contenu&quot;:&quot;March\\u00e9 de No\\u00ebl de Strasbourg 2025 : voici quand venir pour \\u00e9viter la foule&quot;,&quot;marque&quot;:&quot;Actu Strasbourg&quot;,&quot;nom_commune&quot;:&quot;Strasbourg&quot;,&quot;code_insee_commune&quot;:&quot;67482&quot;,&quot;code_region&quot;:&quot;44&quot;,&quot;code_departement&quot;:&quot;67&quot;,&quot;type&quot;:&quot;article&quot;,&quot;arborescence&quot;:&quot;Loisirs-Culture&quot;,&quot;tags_article_s&quot;:&quot;March\\u00e9 de No\\u00ebl de Strasbourg&quot;,&quot;signature_auteur&quot;:&quot;Ivan CAPECCHI&quot;,&quot;statut_monetisation&quot;:&quot;gratuit&quot;}}\" rel=\"noopener\">Partagez sur Facebook<\/a>\n        <\/li>\n<li>\n            <a target=\"_blank\" href=\"https:\/\/twitter.com\/intent\/tweet?url=https:\/\/actu.fr\/grand-est\/strasbourg_67482\/marche-de-noel-de-strasbourg-2025-voici-quand-venir-pour-eviter-la-foule_63464332.html&amp;text=March\u00e9 de No\u00ebl de Strasbourg 2025 : voici quand venir pour \u00e9viter la foule&amp;via=actufr\" class=\"ac-btn-social ac-btn-social--blue ac-btn-social--x\" title=\"Partagez sur Twitter - Nouvelle fen\u00eatre\" data-trk=\"{&quot;social&quot;:{&quot;network&quot;:&quot;twitter&quot;},&quot;article&quot;:{&quot;id_contenu&quot;:63464332,&quot;titre_contenu&quot;:&quot;March\\u00e9 de No\\u00ebl de Strasbourg 2025 : voici quand venir pour \\u00e9viter la foule&quot;,&quot;marque&quot;:&quot;Actu Strasbourg&quot;,&quot;nom_commune&quot;:&quot;Strasbourg&quot;,&quot;code_insee_commune&quot;:&quot;67482&quot;,&quot;code_region&quot;:&quot;44&quot;,&quot;code_departement&quot;:&quot;67&quot;,&quot;type&quot;:&quot;article&quot;,&quot;arborescence&quot;:&quot;Loisirs-Culture&quot;,&quot;tags_article_s&quot;:&quot;March\\u00e9 de No\\u00ebl de Strasbourg&quot;,&quot;signature_auteur&quot;:&quot;Ivan CAPECCHI&quot;,&quot;statut_monetisation&quot;:&quot;gratuit&quot;}}\" rel=\"noopener\">Partagez sur Twitter<\/a>\n        <\/li>\n<li>\n            <a target=\"_blank\" href=\"http:\/\/actu.fr\/cdn-cgi\/l\/email-protection#a5e59ad6d0c7cfc0c6d198e8c4d7c6cd660c85c1c085ebca660ec985c1c085f6d1d7c4d6c7cad0d7c28597959790859f85d3caccc6cc85d4d0c4cbc185d3c0cbccd785d5cad0d785660cd3ccd1c0d785c9c485c3cad0c9c083c7cac1dc98e8c4d7c6cd660c85c1c085ebca660ec985c1c085f6d1d7c4d6c7cad0d7c28597959790859f85d3caccc6cc85d4d0c4cbc185d3c0cbccd785d5cad0d785660cd3ccd1c0d785c9c485c3cad0c9c08097959f809795cdd1d1d5d69f8a8ac4c6d1d08bc3d78ac2d7c4cbc188c0d6d18ad6d1d7c4d6c7cad0d7c2fa9392919d978ac8c4d7c6cdc088c1c088cbcac0c988c1c088d6d1d7c4d6c7cad0d7c2889795979088d3caccc6cc88d4d0c4cbc188d3c0cbccd788d5cad0d788c0d3ccd1c0d788c9c488c3cad0c9c0fa93969193919696978bcdd1c8c9\" class=\"ac-btn-social ac-btn-social--blue ac-btn-social--mail\" title=\"Partagez par mail - Nouvelle fen\u00eatre\" data-trk=\"{&quot;social&quot;:{&quot;network&quot;:&quot;email&quot;},&quot;article&quot;:{&quot;id_contenu&quot;:63464332,&quot;titre_contenu&quot;:&quot;March\\u00e9 de No\\u00ebl de Strasbourg 2025 : voici quand venir pour \\u00e9viter la foule&quot;,&quot;marque&quot;:&quot;Actu Strasbourg&quot;,&quot;nom_commune&quot;:&quot;Strasbourg&quot;,&quot;code_insee_commune&quot;:&quot;67482&quot;,&quot;code_region&quot;:&quot;44&quot;,&quot;code_departement&quot;:&quot;67&quot;,&quot;type&quot;:&quot;article&quot;,&quot;arborescence&quot;:&quot;Loisirs-Culture&quot;,&quot;tags_article_s&quot;:&quot;March\\u00e9 de No\\u00ebl de Strasbourg&quot;,&quot;signature_auteur&quot;:&quot;Ivan CAPECCHI&quot;,&quot;statut_monetisation&quot;:&quot;gratuit&quot;}}\" rel=\"noopener\">Partagez par Mail<\/a>\n        <\/li>\n<li>\n<p>                Copiez\/Collez le Lien<\/p>\n<p>            Copi\u00e9 !\n        <\/li>\n<\/ul>\n<p>Chaque ann\u00e9e, le <a href=\"https:\/\/actu.fr\/grand-est\/strasbourg_67482\/strasbourg-les-dates-du-marche-de-noel-2025-sont-connues_62710676.html\" target=\"_blank\" rel=\"noopener\">march\u00e9 de No\u00ebl de Strasbourg<\/a> attire des millions de visiteurs. Malgr\u00e9 les efforts de la majorit\u00e9 \u00e9cologiste pour \u00ab\u00a0desserrer\u00a0\u00bb l\u2019\u00e9v\u00e9nement, <a href=\"https:\/\/actu.fr\/grand-est\/strasbourg_67482\/marche-de-noel-de-strasbourg-la-ville-veut-aller-encore-plus-loin-en-matiere-de-spatialisation_56558572.html\" target=\"_blank\" rel=\"noopener\">notamment en espa\u00e7ant davantage les chalets<\/a>, il n\u2019est pas rare de se retrouver au milieu d\u2019une <a href=\"https:\/\/actu.fr\/grand-est\/strasbourg_67482\/foule-geante-au-marche-de-noel-de-strasbourg-les-photos-de-cet-evenement-feerique_46776670.html\" target=\"_blank\" rel=\"noopener\">foule compacte<\/a>, notamment dans les rues \u00e9troites que compte le <strong>centre-ville historique de Strasbourg<\/strong>. <a href=\"https:\/\/actu.fr\/grand-est\/strasbourg_67482\/nos-conseils-et-bons-plans-pour-passer-un-noel-feerique-a-strasbourg_60198755.html\" target=\"_blank\" rel=\"noopener\">Pour vivre au mieux cette exp\u00e9rience<\/a>, la Ville de Strasbourg a <a href=\"https:\/\/noel.strasbourg.eu\/choisissez-le-meilleur-moment-pour-visiter\" target=\"_blank\" rel=\"noopener\">publi\u00e9 sur son site un tableau d\u2019affluence<\/a>.<\/p>\n<p>\u00c0 lire aussi<\/p>\n<ul>\n<li>\n<img decoding=\"async\" loading=\"lazy\" src=\"https:\/\/www.europesays.com\/fr\/wp-content\/uploads\/2025\/11\/marche-noel-strasbourg-2024-bas-rhin-18-200x200.jpg\" alt=\"\" width=\"200\" height=\"200\"\/><\/p>\n<p><a class=\"item__content\" href=\"https:\/\/actu.fr\/grand-est\/strasbourg_67482\/marche-de-noel-a-strasbourg-le-record-de-frequentation-a-ete-battu-en-2024_62164740.html\" data-trk=\"{&quot;cta&quot;:{&quot;type&quot;:&quot;lien article&quot;,&quot;name&quot;:&quot;March\\u00e9 de No\\u00ebl \\u00e0 Strasbourg : le record de fr\\u00e9quentation a \\u00e9t\\u00e9 battu en 2024&quot;,&quot;category&quot;:&quot;article&quot;,&quot;action&quot;:&quot;https:\\\/\\\/actu.fr\\\/grand-est\\\/strasbourg_67482\\\/marche-de-noel-a-strasbourg-le-record-de-frequentation-a-ete-battu-en-2024_62164740.html&quot;,&quot;from&quot;:&quot;\\u00c0 lire aussi&quot;}}\" target=\"_blank\" rel=\"noopener\">March\u00e9 de No\u00ebl \u00e0 Strasbourg : le record de fr\u00e9quentation a \u00e9t\u00e9 battu en 2024<\/a><\/p>\n<\/li>\n<\/ul>\n<p>March\u00e9 de No\u00ebl de Strasbourg : venez en semaine<\/p>\n<p class=\" wall-content\">Ce dernier est clair : les moments les plus paisibles sont en <strong>semaine<\/strong>, surtout <strong>du lundi au jeudi<\/strong>.\u00a0<\/p>\n<p>    <img   decoding=\"async\" loading=\"lazy\" src=\"https:\/\/www.europesays.com\/fr\/wp-content\/uploads\/2025\/11\/tableau-affluence-marche-noel-strasbourg-960x640.jpg\" alt=\"Le tableau d'affluence du march\u00e9 de No\u00ebl de Strasbourg publi\u00e9 par la mairie.\" width=\"960\" height=\"640\"\/><br \/>\n    Le tableau d\u2019affluence du march\u00e9 de No\u00ebl de Strasbourg publi\u00e9 par la mairie. (\u00a9Ville de Strasbourg)<\/p>\n<p class=\" wall-content\">Les <strong>matin\u00e9es<\/strong> sont les cr\u00e9neaux les plus tranquilles, \u00e0 privil\u00e9gier si vous voulez fl\u00e2ner, faire vos photos ou <a href=\"https:\/\/actu.fr\/grand-est\/strasbourg_67482\/video-il-traque-le-faux-vin-chaud-sur-le-marche-de-noel-de-strasbourg-et-obtient-une-surprise_62006022.html\" target=\"_blank\" rel=\"noopener\">d\u00e9guster un vin chaud<\/a> sans jouer des coudes.<\/p>\n<p class=\" wall-content\">Personnalisez votre actualit\u00e9 en ajoutant vos villes et m\u00e9dias en favori avec <a href=\"https:\/\/moncompte.actu.fr\" title=\"D\u00e9couvez Mon Actu\" rel=\"nofollow noopener\" data-trk=\"{&quot;cta&quot;:{&quot;action&quot;:&quot;https:\\\/\\\/moncompte.actu.fr&quot;,&quot;category&quot;:&quot;mon compte&quot;,&quot;from&quot;:&quot;article footer&quot;,&quot;name&quot;:&quot;Mon actu&quot;,&quot;type&quot;:&quot;cta&quot;}}\" target=\"_blank\">Mon Actu<\/a>.<\/p>\n<p>                    <script async src=\"https:\/\/platform.twitter.com\/widgets.js\" charset=\"utf-8\"><\/script><\/p>\n","protected":false},"excerpt":{"rendered":"Par Ivan CAPECCHI Publi\u00e9 le 22 nov. 2025 \u00e0 7h02 Enregistrer Commentaires Partager Partagez sur Facebook Partagez sur&hellip;\n","protected":false},"author":2,"featured_media":550730,"comment_status":"","ping_status":"","sticky":false,"template":"","format":"standard","meta":{"footnotes":""},"categories":[2820],"tags":[1111,11,1777,674,1011,27,775,1652,56596,12,25,640],"class_list":{"0":"post-550729","1":"post","2":"type-post","3":"status-publish","4":"format-standard","5":"has-post-thumbnail","7":"category-strasbourg","8":"tag-actu","9":"tag-actualites","10":"tag-eu","11":"tag-europe","12":"tag-fr","13":"tag-france","14":"tag-grand-est","15":"tag-loisirs-culture","16":"tag-marche-de-noel-de-strasbourg","17":"tag-news","18":"tag-republique-francaise","19":"tag-strasbourg"},"share_on_mastodon":{"url":"https:\/\/pubeurope.com\/@fr\/115591931236188914","error":""},"_links":{"self":[{"href":"https:\/\/www.europesays.com\/fr\/wp-json\/wp\/v2\/posts\/550729","targetHints":{"allow":["GET"]}}],"collection":[{"href":"https:\/\/www.europesays.com\/fr\/wp-json\/wp\/v2\/posts"}],"about":[{"href":"https:\/\/www.europesays.com\/fr\/wp-json\/wp\/v2\/types\/post"}],"author":[{"embeddable":true,"href":"https:\/\/www.europesays.com\/fr\/wp-json\/wp\/v2\/users\/2"}],"replies":[{"embeddable":true,"href":"https:\/\/www.europesays.com\/fr\/wp-json\/wp\/v2\/comments?post=550729"}],"version-history":[{"count":0,"href":"https:\/\/www.europesays.com\/fr\/wp-json\/wp\/v2\/posts\/550729\/revisions"}],"wp:featuredmedia":[{"embeddable":true,"href":"https:\/\/www.europesays.com\/fr\/wp-json\/wp\/v2\/media\/550730"}],"wp:attachment":[{"href":"https:\/\/www.europesays.com\/fr\/wp-json\/wp\/v2\/media?parent=550729"}],"wp:term":[{"taxonomy":"category","embeddable":true,"href":"https:\/\/www.europesays.com\/fr\/wp-json\/wp\/v2\/categories?post=550729"},{"taxonomy":"post_tag","embeddable":true,"href":"https:\/\/www.europesays.com\/fr\/wp-json\/wp\/v2\/tags?post=550729"}],"curies":[{"name":"wp","href":"https:\/\/api.w.org\/{rel}","templated":true}]}}