{"id":550737,"date":"2025-11-22T06:31:34","date_gmt":"2025-11-22T06:31:34","guid":{"rendered":"https:\/\/www.europesays.com\/fr\/550737\/"},"modified":"2025-11-22T06:31:34","modified_gmt":"2025-11-22T06:31:34","slug":"apres-des-coups-de-feu-une-balle-se-loge-dans-le-mur-du-salon-dun-appartement-habite","status":"publish","type":"post","link":"https:\/\/www.europesays.com\/fr\/550737\/","title":{"rendered":"apr\u00e8s des coups de feu, une balle se loge dans le mur du salon d\u2019un appartement habit\u00e9"},"content":{"rendered":"<p>\n    Les coups de feu ne cessent de se multiplier dans la cit\u00e9 des Ducs. Jeudi soir, un habitant a \u00e9chapp\u00e9 au pire dans le quartier Botti\u00e8re, \u00e0 l\u2019est de la ville.<\/p>\n<p class=\"fig-paragraph\">En ce mois de novembre,\u00a0<a href=\"http:\/\/www.lefigaro.fr\/nantes\/c-etait-un-havre-de-paix-maintenant-tout-le-monde-veut-partir-a-nantes-le-crepuscule-d-un-quartier-qui-bascule-dans-l-insecurite-20251117\" target=\"_blank\" data-fig-type=\"NewsFlash\" rel=\"noopener nofollow\" data-gtm-custom-categorie=\"navigation\" data-gtm-custom-action=\"crossclick\" data-gtm-custom-label=\"Contextuel\" data-gtm-event=\"customEventSPE\" data-fig-domain=\"LEFIGARO\">les coups de feu<\/a>\u00a0se multiplient\u00a0<a href=\"http:\/\/www.lefigaro.fr\/nantes\/tirs-appartements-cribles-de-balles-les-reglements-de-compte-se-multiplient-dans-le-quartier-de-la-beaujoire-a-nantes-20251118\" target=\"_blank\" data-fig-type=\"NewsFlash\" rel=\"noopener nofollow\" data-gtm-custom-categorie=\"navigation\" data-gtm-custom-action=\"crossclick\" data-gtm-custom-label=\"Contextuel\" data-gtm-event=\"customEventSPE\" data-fig-domain=\"LEFIGARO\">\u00e0 Nantes<\/a>. Jeudi soir, des tirs ont r\u00e9sonn\u00e9 dans le quartier\u00a0<a href=\"http:\/\/www.lefigaro.fr\/nantes\/coups-de-feu-repetes-a-nantes-la-mairie-contrainte-de-fermer-un-gymnase-en-soiree-20241016\" target=\"_blank\" data-fig-type=\"NewsFlash\" rel=\"noopener nofollow\" data-gtm-custom-categorie=\"navigation\" data-gtm-custom-action=\"crossclick\" data-gtm-custom-label=\"Contextuel\" data-gtm-event=\"customEventSPE\" data-fig-domain=\"LEFIGARO\">Botti\u00e8re<\/a>, \u00e0 l\u2019est de la ville. Aucun bless\u00e9 ou trace de sang n\u2019ont \u00e9t\u00e9 constat\u00e9s. En revanche, un habitant a \u00e9chapp\u00e9 au pire. Vers 21h30, une balle s\u2019est log\u00e9e dans le mur de son salon, apr\u00e8s avoir travers\u00e9 la baie vitr\u00e9e. L\u2019appartement du riverain, qui devrait porter plainte, se situe au 1er \u00e9tage.<\/p>\n<p class=\"fig-paragraph\">25 \u00e9tuis de cartouche de calibre 7,62, ont \u00e9t\u00e9 retrouv\u00e9s, pouvant laisser penser \u00e0 l\u2019utilisation d\u2019une arme de type kalachnikov. L\u2019enqu\u00eate ne fait que commencer. Deux heures avant les faits, deux individus ont \u00e9t\u00e9 vus dans le quartier avec une arme longue, en train de faire des allers-retours. \u00abIls avaient l\u2019air de chercher quelqu\u2019un ou quelque chose\u00bb, confie une source polici\u00e8re.<\/p>\n<p>                                    <a class=\"fig-a11y-skip a11y-hidden\" href=\"#fig-a11y-skip-main-inarticle\"><br \/>\n        Passer la publicit\u00e9<br \/>\n    <\/a><\/p>\n<p>Point de deal<\/p>\n<p class=\"fig-paragraph\">L\u2019hypoth\u00e8se d\u2019une balle perdue est \u00e0 l\u2019\u00e9tude mais n\u2019est pas la seule piste. Aujourd\u2019hui, les enqu\u00eateurs devaient retourner sur place pour voir si d\u2019autres balles ont pu se loger \u00e0 d\u2019autres endroits. La rue est connue pour abriter un point de deal surveill\u00e9 de la police.<\/p>\n<p class=\"fig-paragraph\">Cet \u00e9pisode est le 51e tir survenu dans l\u2019agglom\u00e9ration depuis le d\u00e9but de l\u2019ann\u00e9e, souligne le quotidien r\u00e9gional\u00a0<a href=\"https:\/\/www.ouest-france.fr\/societe\/faits-divers\/apres-de-nouveaux-coups-de-feu-une-balle-traverse-le-salon-dun-habitant-quartier-bottiere-a-nantes-d05af636-c69e-11f0-87d4-6087669916a8\" target=\"_blank\" rel=\"noopener nofollow\" data-gtm-custom-categorie=\"navigation\" data-gtm-custom-action=\"crossclick\" data-gtm-custom-label=\"Contextuel\" data-gtm-event=\"customEventSPE\">Presse Oc\u00e9an<\/a> . Dans la majorit\u00e9 des cas, il s\u2019agit de r\u00e8glements de comptes li\u00e9s au trafic de stup\u00e9fiants. En d\u00e9but de semaine, non loin de l\u00e0, une\u00a0<a href=\"http:\/\/www.lefigaro.fr\/nantes\/nantes-une-nouvelle-maison-criblee-de-balles-tirees-a-la-kalachnikov-20251118\" target=\"_blank\" data-fig-type=\"NewsFlash\" rel=\"noopener nofollow\" data-gtm-custom-categorie=\"navigation\" data-gtm-custom-action=\"crossclick\" data-gtm-custom-label=\"Contextuel\" data-gtm-event=\"customEventSPE\" data-fig-domain=\"LEFIGARO\">maison pavillonnaire<\/a>\u00a0a d\u00e9j\u00e0 \u00e9t\u00e9 prise pour cible dans le quartier de Doulon. La fa\u00e7ade a \u00e9t\u00e9 mitraill\u00e9e d\u2019une dizaine de tirs.<\/p>\n","protected":false},"excerpt":{"rendered":"Les coups de feu ne cessent de se multiplier dans la cit\u00e9 des Ducs. Jeudi soir, un habitant&hellip;\n","protected":false},"author":2,"featured_media":550738,"comment_status":"","ping_status":"","sticky":false,"template":"","format":"standard","meta":{"footnotes":""},"categories":[2818],"tags":[1111,11,5143,1052,1777,674,1011,27,766,12,2636,25],"class_list":{"0":"post-550737","1":"post","2":"type-post","3":"status-publish","4":"format-standard","5":"has-post-thumbnail","7":"category-nantes","8":"tag-actu","9":"tag-actualites","10":"tag-coups-de-feu","11":"tag-drogue","12":"tag-eu","13":"tag-europe","14":"tag-fr","15":"tag-france","16":"tag-nantes","17":"tag-news","18":"tag-pays-de-la-loire","19":"tag-republique-francaise"},"share_on_mastodon":{"url":"https:\/\/pubeurope.com\/@fr\/115591950108823643","error":""},"_links":{"self":[{"href":"https:\/\/www.europesays.com\/fr\/wp-json\/wp\/v2\/posts\/550737","targetHints":{"allow":["GET"]}}],"collection":[{"href":"https:\/\/www.europesays.com\/fr\/wp-json\/wp\/v2\/posts"}],"about":[{"href":"https:\/\/www.europesays.com\/fr\/wp-json\/wp\/v2\/types\/post"}],"author":[{"embeddable":true,"href":"https:\/\/www.europesays.com\/fr\/wp-json\/wp\/v2\/users\/2"}],"replies":[{"embeddable":true,"href":"https:\/\/www.europesays.com\/fr\/wp-json\/wp\/v2\/comments?post=550737"}],"version-history":[{"count":0,"href":"https:\/\/www.europesays.com\/fr\/wp-json\/wp\/v2\/posts\/550737\/revisions"}],"wp:featuredmedia":[{"embeddable":true,"href":"https:\/\/www.europesays.com\/fr\/wp-json\/wp\/v2\/media\/550738"}],"wp:attachment":[{"href":"https:\/\/www.europesays.com\/fr\/wp-json\/wp\/v2\/media?parent=550737"}],"wp:term":[{"taxonomy":"category","embeddable":true,"href":"https:\/\/www.europesays.com\/fr\/wp-json\/wp\/v2\/categories?post=550737"},{"taxonomy":"post_tag","embeddable":true,"href":"https:\/\/www.europesays.com\/fr\/wp-json\/wp\/v2\/tags?post=550737"}],"curies":[{"name":"wp","href":"https:\/\/api.w.org\/{rel}","templated":true}]}}