{"id":550747,"date":"2025-11-22T06:38:45","date_gmt":"2025-11-22T06:38:45","guid":{"rendered":"https:\/\/www.europesays.com\/fr\/550747\/"},"modified":"2025-11-22T06:38:45","modified_gmt":"2025-11-22T06:38:45","slug":"acceder-au-centre-ville-pendant-les-fetes-actualites","status":"publish","type":"post","link":"https:\/\/www.europesays.com\/fr\/550747\/","title":{"rendered":"Acc\u00e9der au centre-ville pendant les f\u00eates \/ Actualit\u00e9s"},"content":{"rendered":"<p>Du 22 novembre au 27 d\u00e9cembre, \u00e0 l&rsquo;occasion des f\u00eates des fin d&rsquo;ann\u00e9e, le centre-ville de Lille est pi\u00e9tonnis\u00e9 chaque samedi.<\/p>\n<p>            <img loading=\"lazy\" decoding=\"async\" src=\"\/var\/www\/storage\/images\/mediatheque\/mairie-de-lille\/actualites\/images\/2025\/novembre-2025\/pietonnisation-de-noel\/3893159-1-fre-FR\/Pietonnisation-de-Noel_news_image_top.png\" width=\"779\" height=\"518\" alt=\"Pi\u00e9tonnisation de fin d'ann\u00e9e\"\/><br \/>\n    \tPi\u00e9tonnisation du centre-ville pour les f\u00eates de fin d&rsquo;ann\u00e9e<\/p>\n<p>Pour vous permettre de profiter pleinement du Village de No\u00ebl, de la grande roue et des animations de fin d&rsquo;ann\u00e9e, un dispositif renforc\u00e9 de pi\u00e9tonnisation est mis en place chaque samedi, jusque la fin de l&rsquo;ann\u00e9e, garantissant confort et s\u00e9curit\u00e9 aux visiteurs, tout en maintenant l&rsquo;accessibilit\u00e9 \u00e0 tous les commerces.<\/p>\n<p>Faire ses achats de No\u00ebl en toute s\u00e9r\u00e9nit\u00e9<\/p>\n<p>Si vous venez \u00e0 Lille\u00a0en voiture durant les f\u00eates, le centre-ville reste totalement accessible pour tous vos achats de fin d&rsquo;ann\u00e9e.<\/p>\n<p>La Ville a d\u00e9velopp\u00e9 un dispositif complet pour vous orienter efficacement vers les nombreux parkings disponibles : Carnot, R\u00e9publique, Grand Palais, Champ de Mars&#8230;<\/p>\n<p>Pour faciliter votre venue, les dispositifs suivant sont d\u00e9ploy\u00e9s :<\/p>\n<ul class=\"listPuce\">\n<li>Des \u00e9quipes pr\u00e9sentes sur le terrain vous informent et vous orientent<\/li>\n<li>Une plaquette avec l&rsquo;ensemble des parkings pour pr\u00e9parer votre d\u00e9placement (ci-dessous)<\/li>\n<\/ul>\n<p>Mieux circuler en centre-ville<\/p>\n<p>Pour mieux circuler, pensez aux mobilit\u00e9s douces (v\u00e9lo, trottinette) et aux transports en commun : le m\u00e9tro dessert parfaitement le centre-ville, et les parkings relais offrent une solution pratique en p\u00e9riph\u00e9rie.<\/p>\n<p><strong>La Maison des Mobilit\u00e9s Durables vous accompagne :<\/strong><\/p>\n<p>\nPlace Fran\u00e7ois Mitterrand (entre les 2 gares)<br \/><a href=\"https:\/\/www.lille.fr\/Actualites\/mailto:maisondesmobilitesdurables@mairie-lille.fr\" title=\"Cliquez pour ouvrir votre messagerie\" target=\"_self\" class=\"lien_interne\" rel=\"noopener\">maisondesmobilitesdurables@mairie-lille.fr <\/a><br \/>03 20 55 97 95<\/p>\n<p>Ouvert du mardi au vendredi 10h-18h \/ Le samedi 9h30-13h<\/p>\n","protected":false},"excerpt":{"rendered":"Du 22 novembre au 27 d\u00e9cembre, \u00e0 l&rsquo;occasion des f\u00eates des fin d&rsquo;ann\u00e9e, le centre-ville de Lille est&hellip;\n","protected":false},"author":2,"featured_media":550748,"comment_status":"","ping_status":"","sticky":false,"template":"","format":"standard","meta":{"footnotes":""},"categories":[2815],"tags":[1111,11,4763,1777,674,1011,27,811,1307,5415,12,25],"class_list":{"0":"post-550747","1":"post","2":"type-post","3":"status-publish","4":"format-standard","5":"has-post-thumbnail","7":"category-lille","8":"tag-actu","9":"tag-actualites","10":"tag-agenda","11":"tag-eu","12":"tag-europe","13":"tag-fr","14":"tag-france","15":"tag-hauts-de-france","16":"tag-lille","17":"tag-mairie","18":"tag-news","19":"tag-republique-francaise"},"share_on_mastodon":{"url":"https:\/\/pubeurope.com\/@fr\/115591978476235970","error":""},"_links":{"self":[{"href":"https:\/\/www.europesays.com\/fr\/wp-json\/wp\/v2\/posts\/550747","targetHints":{"allow":["GET"]}}],"collection":[{"href":"https:\/\/www.europesays.com\/fr\/wp-json\/wp\/v2\/posts"}],"about":[{"href":"https:\/\/www.europesays.com\/fr\/wp-json\/wp\/v2\/types\/post"}],"author":[{"embeddable":true,"href":"https:\/\/www.europesays.com\/fr\/wp-json\/wp\/v2\/users\/2"}],"replies":[{"embeddable":true,"href":"https:\/\/www.europesays.com\/fr\/wp-json\/wp\/v2\/comments?post=550747"}],"version-history":[{"count":0,"href":"https:\/\/www.europesays.com\/fr\/wp-json\/wp\/v2\/posts\/550747\/revisions"}],"wp:featuredmedia":[{"embeddable":true,"href":"https:\/\/www.europesays.com\/fr\/wp-json\/wp\/v2\/media\/550748"}],"wp:attachment":[{"href":"https:\/\/www.europesays.com\/fr\/wp-json\/wp\/v2\/media?parent=550747"}],"wp:term":[{"taxonomy":"category","embeddable":true,"href":"https:\/\/www.europesays.com\/fr\/wp-json\/wp\/v2\/categories?post=550747"},{"taxonomy":"post_tag","embeddable":true,"href":"https:\/\/www.europesays.com\/fr\/wp-json\/wp\/v2\/tags?post=550747"}],"curies":[{"name":"wp","href":"https:\/\/api.w.org\/{rel}","templated":true}]}}