{"id":550749,"date":"2025-11-22T06:40:14","date_gmt":"2025-11-22T06:40:14","guid":{"rendered":"https:\/\/www.europesays.com\/fr\/550749\/"},"modified":"2025-11-22T06:40:14","modified_gmt":"2025-11-22T06:40:14","slug":"ces-femmes-se-retrouvent-sdf-faute-de-soutien-des-pouvoirs-publics","status":"publish","type":"post","link":"https:\/\/www.europesays.com\/fr\/550749\/","title":{"rendered":"ces femmes se retrouvent SDF, faute de soutien des pouvoirs publics"},"content":{"rendered":"<p>En effet, en France, la loi impose aux conseils d\u00e9partementaux d\u2019h\u00e9berger de fa\u00e7on inconditionnelle les femmes isol\u00e9es et\/ou m\u00e8res d\u2019au moins un enfant de 3\u00a0ans \u00e0 la rue.<\/p>\n<p>31\u00a0enfants morts \u00e0 la rue en\u00a02024<\/p>\n<p>C\u2019est pour cette raison que le tribunal administratif de Marseille, le 22\u00a0septembre et le 2\u00a0octobre\u00a02025, avait enjoint le D\u00e9partement d\u2019h\u00e9berger imm\u00e9diatement deux femmes &#8211;\u00a0dont l\u2019une enceinte de 8 mois\u00a0&#8211; et leurs 3 enfants, qui avaient d\u00e9j\u00e0 pass\u00e9 plusieurs semaines \u00e0 la rue. Mais \u00ab\u00a0plus d\u2019un mois s\u2019est \u00e9coul\u00e9 depuis ce jugement et aucune proposition ne leur a \u00e9t\u00e9 faite. Le Conseil d\u00e9partemental se soustrait \u00e0 ses obligations l\u00e9gales\u00a0\u00bb, s\u2019indigne aujourd\u2019hui <a href=\"https:\/\/www.laprovence.com\/article\/societe\/2091970596941915\/francis-vernede-la-proposition-de-loi-zero-logement-bouilloire-est-une-premiere-brique\" target=\"_blank\" rel=\"noopener\">Francis Vern\u00e8de<\/a>. \u00ab\u00a0C\u2019est inacceptable.\u00a0\u00bb Les deux femmes, dont le cas n\u2019est pas isol\u00e9, ont \u00e9t\u00e9 plac\u00e9es \u00e0 l\u2019h\u00f4tel par la Fondation pour le logement et le R\u00e9seau Hospitalit\u00e9 Marseille. \u00ab\u00a0Une solution provisoire\u00a0\u00bb, aucune des associations ne pouvant financer un h\u00e9bergement p\u00e9renne.<\/p>\n<p>Contact\u00e9e par La Provence, la collectivit\u00e9 pr\u00e9sid\u00e9e par Martine Vassal (DVD) nous a r\u00e9pondu par \u00e9crit\u00a0: \u00ab\u00a0La situation tr\u00e8s tendue en mati\u00e8re de logement sur le d\u00e9partement, la pr\u00e9carit\u00e9 croissante des publics et les situations administratives complexes de certaines familles, des cas de plus en plus fr\u00e9quents de familles d\u00e9bout\u00e9es du droit d\u2019asile qui rel\u00e8vent de la responsabilit\u00e9 de l\u2019\u00c9tat dans la ma\u00eetrise des flux migratoires, conduisent \u00e0 une embolisation de ces dispositifs, qui accueillent parfois ces femmes isol\u00e9es et leurs enfants durant plusieurs mois voire plusieurs ann\u00e9es, alors qu\u2019ils ne devraient \u00eatre qu\u2019une solution transitoire.\u00a0\u00bb<\/p>\n<p>Une r\u00e9ponse qui ne satisfait pas la Fondation pour le logement Paca\u00a0: \u00ab\u00a0L\u2019h\u00e9bergement des personnes vuln\u00e9rables est inconditionnel et sa non-ex\u00e9cution ne peut donc \u00eatre justifi\u00e9e par la nationalit\u00e9 des gens.\u00a0\u00bb<\/p>\n<p><a href=\"https:\/\/www.laprovence.com\/article\/societe\/3584661900774714\/precarite-et-crise-du-logement-pour-140-enfants-de-paca-une-rentree-a-la-rue\" target=\"_blank\" rel=\"noopener\">En\u00a02024, 912 personnes, dont 31 enfants, sont mortes dans la rue en France<\/a>. Selon l\u2019Unicef, le nombre d\u2019enfants sans abri a progress\u00e9 de 6% depuis\u00a02024, mais de 30% depuis\u00a02022.<\/p>\n","protected":false},"excerpt":{"rendered":"En effet, en France, la loi impose aux conseils d\u00e9partementaux d\u2019h\u00e9berger de fa\u00e7on inconditionnelle les femmes isol\u00e9es et\/ou&hellip;\n","protected":false},"author":2,"featured_media":550750,"comment_status":"","ping_status":"","sticky":false,"template":"","format":"standard","meta":{"footnotes":""},"categories":[2814],"tags":[17,1111,11,3396,9122,28944,1719,1777,674,274,4651,1011,27,884,2561,12,882,25,1100],"class_list":{"0":"post-550749","1":"post","2":"type-post","3":"status-publish","4":"format-standard","5":"has-post-thumbnail","7":"category-marseille","8":"tag-17","9":"tag-actu","10":"tag-actualites","11":"tag-avec","12":"tag-ces","13":"tag-enceinte","14":"tag-enfants","15":"tag-eu","16":"tag-europe","17":"tag-faits-divers-justice","18":"tag-femmes","19":"tag-fr","20":"tag-france","21":"tag-marseille","22":"tag-mois","23":"tag-news","24":"tag-provence-alpes-cote-dazur","25":"tag-republique-francaise","26":"tag-trois"},"share_on_mastodon":{"url":"https:\/\/pubeurope.com\/@fr\/115591985638431595","error":""},"_links":{"self":[{"href":"https:\/\/www.europesays.com\/fr\/wp-json\/wp\/v2\/posts\/550749","targetHints":{"allow":["GET"]}}],"collection":[{"href":"https:\/\/www.europesays.com\/fr\/wp-json\/wp\/v2\/posts"}],"about":[{"href":"https:\/\/www.europesays.com\/fr\/wp-json\/wp\/v2\/types\/post"}],"author":[{"embeddable":true,"href":"https:\/\/www.europesays.com\/fr\/wp-json\/wp\/v2\/users\/2"}],"replies":[{"embeddable":true,"href":"https:\/\/www.europesays.com\/fr\/wp-json\/wp\/v2\/comments?post=550749"}],"version-history":[{"count":0,"href":"https:\/\/www.europesays.com\/fr\/wp-json\/wp\/v2\/posts\/550749\/revisions"}],"wp:featuredmedia":[{"embeddable":true,"href":"https:\/\/www.europesays.com\/fr\/wp-json\/wp\/v2\/media\/550750"}],"wp:attachment":[{"href":"https:\/\/www.europesays.com\/fr\/wp-json\/wp\/v2\/media?parent=550749"}],"wp:term":[{"taxonomy":"category","embeddable":true,"href":"https:\/\/www.europesays.com\/fr\/wp-json\/wp\/v2\/categories?post=550749"},{"taxonomy":"post_tag","embeddable":true,"href":"https:\/\/www.europesays.com\/fr\/wp-json\/wp\/v2\/tags?post=550749"}],"curies":[{"name":"wp","href":"https:\/\/api.w.org\/{rel}","templated":true}]}}