{"id":550753,"date":"2025-11-22T06:42:21","date_gmt":"2025-11-22T06:42:21","guid":{"rendered":"https:\/\/www.europesays.com\/fr\/550753\/"},"modified":"2025-11-22T06:42:21","modified_gmt":"2025-11-22T06:42:21","slug":"les-mobilisations-de-ce-samedi","status":"publish","type":"post","link":"https:\/\/www.europesays.com\/fr\/550753\/","title":{"rendered":"les mobilisations de ce samedi"},"content":{"rendered":"<p>\u00c0 l\u2019occasion de la journ\u00e9e internationale pour l\u2019\u00e9limination de la violence \u00e0 l\u2019\u00e9gard des femmes du 25\u00a0novembre, le Collectif droits des femmes 69, qui rassemble des associations f\u00e9ministes, mais aussi des syndicats et organisations politiques, appelle \u00e0 une manifestation ce samedi.<\/p>\n<p>En 2024, 7\u00a0000 personnes selon les organisatrices, 4\u00a0800 selon la pr\u00e9fecture, avaient manifest\u00e9 contre les violences sexistes et sexuelles, \u00e0 Lyon.<\/p>\n<p>Les revendications sont multiples\u00a0: une loi-cadre, assortie d\u2019un budget d\u2019au moins 3\u00a0milliards d\u2019euros pour lutter contre les violences sexistes et sexuelles dans toute la soci\u00e9t\u00e9, un accueil et un accompagnement dignes, s\u00e9curis\u00e9s et facilit\u00e9s pour toutes les personnes victimes de violences intrafamiliales, la formation de tous les professionnels de sant\u00e9 au consentement, la formation de tous les professionnels de l\u2019\u00e9ducation et de l\u2019enfance \u00e0 la d\u00e9tection des violences et \u00e0 la prise en charge de la parole des victimes\u2026<\/p>\n<p>  Contre le narcotrafic<\/p>\n<p>\u00c0 noter \u00e9galement, ce samedi, de nombreux rassemblements sont organis\u00e9s partout en France contre le narcotrafic et en hommage \u00e0 Mehdi Kessaci. Fr\u00e8re du militant Amine Kessaci engag\u00e9 contre le narcobanditisme, il a\u00a0\u00e9t\u00e9 tu\u00e9 par balles le 13\u00a0novembre \u00e0 Marseille. Le ministre de l\u2019Int\u00e9rieur\u00a0<a href=\"https:\/\/www.leprogres.fr\/p\/laurent-nunez\" target=\"_blank\" rel=\"noopener\">Laurent Nu\u00f1ez<\/a> a qualifi\u00e9 les faits\u00a0de \u00ab\u00a0crime d\u2019intimidation\u00a0\u00bb.<\/p>\n<p>\u00c0\u00a0Lyon, le rendez-vous est fix\u00e9 <a href=\"https:\/\/www.leprogres.fr\/faits-divers-justice\/2025\/11\/21\/assassinat-de-mehdi-kessaci-un-rassemblement-prevu-ce-samedi-devant-l-hotel-de-ville\" target=\"_blank\" rel=\"noopener\">\u00e0 13 heures place de la Com\u00e9die<\/a> , et\u00a0\u00e0 <a href=\"https:\/\/www.leprogres.fr\/faits-divers-justice\/2025\/11\/21\/narcotrafic-venissieux-rend-hommage-samedi-a-mehdi-kessaci-pour-refuser-l-escalade-de-la-violence\" target=\"_blank\" rel=\"noopener\">V\u00e9nissieux \u00e0 15 heures<\/a> , \u00e0 l\u2019H\u00f4tel de ville.<\/p>\n","protected":false},"excerpt":{"rendered":"\u00c0 l\u2019occasion de la journ\u00e9e internationale pour l\u2019\u00e9limination de la violence \u00e0 l\u2019\u00e9gard des femmes du 25\u00a0novembre, le&hellip;\n","protected":false},"author":2,"featured_media":550754,"comment_status":"","ping_status":"","sticky":false,"template":"","format":"standard","meta":{"footnotes":""},"categories":[1889],"tags":[1111,11,2430,2757,1777,674,6757,107,1011,27,2428,2756,12,25,2429,104],"class_list":{"0":"post-550753","1":"post","2":"type-post","3":"status-publish","4":"format-standard","5":"has-post-thumbnail","7":"category-lyon","8":"tag-actu","9":"tag-actualites","10":"tag-auvergne-rhone-alpes","11":"tag-edition-lyon-villeurbanne","12":"tag-eu","13":"tag-europe","14":"tag-feminisme","15":"tag-fil-info","16":"tag-fr","17":"tag-france","18":"tag-lyon","19":"tag-lyon-bassin","20":"tag-news","21":"tag-republique-francaise","22":"tag-rhone","23":"tag-societe"},"share_on_mastodon":{"url":"https:\/\/pubeurope.com\/@fr\/115591993475969677","error":""},"_links":{"self":[{"href":"https:\/\/www.europesays.com\/fr\/wp-json\/wp\/v2\/posts\/550753","targetHints":{"allow":["GET"]}}],"collection":[{"href":"https:\/\/www.europesays.com\/fr\/wp-json\/wp\/v2\/posts"}],"about":[{"href":"https:\/\/www.europesays.com\/fr\/wp-json\/wp\/v2\/types\/post"}],"author":[{"embeddable":true,"href":"https:\/\/www.europesays.com\/fr\/wp-json\/wp\/v2\/users\/2"}],"replies":[{"embeddable":true,"href":"https:\/\/www.europesays.com\/fr\/wp-json\/wp\/v2\/comments?post=550753"}],"version-history":[{"count":0,"href":"https:\/\/www.europesays.com\/fr\/wp-json\/wp\/v2\/posts\/550753\/revisions"}],"wp:featuredmedia":[{"embeddable":true,"href":"https:\/\/www.europesays.com\/fr\/wp-json\/wp\/v2\/media\/550754"}],"wp:attachment":[{"href":"https:\/\/www.europesays.com\/fr\/wp-json\/wp\/v2\/media?parent=550753"}],"wp:term":[{"taxonomy":"category","embeddable":true,"href":"https:\/\/www.europesays.com\/fr\/wp-json\/wp\/v2\/categories?post=550753"},{"taxonomy":"post_tag","embeddable":true,"href":"https:\/\/www.europesays.com\/fr\/wp-json\/wp\/v2\/tags?post=550753"}],"curies":[{"name":"wp","href":"https:\/\/api.w.org\/{rel}","templated":true}]}}