{"id":550755,"date":"2025-11-22T06:43:19","date_gmt":"2025-11-22T06:43:19","guid":{"rendered":"https:\/\/www.europesays.com\/fr\/550755\/"},"modified":"2025-11-22T06:43:19","modified_gmt":"2025-11-22T06:43:19","slug":"lyon-le-plan-secret-de-jean-michel-aulas-pour-partir-a-la-conquete-de-la-metropole","status":"publish","type":"post","link":"https:\/\/www.europesays.com\/fr\/550755\/","title":{"rendered":"Lyon. Le plan secret de Jean-Michel Aulas pour partir \u00e0 la conqu\u00eate de la M\u00e9tropole"},"content":{"rendered":"<p>                    Par<br \/>\n        <strong><br \/>\n            <a href=\"https:\/\/actu.fr\/auteur\/nicolas-zaugra\" title=\"Consulter tous les articles de Nicolas Zaugra\" target=\"_blank\" rel=\"noopener\">Nicolas Zaugra<\/a><br \/>\n                    <\/strong><\/p>\n<p>        Publi\u00e9 le<\/p>\n<p>            22 nov. 2025 \u00e0 7h18        <\/p>\n<p>Apr\u00e8s <a href=\"https:\/\/actu.fr\/auvergne-rhone-alpes\/lyon_69123\/lyon-jean-michel-aulas-en-proces-contre-un-media-independant-la-justice-doit-trancher_63456100.html\" target=\"_blank\" rel=\"noopener\">Jean-Michel Aulas<\/a> \u00e0 la conqu\u00eate de la mairie de <a href=\"https:\/\/actu.fr\/auvergne-rhone-alpes\/lyon_69123\" target=\"_blank\" rel=\"noopener\">Lyon<\/a>, vise-t-il la <strong>M\u00e9tropole de Lyon<\/strong> \u00e9galement g\u00e9r\u00e9e par les \u00e9cologistes ? Les deux \u00e9lections, au suffrage direct, se d\u00e9roulent en m\u00eame temps en mars 2026. Et le candidat port\u00e9 par une dynamique incontestable dans les sondages (47% au premier tour et vainqueur sur <a href=\"https:\/\/actu.fr\/auvergne-rhone-alpes\/lyon_69123\/sondage-municipales-2026-a-lyon-la-vague-jean-michel-aulas-submerge-gregory-doucet_63465741.html\" target=\"_blank\" rel=\"noopener\">Gr\u00e9gory Doucet<\/a> au second) vise bien la super collectivit\u00e9 aux pouvoirs \u00e9tendus (transports, voirie, d\u00e9veloppement \u00e9conomique, logement, urbanisme\u2026). Selon nos informations, son mouvement \u00ab\u00a0Grand Coeur Lyonnais\u00a0\u00bb du nom de son mouvement sera lanc\u00e9 en d\u00e9cembre. Voici ce qui se trame en <strong>coulisses<\/strong>.<\/p>\n<p>14 listes \u00ab\u00a0Grand Coeur Lyonnais\u00a0\u00bb en pr\u00e9paration<\/p>\n<p class=\" wall-content\">En parall\u00e8le de sa campagne municipale, qui se poursuit \u2013 le <a href=\"https:\/\/actu.fr\/auvergne-rhone-alpes\/lyon_69123\/municipales-2026-a-lyon-jean-michel-aulas-a-choisi-qui-dirige-sa-campagne-voici-les-noms_63462763.html\" target=\"_blank\" rel=\"noopener\">candidat a nomm\u00e9 trois directrices de campagne<\/a> \u2013 Jean-Michel Aulas pr\u00e9pare une autre conqu\u00eate, celle de la M\u00e9tropole o\u00f9 se concentrent l\u2019essentiel des pouvoirs et des budgets.<\/p>\n<p class=\" wall-content\">La ZFE c\u2019est l\u00e0 que \u00e7a se joue, comme le d\u00e9veloppement des pistes cyclables, des transports en commun en le lien du Sytral ou le logement. Et la plupart de ses promesses de campagne sont fl\u00e9ch\u00e9es vers la M\u00e9tropole, de la <a href=\"https:\/\/actu.fr\/auvergne-rhone-alpes\/lyon_69123\/lyon-tcl-gratuits-pour-les-lyonnais-les-nombreuses-questions-derriere-la-promesse-d-aulas_63334585.html\" target=\"_blank\" rel=\"noopener\">gratuit\u00e9 des TCL<\/a> en passant par la relance du logement, la suppression de l\u2019encadrement des loyers, le d\u00e9veloppement du m\u00e9tro\u2026<\/p>\n<p class=\" wall-content\">\u00ab\u00a0Le maire de Lyon ne peut pas se d\u00e9sint\u00e9resser de la M\u00e9tropole. Gr\u00e9gory Doucet \u00e9tait aux abonn\u00e9s absent pendant son mandat, il s\u2019est fait marcher dessus par Bruno Bernard\u00a0\u00bb, attaque un proche d\u2019Aulas. Comprendre, \u00e7a ne sera pas le cas de Jean-Michel Aulas s\u2019il est maire.\u00a0<\/p>\n<blockquote class=\"ac-article-quote wall-content\">\n<p>Jean-Michel ne peut pas se d\u00e9sint\u00e9resser de la M\u00e9tropole comme Gr\u00e9gory Doucet pendant six ans. On compte ses interventions sur les doigts d&rsquo;une main.<\/p>\n<p>    <strong>Proche d&rsquo;Aulas<\/strong>\n            <\/p><\/blockquote>\n<p class=\" wall-content\">Le maire de Lyon et le pr\u00e9sident de la m\u00e9tropole \u00ab\u00a0doivent \u00eatre align\u00e9s\u00a0\u00bb sur la vision, estime Alexandre Vincendet, le maire Horizons de Rillieux-la-Pape. C\u2019est d\u2019ailleurs le premier \u00e9lu de poids \u00e0 annoncer officiellement, jeudi chez <a href=\"https:\/\/www.bfmtv.com\/lyon\/info-bfm-lyon-le-maire-de-rillieux-la-pape-alexandre-vincendet-annonce-soutenir-jean-michel-aulas-pour-les-municipales_AN-202511200773.html\" target=\"_blank\" rel=\"noopener\">BFM Lyon<\/a>, qu\u2019il conduira une liste \u00ab\u00a0Grand Coeur Lyonnais\u00a0\u00bb dans sa circonscription du plateau-nord.<\/p>\n<p class=\" wall-content\">\n<p class=\" wall-content\">Aulas et ses \u00e9quipes pr\u00e9parent bien 14 listes y compris bien s\u00fbr dans les six circonscriptions lyonnais m\u00e9tropolitaines dont l\u2019une sera conduite par l\u2019ancien pr\u00e9sident de l\u2019OL. Un nom est tout trouv\u00e9 : <strong>\u00ab\u00a0Grand Coeur Lyonnais\u00a0\u00bb<\/strong> comme \u00ab\u00a0Coeur Lyonnais\u00a0\u00bb son mouvement municipal lanc\u00e9 en septembre.<\/p>\n<p>Votre r\u00e9gion, votre actu !<\/p>\n<p>Recevez chaque jour les infos qui comptent pour vous.<\/p>\n<p>\t<a href=\"https:\/\/actu.fr\/newsletter\" class=\"ac-btn ac-btn--corner ac-btn--medium ac-btn--blue800\" target=\"_blank\" rel=\"noopener\">S&rsquo;incrire<\/a><br \/>\n\u00ab\u00a0Je ne veux pas \u00eatre pr\u00e9sident\u00a0\u00bb&#8230; mais vice-pr\u00e9sident<\/p>\n<p>Lors d&rsquo;un d\u00e9placement \u00e0 la Vogue des marrons d\u00e9but novembre, Jean-Michel Aulas a \u00e9vacu\u00e9 toute ambition de pr\u00e9sider la M\u00e9tropole. \u00ab\u00a0Je ne veux pas \u00eatre pr\u00e9sident, je n&rsquo;ai pas vocation \u00e0 le devenir\u00a0\u00bb, dit-il. Mais jeudi, le candidat a assur\u00e9 devant la chambre syndicale des propri\u00e9taires qu&rsquo;il visait un poste de&#8230; vice-pr\u00e9sident sans dire lequel.<\/p>\n<p>Des discussions tr\u00e8s difficiles avec V\u00e9ronique Sarselli des R\u00e9publicains<\/p>\n<p class=\" wall-content\">Selon nos informations, Aulas esp\u00e8re lancer son offensive m\u00e9tropolitaine en d\u00e9cembre et finaliser ses listes en f\u00e9vrier mais pour \u00e7a il lui faut une <strong>large alliance du centre et de la droite dont Les R\u00e9publicains<\/strong>. Et c\u2019est avec la principale cheffe de file de la campagne, <a href=\"https:\/\/actu.fr\/auvergne-rhone-alpes\/lyon_69123\/lyon-je-ferai-sauter-la-ztl-et-les-bouchons-la-promesse-choc-de-veronique-sarselli_63313584.html\" target=\"_blank\" rel=\"noopener\">V\u00e9ronique Sarselli<\/a> (LR), maire de Sainte-Foy-l\u00e8s-Lyon, que \u00e7a coince.<\/p>\n<p class=\" wall-content\">Le 13 novembre dernier, <strong>elle s\u2019affiche avec 30 maires de la m\u00e9tropole<\/strong> mais l\u2019\u00e9quipe de Jean-Michel Aulas aurait \u00e9t\u00e9 officiellement inform\u00e9 le jour m\u00eame apr\u00e8s la conf\u00e9rence de presse.<\/p>\n<p class=\" wall-content\">Un \u00e9v\u00e9nement qui est pr\u00e9sent\u00e9 comme un coup de pression lanc\u00e9 \u00e0 Aulas pour qu\u2019il rejoigne la candidate. Et c\u2019est mal conna\u00eetre l\u2019ancien boss de l\u2019OL qui d\u00e9teste la m\u00e9thode et le lui fait savoir. Dans la foul\u00e9e, elle annule en catastrophe une \u00e9mission ce jeudi sur BFM Lyon remplac\u00e9e au pied lev\u00e9 par\u2026 Alexandre Vincendet qui vient dire tout le bien qu\u2019il pense de JMA \u00ab\u00a0seul en capacit\u00e9 de nous faire gagner la M\u00e9tropole face aux \u00e9cologistes\u00a0\u00bb.<\/p>\n<p>    <img   decoding=\"async\" loading=\"lazy\" src=\"https:\/\/www.europesays.com\/fr\/wp-content\/uploads\/2025\/11\/veronique-sarselli-lr-lyon-960x640.jpg\" alt=\"La candidate LR \u00e0 la M\u00e9tropole de Lyon V\u00e9ronique Sarselli lors d'une conf\u00e9rence de presse en avril 2025.\" width=\"960\" height=\"640\"\/><br \/>\n    La candidate LR \u00e0 la M\u00e9tropole de Lyon V\u00e9ronique Sarselli lors d\u2019une conf\u00e9rence de presse en avril 2025. (\u00a9Nicolas Zaugra\/ actu Lyon)Suppression de la ZTL, voies bus\u2026 Des propositions qui coincent<\/p>\n<p class=\" wall-content\">Une alliance entre Sarselli et Aulas serait toutefois imminente selon nos informations apr\u00e8s de difficiles relations. D\u00e9but novembre encore, lors d\u2019un \u00e9change priv\u00e9 entre les deux, aucun accord n\u2019\u00e9tait trouv\u00e9.<\/p>\n<p class=\" wall-content\">Les <strong>propositions \u00ab\u00a0choc\u00a0\u00bb de V\u00e9ronique Sarselli ne passent pas aupr\u00e8s de Jean-Michel Aulas<\/strong> : supprimer purement et simplement la ZTL en Presqu\u2019\u00eele, rouvrir les voies de bus aux voitures, lancer un <a href=\"https:\/\/actu.fr\/auvergne-rhone-alpes\/lyon_69123\/arnaques-a-domicile-la-proposition-choc-de-cette-candidate-a-la-metropole-de-lyon-moquee_63387776.html\" target=\"_blank\" rel=\"noopener\">bouton anti-arnaques pour les personnes \u00e2g\u00e9es<\/a>. \u00ab\u00a0Nous n\u2019avons \u00e9t\u00e9 inform\u00e9 de rien\u00a0\u00bb, regrette l\u2019entourage du chef d\u2019entreprise.<\/p>\n<p class=\" wall-content\">Dans son propre camp, elle ne fait pas l\u2019unanimit\u00e9 non plus. \u00ab\u00a0Elle n\u2019incarne pas\u00a0\u00bb, \u00ab\u00a0sa communication n\u2019imprime pas\u00a0\u00bb, \u00ab\u00a0elle n\u2019est pas transparente\u00a0\u00bb, \u00ab\u00a0ne dialogue pas\u00a0\u00bb sont les quelques qualificatifs souffl\u00e9s en off par des maires de son parti\u2026<\/p>\n<p class=\" wall-content\">L\u2019\u00e9lue de l\u2019ouest lyonnais peut-elle se faire d\u00e9brancher ? Dans le camp Aulas on jure que non mais dans sa propre famille certains en r\u00eavent car Jean-Michel Aulas n\u2019a aucun mal \u00e0 dealer avec LR la pr\u00e9sidence de la m\u00e9tropole en cas de victoire. \u00ab\u00a0Il ne conteste pas la demande de leadership de LR pour la pr\u00e9sidence de la m\u00e9tropole\u00a0\u00bb, nous souffle-t-on.<\/p>\n<p>\u00ab\u00a0Il peut faire basculer des circonscriptions de gauche\u00a0\u00bb<\/p>\n<p class=\" wall-content\">Autour de Jean-Michel Aulas, on assure que la victoire de l\u2019opposition \u00e0 la M\u00e9tropole a nettement plus de chances de se r\u00e9aliser avec la marque \u00ab\u00a0JMA\u00a0\u00bb sur les listes.<\/p>\n<p class=\" wall-content\">Pour \u00e7a, ses conseillers s\u2019appuient sur les derniers bons sondages qui montrent d\u2019excellents scores chez les ouvriers et les employ\u00e9s, on parie sur des bascules possibles sur les territoires de <strong>Villeurbanne, Vaulx-en-Velin ou V\u00e9nissieux<\/strong>. \u00ab\u00a0Vous mettez Aulas dans un quartier populaire, en bas d\u2019une barre d\u2019immeuble, c\u2019est un tabac\u00a0\u00bb, s\u2019enthousiasme un membre de sa garde rapproch\u00e9e.<\/p>\n<p>De premiers ralliements arrivent<\/p>\n<p class=\" wall-content\">En tout cas, le candidat a obtenu le <strong>ralliement d\u2019un premier groupe d\u2019opposition de la M\u00e9tropole<\/strong> en fin de semaine, Synergie et ses 16 \u00e9lus. \u00ab\u00a0L\u2019objectif est clair : rassembler largement pour redonner \u00e0 la M\u00e9tropole un cap lisible, une ambition cr\u00e9dible et une gouvernance \u00e0 la hauteur des enjeux\u00a0\u00bb, \u00e9crit son pr\u00e9sident Marc Grivel dans un communiqu\u00e9. \u00ab\u00a0Synergies rejoint pleinement la d\u00e9marche programmatique engag\u00e9e par C\u0153ur Lyonnais. Les priorit\u00e9s qui \u00e9mergent sont convergentes\u00a0\u00bb, expliquent ces \u00e9lus.<\/p>\n<p class=\" wall-content\">Et l\u2019alliance large comme \u00e0 la Ville est plut\u00f4t bien partie : Horizons l\u2019a rejoint avec Alexandre Vincendet et les macronistes de Renaissance vont suivre. Une \u00e9tape ais\u00e9e, la chef de file du mouvement \u00e0 la M\u00e9tropole est Sarah Peillon, l\u2019une des directrices de campagne de JMA. Il restera ensuite \u00e0 boucler avec les LR, \u00ab\u00a0une question de jours\u00a0\u00bb et attirer des profils de la \u00ab\u00a0soci\u00e9t\u00e9 civile\u00a0\u00bb.\u00a0<\/p>\n<p class=\" wall-content\">Bruno Bernard l\u2019\u00e9cologiste peut-il \u00eatre bouscul\u00e9 par Jean-Michel Aulas apr\u00e8s Gr\u00e9gory Doucet \u00e0 la mairie de Lyon ? La tension risque aussi de se d\u00e9placer \u00e0 la M\u00e9tropole\u2026<\/p>\n<p class=\" wall-content\">Personnalisez votre actualit\u00e9 en ajoutant vos villes et m\u00e9dias en favori avec <a href=\"https:\/\/moncompte.actu.fr\" title=\"D\u00e9couvez Mon Actu\" rel=\"nofollow noopener\" data-trk=\"{&quot;cta&quot;:{&quot;action&quot;:&quot;https:\\\/\\\/moncompte.actu.fr&quot;,&quot;category&quot;:&quot;mon compte&quot;,&quot;from&quot;:&quot;article footer&quot;,&quot;name&quot;:&quot;Mon actu&quot;,&quot;type&quot;:&quot;cta&quot;}}\" target=\"_blank\">Mon Actu<\/a>.<\/p>\n","protected":false},"excerpt":{"rendered":"Par Nicolas Zaugra Publi\u00e9 le 22 nov. 2025 \u00e0 7h18 Apr\u00e8s Jean-Michel Aulas \u00e0 la conqu\u00eate de la&hellip;\n","protected":false},"author":2,"featured_media":550756,"comment_status":"","ping_status":"","sticky":false,"template":"","format":"standard","meta":{"footnotes":""},"categories":[1889],"tags":[1111,11,2430,5921,4188,1777,674,1011,27,5227,2428,3434,12,316,25],"class_list":{"0":"post-550755","1":"post","2":"type-post","3":"status-publish","4":"format-standard","5":"has-post-thumbnail","7":"category-lyon","8":"tag-actu","9":"tag-actualites","10":"tag-auvergne-rhone-alpes","11":"tag-bruno-bernard","12":"tag-elections-municipales","13":"tag-eu","14":"tag-europe","15":"tag-fr","16":"tag-france","17":"tag-jean-michel-aulas","18":"tag-lyon","19":"tag-municipales-2026","20":"tag-news","21":"tag-politique","22":"tag-republique-francaise"},"share_on_mastodon":{"url":"https:\/\/pubeurope.com\/@fr\/115591998501637548","error":""},"_links":{"self":[{"href":"https:\/\/www.europesays.com\/fr\/wp-json\/wp\/v2\/posts\/550755","targetHints":{"allow":["GET"]}}],"collection":[{"href":"https:\/\/www.europesays.com\/fr\/wp-json\/wp\/v2\/posts"}],"about":[{"href":"https:\/\/www.europesays.com\/fr\/wp-json\/wp\/v2\/types\/post"}],"author":[{"embeddable":true,"href":"https:\/\/www.europesays.com\/fr\/wp-json\/wp\/v2\/users\/2"}],"replies":[{"embeddable":true,"href":"https:\/\/www.europesays.com\/fr\/wp-json\/wp\/v2\/comments?post=550755"}],"version-history":[{"count":0,"href":"https:\/\/www.europesays.com\/fr\/wp-json\/wp\/v2\/posts\/550755\/revisions"}],"wp:featuredmedia":[{"embeddable":true,"href":"https:\/\/www.europesays.com\/fr\/wp-json\/wp\/v2\/media\/550756"}],"wp:attachment":[{"href":"https:\/\/www.europesays.com\/fr\/wp-json\/wp\/v2\/media?parent=550755"}],"wp:term":[{"taxonomy":"category","embeddable":true,"href":"https:\/\/www.europesays.com\/fr\/wp-json\/wp\/v2\/categories?post=550755"},{"taxonomy":"post_tag","embeddable":true,"href":"https:\/\/www.europesays.com\/fr\/wp-json\/wp\/v2\/tags?post=550755"}],"curies":[{"name":"wp","href":"https:\/\/api.w.org\/{rel}","templated":true}]}}