{"id":550757,"date":"2025-11-22T06:45:22","date_gmt":"2025-11-22T06:45:22","guid":{"rendered":"https:\/\/www.europesays.com\/fr\/550757\/"},"modified":"2025-11-22T06:45:22","modified_gmt":"2025-11-22T06:45:22","slug":"lile-de-france-en-vigilance-orange-neige-verglas-pour-la-nuit-de-samedi-a-dimanche","status":"publish","type":"post","link":"https:\/\/www.europesays.com\/fr\/550757\/","title":{"rendered":"l\u2019\u00cele de France en vigilance orange neige-verglas pour la nuit de samedi \u00e0 dimanche"},"content":{"rendered":"<p>        <img decoding=\"async\" loading=\"lazy\" src=\"https:\/\/www.europesays.com\/fr\/wp-content\/uploads\/2025\/11\/87df890_sirius-fs-upload-1-vrdwrga2ntin-1736263613731-000-34kp9g6.jpg\"  width=\"728\" height=\"409\" alt=\"La neige devrait tenir sur le sol francilien durant la nuit de samedi \u00e0 dimanche. Cons\u00e9quence, toute la r\u00e9gion est en vigilance orange.\"\/>  <\/p>\n<p>JEAN-PHILIPPE KSIAZEK \/ AFP<\/p>\n<p>La neige devrait tenir sur le sol francilien durant la nuit de samedi \u00e0 dimanche. Cons\u00e9quence, toute la r\u00e9gion est en vigilance orange.<\/p>\n<p>      <strong>EN BREF<\/strong> <strong>\u2022 <\/strong>L\u2019\u00cele-de-France est plac\u00e9e en vigilance orange neige-verglas de samedi 20h \u00e0 dimanche 8h.<br \/>\n<br \/><strong>\u2022 <\/strong>Des chutes de neige de 5-7\u00a0cm sont pr\u00e9vues et les flocons pourraient tenir durant la nuit.<br \/>\n<br \/><strong>\u2022 <\/strong>L\u2019Auvergne pourrait \u00eatre \u00e9galement concern\u00e9e dans la journ\u00e9e.                         <\/p>\n<p class=\"asset asset-text\">Il y a la journ\u00e9e pour se pr\u00e9parer. Mais \u00e0 partir de 20\u00a0heures ce samedi 22\u00a0novembre, l\u2019ensemble des d\u00e9partements de l\u2019Ile de France seront plac\u00e9s en vigilance orange neige et verglas par <a href=\"https:\/\/www.huffingtonpost.fr\/france\/article\/neige-verglas-les-mises-en-garde-de-meteo-france-avant-la-journee-la-plus-froide_257398.html\" rel=\"nofollow noopener\" target=\"_blank\">M\u00e9t\u00e9o France<\/a>. Ils devraient le rester toute la nuit, <a href=\"https:\/\/www.huffingtonpost.fr\/france\/article\/le-froid-s-intensifie-en-france-le-ministre-des-transports-prevoit-un-week-end-de-galeres_257352.html\" rel=\"nofollow noopener\" target=\"_blank\">jusqu\u2019\u00e0 dimanche matin<\/a> 8\u00a0heures.<\/p>\n<p class=\"asset asset-text\">\u00ab\u00a0En soir\u00e9e de samedi et cours de nuit de samedi \u00e0 dimanche, la pr\u00e9sence d\u2019air froid favorisera les pr\u00e9cipitations neigeuses\u00a0\u00bb a indiqu\u00e9 l\u2019agence m\u00e9t\u00e9orologique dans son bulletin de 06H00. \u00ab\u00a0Une perturbation pluvieuse rentre par la Bretagne\u00a0\u00bb explique M\u00e9t\u00e9o France, elle \u00ab\u00a0va progresser lentement vers l\u2019est et (&#8230;) abordera une large bande centrale du pays\u00a0\u00bb.<\/p>\n<p class=\"asset asset-text\">\u00ab\u00a0Au contact de l\u2019air plus froid, les pr\u00e9cipitations se feront sous forme de neige ou localement de pluies vergla\u00e7antes\u00a0\u00bb souligne la m\u00eame source. \u00ab\u00a0<a href=\"https:\/\/www.huffingtonpost.fr\/france\/video\/meteo-la-neige-est-tombee-le-nord-est-du-pays-s-est-reveille-sous-un-paysage-blanc_257310.html\" rel=\"nofollow noopener\" target=\"_blank\">La tenue au sol<\/a> est attendue avec 5 \u00e0 7\u00a0cm sur la moiti\u00e9 ouest de la r\u00e9gion parisienne et 2 \u00e0 5\u00a0cm sur la moiti\u00e9 est. Pour Paris et la Petite Couronne, 1 \u00e0 2\u00a0cm de neige au sol sont attendus,\u00a0\u00bb selon le site de M\u00e9t\u00e9o France, qui pr\u00e9cise que la neige devrait \u00ab\u00a0fondre \u00e0 partir de la mi-journ\u00e9e \u00e0 la faveur d\u2019un net redoux\u00a0\u00bb.<\/p>\n<p> La lecture de ce contenu est susceptible d\u2019entra\u00eener un d\u00e9p\u00f4t de cookies de la part de l\u2019op\u00e9rateur tiers qui l\u2019h\u00e9berge. Compte-tenu des choix que vous avez exprim\u00e9s en mati\u00e8re de d\u00e9p\u00f4t de cookies, nous avons bloqu\u00e9 l\u2019affichage de ce contenu. Si vous souhaitez y acc\u00e9der, vous devez accepter la cat\u00e9gorie de cookies \u201cContenus tiers\u201d en cliquant sur le bouton ci-dessous. <\/p>\n<p> Lire la Vid\u00e9o        <\/p>\n<p class=\"asset asset-text\">Par ailleurs, le statut de vigilance des d\u00e9partements de l\u2019Auvergne, en jaune pour l\u2019heure, pourrait \u00e9voluer, pr\u00e9vient l\u2019agence, en raison de \u00ab\u00a0pluies vergla\u00e7antes assez \u00e9tendues\u00a0\u00bb.<\/p>\n<p class=\"asset asset-text\">Alors que le pays est touch\u00e9 par <a href=\"https:\/\/www.huffingtonpost.fr\/environnement\/article\/meteo-la-neige-apres-la-douceur-le-coup-de-froid-s-amorce-sur-l-hexagone_257177.html\" rel=\"nofollow noopener\" target=\"_blank\">une masse d\u2019air froid<\/a>, les chutes de neige de samedi repr\u00e9sentent le premier \u00e9pisode neigeux de l\u2019hiver, d\u00e9crit comme \u00ab\u00a0assez bref\u00a0\u00bb mais pouvant \u00ab\u00a0impacter l\u2019activit\u00e9 humaine\u00a0\u00bb.<\/p>\n<p class=\"asset asset-text\">Ce samedi est d\u2019ailleurs consid\u00e9r\u00e9 comme la journ\u00e9e la pluie froide de la semaine, un certain redoux \u00e9tant attendu \u00e0 compter de dimanche. \u00ab\u00a0Ces temp\u00e9ratures sont situ\u00e9es 4 \u00e0 6\u00a0\u00b0C sous les normales de saison, correspondant aux valeurs habituelles des mois de d\u00e9cembre ou janvier\u00a0\u00bb, avait alert\u00e9 M\u00e9t\u00e9o France vendredi, rappelant tout de m\u00eame que cela n\u2019avait rien d\u2019exceptionnel.<\/p>\n","protected":false},"excerpt":{"rendered":"JEAN-PHILIPPE KSIAZEK \/ AFP La neige devrait tenir sur le sol francilien durant la nuit de samedi \u00e0&hellip;\n","protected":false},"author":2,"featured_media":550758,"comment_status":"","ping_status":"","sticky":false,"template":"","format":"standard","meta":{"footnotes":""},"categories":[1592],"tags":[1111,11,1777,674,1011,27,662,2487,10584,12,626,25,27202],"class_list":{"0":"post-550757","1":"post","2":"type-post","3":"status-publish","4":"format-standard","5":"has-post-thumbnail","7":"category-ile-de-france","8":"tag-actu","9":"tag-actualites","10":"tag-eu","11":"tag-europe","12":"tag-fr","13":"tag-france","14":"tag-ile-de-france","15":"tag-meteo","16":"tag-neige","17":"tag-news","18":"tag-paris","19":"tag-republique-francaise","20":"tag-vigilance-orange"},"share_on_mastodon":{"url":"https:\/\/pubeurope.com\/@fr\/115592006150778830","error":""},"_links":{"self":[{"href":"https:\/\/www.europesays.com\/fr\/wp-json\/wp\/v2\/posts\/550757","targetHints":{"allow":["GET"]}}],"collection":[{"href":"https:\/\/www.europesays.com\/fr\/wp-json\/wp\/v2\/posts"}],"about":[{"href":"https:\/\/www.europesays.com\/fr\/wp-json\/wp\/v2\/types\/post"}],"author":[{"embeddable":true,"href":"https:\/\/www.europesays.com\/fr\/wp-json\/wp\/v2\/users\/2"}],"replies":[{"embeddable":true,"href":"https:\/\/www.europesays.com\/fr\/wp-json\/wp\/v2\/comments?post=550757"}],"version-history":[{"count":0,"href":"https:\/\/www.europesays.com\/fr\/wp-json\/wp\/v2\/posts\/550757\/revisions"}],"wp:featuredmedia":[{"embeddable":true,"href":"https:\/\/www.europesays.com\/fr\/wp-json\/wp\/v2\/media\/550758"}],"wp:attachment":[{"href":"https:\/\/www.europesays.com\/fr\/wp-json\/wp\/v2\/media?parent=550757"}],"wp:term":[{"taxonomy":"category","embeddable":true,"href":"https:\/\/www.europesays.com\/fr\/wp-json\/wp\/v2\/categories?post=550757"},{"taxonomy":"post_tag","embeddable":true,"href":"https:\/\/www.europesays.com\/fr\/wp-json\/wp\/v2\/tags?post=550757"}],"curies":[{"name":"wp","href":"https:\/\/api.w.org\/{rel}","templated":true}]}}