{"id":550759,"date":"2025-11-22T06:46:13","date_gmt":"2025-11-22T06:46:13","guid":{"rendered":"https:\/\/www.europesays.com\/fr\/550759\/"},"modified":"2025-11-22T06:46:13","modified_gmt":"2025-11-22T06:46:13","slug":"la-transformation-dun-appartement-du-quartier-latin-en-airbnb-netait-pas-du-gout-danne-hidalgo","status":"publish","type":"post","link":"https:\/\/www.europesays.com\/fr\/550759\/","title":{"rendered":"la transformation d&rsquo;un appartement du Quartier latin en Airbnb n&rsquo;\u00e9tait pas du go\u00fbt d&rsquo;Anne Hidalgo"},"content":{"rendered":"<p>                    Par<br \/>\n        <strong><br \/>\n            <a href=\"https:\/\/actu.fr\/auteur\/redaction-paris\" title=\"Consulter tous les articles de R\u00e9daction Paris\" target=\"_blank\" rel=\"noopener\">R\u00e9daction Paris<\/a><br \/>\n                    <\/strong><\/p>\n<p>        Publi\u00e9 le<\/p>\n<p>            22 nov. 2025 \u00e0 7h22        <\/p>\n<p>Les propri\u00e9taires d\u2019un local du <strong>5\u1d49 arrondissement de Paris<\/strong>\u00a0 voulaient le transformer en <strong>\u00ab\u00a0meubl\u00e9 de tourisme\u00a0\u00bb<\/strong> au c\u0153ur du <a href=\"https:\/\/actu.fr\/ile-de-france\/paris_75056\/pourquoi-le-quartier-latin-l-un-des-plus-connus-de-paris-s-appelle-ainsi_50395989.html\" target=\"_blank\" rel=\"noopener\">Quartier latin<\/a>. Mais la maire (PS) de la capitale, <a href=\"https:\/\/actu.fr\/tag\/anne-hidalgo\" target=\"_blank\" rel=\"noopener\">Anne Hidalgo<\/a>, ne l\u2019a pas entendu de la m\u00eame oreille. Le 2 ao\u00fbt 2022, elle s\u2019\u00e9tait en effet oppos\u00e9e au \u00ab\u00a0changement de destination\u00a0\u00bb de ce \u00ab\u00a0<a href=\"https:\/\/actu.fr\/tag\/logement\" target=\"_blank\" rel=\"noopener\">logement<\/a>\u00a0\u00bb situ\u00e9 au n\u00b061A rue Galande, pr\u00e8s du <a href=\"https:\/\/actu.fr\/ile-de-france\/paris_75056\/a-paris-cette-ancienne-station-de-metro-fantome-a-rouvert-apres-49-ans-voici-pourquoi_59049677.html\" target=\"_blank\" rel=\"noopener\">m\u00e9tro Cluny-La Sorbonne<\/a>. Ce projet \u00ab\u00a0contrevient aux dispositions (\u2026) du plan local d\u2019<a href=\"https:\/\/actu.fr\/tag\/urbanisme\" target=\"_blank\" rel=\"noopener\">urbanisme<\/a>\u00ab\u00a0, faisait valoir la <a href=\"https:\/\/actu.fr\/tag\/mairie-de-paris\" target=\"_blank\" rel=\"noopener\">Ville de Paris<\/a> arguant que le local se trouvait \u00ab\u00a0dans un secteur de protection de l\u2019habitation\u00a0\u00bb.<\/p>\n<p>Aucune mention d\u2019un logement \u00e0 destination commerciale<\/p>\n<p class=\" wall-content\">\u00ab\u00a0Le bien (\u2026) n\u2019a pas une destination d\u2019habitation mais une destination commerciale\u00a0\u00bb, lui r\u00e9p\u00e9taient pourtant un couple de Rueil-Malmaison (Hauts-de-Seine) qui poss\u00e8de cet appartement avec leur fils au sein d\u2019une soci\u00e9t\u00e9 civile immobili\u00e8re (SCI). Il n\u2019avait d\u2019ailleurs \u00ab\u00a0pas \u00e9t\u00e9 lou\u00e9 \u00e0 usage d\u2019habitation depuis la modification du r\u00e8glement de copropri\u00e9t\u00e9 de 2002\u00a0\u00bb. Pour eux, ledit local n\u2019\u00e9tait donc pas soumis \u00e0 ces r\u00e8gles de \u00ab\u00a0protection de l\u2019habitat\u00a0\u00bb contre la prolif\u00e9ration des logements <a href=\"https:\/\/actu.fr\/tag\/airbnb\" target=\"_blank\" rel=\"noopener\">Airbnb<\/a> \u00e0 Paris.<\/p>\n<p class=\" wall-content\">Ce directeur d\u2019agence bancaire, sa femme sans profession et leur fils officier de l\u2019arm\u00e9e de l\u2019air avaient dans ces conditions saisi le <a href=\"https:\/\/actu.fr\/tag\/tribunal-administratif-de-paris\" target=\"_blank\" rel=\"noopener\">tribunal administratif de Paris<\/a> pour contester cette d\u00e9cision, mais leur recours avait \u00e9t\u00e9 rejet\u00e9 en f\u00e9vrier 2024. Ils avaient donc fait appel du jugement.<\/p>\n<p class=\" wall-content\">\u00ab\u00a0Aucun \u00e9l\u00e9ment du dossier ne mentionne que le bien concern\u00e9 est \u00e0 destination commerciale\u00a0\u00bb, leur rappelle \u00e0 son tour la cour administrative d\u2019appel de Paris dans un arr\u00eat du 18 septembre 2025 qui vient d\u2019\u00eatre rendu public.<\/p>\n<p class=\" wall-content\">\u00ab\u00a0Il ressort (\u2026) de l\u2019acte de vente du local (\u2026) en date du 16 novembre 2018 (\u2026) que celui-ci est un appartement comprenant un salon, un coin nuit et une salle de bain avec WC, ce qui caract\u00e9rise une destination d\u2019habitation\u00a0\u00bb, rel\u00e8vent les juges parisiens.<\/p>\n<p class=\" wall-content\">\u00ab\u00a0Bien que le r\u00e8glement de copropri\u00e9t\u00e9 indique que le lot pourra \u00eatre utilis\u00e9 \u00e0 usage commercial, il ressort (\u2026) de l\u2019acte de vente (\u2026) que \u00ab\u00a0le vendeur d\u00e9clare que le bien est actuellement \u00e0 usage d\u2019habitation\u00a0\u00bb et que \u00ab\u00a0l\u2019acqu\u00e9reur entend conserver cet usage\u00a0\u00bb.<\/p>\n<p>Votre r\u00e9gion, votre actu !<\/p>\n<p>Recevez chaque jour les infos qui comptent pour vous.<\/p>\n<p>\t<a href=\"https:\/\/actu.fr\/newsletter\" class=\"ac-btn ac-btn--corner ac-btn--medium ac-btn--blue800\" target=\"_blank\" rel=\"noopener\">S&rsquo;incrire<\/a><\/p>\n<p class=\" wall-content\">\u00a0\u00bb Les propri\u00e9taires du \u00ab\u00a0local\u00a0\u00bb en question ont donc \u00e9t\u00e9 d\u00e9bout\u00e9s et devront verser 1 500 euros \u00e0 la Ville de Paris pour ses frais de justice.<\/p>\n<p class=\" wall-content\"><strong>MJ et GF\/PressPepper<\/strong><\/p>\n<p class=\" wall-content\">Personnalisez votre actualit\u00e9 en ajoutant vos villes et m\u00e9dias en favori avec <a href=\"https:\/\/moncompte.actu.fr\" title=\"D\u00e9couvez Mon Actu\" rel=\"nofollow noopener\" data-trk=\"{&quot;cta&quot;:{&quot;action&quot;:&quot;https:\\\/\\\/moncompte.actu.fr&quot;,&quot;category&quot;:&quot;mon compte&quot;,&quot;from&quot;:&quot;article footer&quot;,&quot;name&quot;:&quot;Mon actu&quot;,&quot;type&quot;:&quot;cta&quot;}}\" target=\"_blank\">Mon Actu<\/a>.<\/p>\n","protected":false},"excerpt":{"rendered":"Par R\u00e9daction Paris Publi\u00e9 le 22 nov. 2025 \u00e0 7h22 Les propri\u00e9taires d\u2019un local du 5\u1d49 arrondissement de&hellip;\n","protected":false},"author":2,"featured_media":550760,"comment_status":"","ping_status":"","sticky":false,"template":"","format":"standard","meta":{"footnotes":""},"categories":[1888],"tags":[1111,1928,11,1927,7345,1777,674,1011,27,2381,12,1926,626,1925,25,104,22321],"class_list":{"0":"post-550759","1":"post","2":"type-post","3":"status-publish","4":"format-standard","5":"has-post-thumbnail","7":"category-paris","8":"tag-actu","9":"tag-actu-paris","10":"tag-actualites","11":"tag-actualites-paris","12":"tag-airbnb","13":"tag-eu","14":"tag-europe","15":"tag-fr","16":"tag-france","17":"tag-mairie-de-paris","18":"tag-news","19":"tag-news-paris","20":"tag-paris","21":"tag-paris-news","22":"tag-republique-francaise","23":"tag-societe","24":"tag-tribunal-administratif-de-paris"},"share_on_mastodon":{"url":"https:\/\/pubeurope.com\/@fr\/115592009227585202","error":""},"_links":{"self":[{"href":"https:\/\/www.europesays.com\/fr\/wp-json\/wp\/v2\/posts\/550759","targetHints":{"allow":["GET"]}}],"collection":[{"href":"https:\/\/www.europesays.com\/fr\/wp-json\/wp\/v2\/posts"}],"about":[{"href":"https:\/\/www.europesays.com\/fr\/wp-json\/wp\/v2\/types\/post"}],"author":[{"embeddable":true,"href":"https:\/\/www.europesays.com\/fr\/wp-json\/wp\/v2\/users\/2"}],"replies":[{"embeddable":true,"href":"https:\/\/www.europesays.com\/fr\/wp-json\/wp\/v2\/comments?post=550759"}],"version-history":[{"count":0,"href":"https:\/\/www.europesays.com\/fr\/wp-json\/wp\/v2\/posts\/550759\/revisions"}],"wp:featuredmedia":[{"embeddable":true,"href":"https:\/\/www.europesays.com\/fr\/wp-json\/wp\/v2\/media\/550760"}],"wp:attachment":[{"href":"https:\/\/www.europesays.com\/fr\/wp-json\/wp\/v2\/media?parent=550759"}],"wp:term":[{"taxonomy":"category","embeddable":true,"href":"https:\/\/www.europesays.com\/fr\/wp-json\/wp\/v2\/categories?post=550759"},{"taxonomy":"post_tag","embeddable":true,"href":"https:\/\/www.europesays.com\/fr\/wp-json\/wp\/v2\/tags?post=550759"}],"curies":[{"name":"wp","href":"https:\/\/api.w.org\/{rel}","templated":true}]}}